{"id":881,"date":"2016-12-09T14:50:45","date_gmt":"2016-12-09T13:50:45","guid":{"rendered":"http:\/\/biblioteka.szemud.pl\/?p=881"},"modified":"2016-12-30T10:40:42","modified_gmt":"2016-12-30T09:40:42","slug":"jan-piepka-zawsze-z-nami","status":"publish","type":"post","link":"https:\/\/biblioteka.szemud.pl\/index.php\/2016\/12\/09\/jan-piepka-zawsze-z-nami\/","title":{"rendered":"Jan Piepka\u00a0zawsze z nami\u2026."},"content":{"rendered":"<p style=\"text-align: justify;\">Z uwagi na trwaj\u0105cy w Gminie Szemud &#8211; <strong><em>Rok Jana Piepki<\/em><\/strong> \u2013 Biblioteka Publiczna Gminy Szemud we wrze\u015bniu br. og\u0142osi\u0142a dwa konkursy. Jeden&nbsp; to <strong><em>konkurs wiedzy o \u017cyciu i&nbsp;tw\u00f3rczo\u015bci Jana Piepki<\/em><\/strong>, skierowany przede wszystkim do m\u0142odzie\u017cy gimnazjalnej. Zgodnie z opracowanym przez bibliotek\u0119 regulaminem uczestnicy winni&nbsp; wykaza\u0107 si\u0119&nbsp; cz\u0119\u015bciow\u0105 chocia\u017cby znajomo\u015bci\u0105 ksi\u0105\u017cki pt. \u201dPro memoria Jan Piepka (1926-2001)\u201d,&nbsp; opracowanej przez prof. J\u00f3zef Borzyszkowski. Wytypowali\u015bmy tutaj cz\u0119\u015b\u0107 II i VII tej ksi\u0105\u017cki, kt\u00f3re &nbsp;wg nas s\u0105&nbsp; najbardziej charakterystyczne i okre\u015blaj\u0105ce osobowo\u015b\u0107&nbsp; pisarza jak i dotycz\u0105ce spraw naszej gminy. Powo\u0142ani jurorzy Alfons Mi\u0142osz- przewodnicz\u0105cy oraz Panie Irena Piastowska i Maria Chustak po pierwszej turze przygotowanych prze przewodnicz\u0105cego komisji pyta\u0144 wy\u0142onili zwyci\u0119zc\u00f3w \u2013 &nbsp;pierwsze miejsce zdobyli uczniowie z gimnazjum z Luzina (dru\u017cyna w sk\u0142adzie: Rados\u0142aw Gruba, Aleksandra Wielewicka, Izabela Mutke), natomiast drugie miejsce uczennice z gimnazjum w Szemudzie (Krystyna W\u0119siora, Karolina Czerwionka, Julia Jankowska). Obie dru\u017cyny by\u0142y bardzo dobrze przygotowane Luzino zwyci\u0119\u017cy\u0142o 1 pkt. Tutaj trzeba zaznaczy\u0107 wspania\u0142y wk\u0142ad pracy zar\u00f3wno uczestnik\u00f3w jak i ich opiekun\u00f3w. Za co bardzo dzi\u0119kujemy.<\/p>\n<p style=\"text-align: justify;\">Drugi konkurs skierowany by\u0142 do uczni\u00f3w&nbsp; szk\u00f3\u0142 podstawowych. By\u0142 to konkurs plastyczny <strong><em>Jan Piepka widziany oczami dziecka<\/em><\/strong>. Na ten konkurs wp\u0142yn\u0119\u0142o ponad 100 prac ze szk\u00f3\u0142 podstawowych&nbsp; takich jak: Luzino, K\u0142\u0119bowo, Kolonia, Sychowo, Wyszecino. Da\u0142o si\u0119 &nbsp;tutaj zauwa\u017cy\u0107 du\u017c\u0105 aktywno\u015b\u0107 uczni\u00f3w spoza naszej gminy.<\/p>\n<p style=\"text-align: justify;\">Konkurs odby\u0142 si\u0119 w trzech kategoriach wiekowych. Komisja konkursowa: Karina Treder-przewodnicz\u0105ca oraz Iwona Piastowska, Joanna Formela, Irena Piastowska i Krystyna Malotka ocenia\u0142y wspania\u0142e prace i wysi\u0142ek m\u0142odych uczestnik\u00f3w.<\/p>\n<p style=\"text-align: justify;\"><strong>A oto efekty tej trudnej ale jak\u017ce przyjemnej decyzji &#8211;<\/strong><\/p>\n<p style=\"text-align: justify;\"><strong>W Kategorii grupa przedszkolna i klasy O<\/strong><\/p>\n<table style=\"width: 655px;\">\n<tbody>\n<tr style=\"height: 24px;\">\n<td style=\"width: 119px; height: 24px;\">I miejsce<\/td>\n<td style=\"width: 277px; height: 24px;\">Nikander Kankowski \u2013 Filipiak&nbsp;<\/td>\n<td style=\"width: 283px; height: 24px;\">SP Luzino&nbsp;&nbsp;&nbsp;&nbsp;&nbsp;&nbsp;&nbsp;&nbsp;&nbsp;&nbsp;&nbsp;&nbsp;<\/td>\n<\/tr>\n<tr style=\"height: 24px;\">\n<td style=\"width: 119px; height: 24px;\">II miejsce &nbsp;&nbsp;<\/td>\n<td style=\"width: 277px; height: 24px;\">Agata Bichowska &nbsp; &nbsp;<\/td>\n<td style=\"width: 283px; height: 24px;\">&nbsp;SP K\u0119b\u0142owo<\/td>\n<\/tr>\n<\/tbody>\n<\/table>\n<p style=\"text-align: justify;\">&nbsp;<\/p>\n<p style=\"text-align: left;\"><strong>W kategorii klas &nbsp;I-III<\/strong><\/p>\n<table style=\"height: 103px; width: 651px;\">\n<tbody>\n<tr style=\"height: 27px;\">\n<td style=\"width: 114px; height: 27px;\">I miejsce&nbsp;&nbsp;<\/td>\n<td style=\"width: 263px; height: 27px;\">Liliana Czerwionke&nbsp;&nbsp;<\/td>\n<td style=\"width: 256px; height: 27px;\">SP Luzino<\/td>\n<\/tr>\n<tr style=\"height: 27px;\">\n<td style=\"width: 114px; height: 27px;\">II miejsce&nbsp;<\/td>\n<td style=\"width: 263px; height: 27px;\">Adam Stenka&nbsp;<\/td>\n<td style=\"width: 256px; height: 27px;\">SP Sychowo<\/td>\n<\/tr>\n<tr style=\"height: 27px;\">\n<td style=\"width: 114px; height: 27px;\">III miejsce&nbsp;<\/td>\n<td style=\"width: 263px; height: 27px;\">Alina Gardocka<\/td>\n<td style=\"width: 256px; height: 27px;\">SP Bojano<\/td>\n<\/tr>\n<\/tbody>\n<\/table>\n<p style=\"text-align: left;\">&nbsp;<\/p>\n<p style=\"text-align: left;\"><strong><em>Wyr\u00f3\u017cnienia:&nbsp;<\/em><\/strong><\/p>\n<table style=\"width: 651px;\">\n<tbody>\n<tr>\n<td style=\"width: 240px;\">S\u0142awomir Krzy\u017cykowski&nbsp;<\/td>\n<td style=\"width: 419px;\">SP Kolonia<\/td>\n<\/tr>\n<tr>\n<td style=\"width: 240px;\">Wiktor Rychert &nbsp;<\/td>\n<td style=\"width: 419px;\">SP Kolonia<\/td>\n<\/tr>\n<tr>\n<td style=\"width: 240px;\">Amelia Bach &nbsp; &nbsp;<\/td>\n<td style=\"width: 419px;\">SP \u0141ebno<\/td>\n<\/tr>\n<\/tbody>\n<\/table>\n<p style=\"text-align: left;\"><strong><br \/>\nW kategorii klas &nbsp;IV-VI<\/strong><\/p>\n<table style=\"width: 651px;\">\n<tbody>\n<tr>\n<td style=\"width: 121px;\">I miejsce<\/td>\n<td style=\"width: 270px;\">Wiktoria Kostuch&nbsp;<\/td>\n<td style=\"width: 274px;\">SP&nbsp; Kolonia<\/td>\n<\/tr>\n<tr>\n<td style=\"width: 121px;\">ex aequo<\/td>\n<td style=\"width: 270px;\">Szymon Tobias<\/td>\n<td style=\"width: 274px;\">SP Luzino<\/td>\n<\/tr>\n<tr>\n<td style=\"width: 121px;\">II miejsce&nbsp;&nbsp;<\/td>\n<td style=\"width: 270px;\">Martyna Deyk&nbsp;&nbsp;&nbsp;<\/td>\n<td style=\"width: 274px;\">SP Kolonia&nbsp;&nbsp;<\/td>\n<\/tr>\n<tr>\n<td style=\"width: 121px;\">III miejsce<\/td>\n<td style=\"width: 270px;\">Dominika Okr\u00f3j&nbsp;<\/td>\n<td style=\"width: 274px;\">SP Wyszecino<\/td>\n<\/tr>\n<tr>\n<td style=\"width: 121px;\">ex aequo&nbsp;&nbsp;&nbsp;<\/td>\n<td style=\"width: 270px;\">Miko\u0142aj Kwidzi\u0144ski &nbsp; &nbsp;<\/td>\n<td style=\"width: 274px;\">SP Kolonia<\/td>\n<\/tr>\n<\/tbody>\n<\/table>\n<p style=\"text-align: left;\">&nbsp;<\/p>\n<p style=\"text-align: left;\"><strong><em>Wyr\u00f3\u017cnienie:&nbsp;<\/em><\/strong><\/p>\n<table style=\"width: 648px;\">\n<tbody>\n<tr>\n<td style=\"width: 245px;\">Natalia Czaja<\/td>\n<td style=\"width: 413px;\">SP \u0141ebno<\/td>\n<\/tr>\n<tr>\n<td style=\"width: 245px;\">&nbsp;Paulina Kepka<\/td>\n<td style=\"width: 413px;\">SP Sychowo<\/td>\n<\/tr>\n<tr>\n<td style=\"width: 245px;\">And\u017celika Miotk<\/td>\n<td style=\"width: 413px;\">SP \u0141ebno<\/td>\n<\/tr>\n<tr>\n<td style=\"width: 245px;\">Kacper Potrykus<\/td>\n<td style=\"width: 413px;\">SP K\u0119b\u0142owo<\/td>\n<\/tr>\n<\/tbody>\n<\/table>\n<p style=\"text-align: justify;\"><strong><em><br \/>\n&nbsp;Zwyci\u0119zcom serdecznie dzi\u0119kujemy i gratulujemy!<\/em><\/strong><\/p>\n<p style=\"text-align: justify;\"><strong>&nbsp;<\/strong><\/p>\n<p style=\"text-align: justify;\"><strong>Uroczyste podsumowanie konkurs\u00f3w odby\u0142o si\u0119 dnia 8 grudnia <\/strong>w bibliotece w&nbsp;\u0141ebnie, kt\u00f3rej patronem jest Jan Piepka i gdzie mie\u015bci si\u0119 Jego Izba Pami\u0119ci.<br \/>\nPrzybyli oczywi\u015bcie wszyscy uczestnicy, opiekunowie, jurorzy i zaproszeni go\u015bcie. By\u0142y dyplomy dla uczestnik\u00f3w a dla zwyci\u0119zc\u00f3w i wyr\u00f3\u017cnionych nagrody i ksi\u0105\u017cki. R\u00f3wnie\u017c do bibliotek gimnazjalnych trafi\u0142y ca\u0142e zestawy ksi\u0105\u017cek Jana Piepki, kt\u00f3re zapewne wzbogac\u0105 ich zbiory. Wr\u0119czenia dokona\u0142a Pani Przewodnicz\u0105ca Rady Gminy Aleksandra Perz co bardzo podnios\u0142o rang\u0119 ca\u0142emu wydarzeniu.<\/p>\n<p style=\"text-align: justify;\">Dzi\u0119kujemy wszystkim za&nbsp; zaanga\u017cowanie i tw\u00f3rczy zapa\u0142. Zach\u0119camy Was do dalszego poznawania postaci Jana Piepki. &nbsp;\u017byczymy dalszych sukces\u00f3w!<\/p>\n<p style=\"text-align: justify;\">Wyr\u00f3\u017cnione prace konkursowe mo\u017cna ogl\u0105da\u0107&nbsp; w Izbie Pami\u0119ci Jana Piepki w \u0141ebnie. Zapraszamy w godzinach pracy biblioteki.<\/p>\n<p style=\"text-align: justify;\"><em>&nbsp;<\/em><\/p>\n<p style=\"text-align: right;\"><em>&nbsp;&nbsp;&nbsp;&nbsp;&nbsp;&nbsp;&nbsp;&nbsp;&nbsp;&nbsp;&nbsp;&nbsp;&nbsp;&nbsp;&nbsp;&nbsp;&nbsp;&nbsp;&nbsp;&nbsp;&nbsp;&nbsp;&nbsp;&nbsp;&nbsp;&nbsp;&nbsp;&nbsp;&nbsp;&nbsp;&nbsp;&nbsp;&nbsp;&nbsp;&nbsp;&nbsp;&nbsp;&nbsp;&nbsp;&nbsp;&nbsp;&nbsp;&nbsp;&nbsp;&nbsp;&nbsp;&nbsp;&nbsp;&nbsp;&nbsp;&nbsp;&nbsp;&nbsp;&nbsp;&nbsp;&nbsp;&nbsp;&nbsp;&nbsp;&nbsp;&nbsp;&nbsp;&nbsp;&nbsp;&nbsp;&nbsp;&nbsp;&nbsp;&nbsp;&nbsp;&nbsp;&nbsp;&nbsp;&nbsp;&nbsp;&nbsp;&nbsp;&nbsp;&nbsp;&nbsp;&nbsp;&nbsp;&nbsp;&nbsp;&nbsp;&nbsp;&nbsp;&nbsp;&nbsp;&nbsp;&nbsp;&nbsp;&nbsp;&nbsp;&nbsp;&nbsp;&nbsp;&nbsp;&nbsp;&nbsp;&nbsp;&nbsp;&nbsp;&nbsp;&nbsp;&nbsp;&nbsp;&nbsp;&nbsp;&nbsp;&nbsp;&nbsp;&nbsp;&nbsp;&nbsp;&nbsp;&nbsp; &nbsp;&nbsp;&nbsp;&nbsp;&nbsp;&nbsp; Bibliotekarze<\/em><\/p>\n<p>[ngg_images source=&#8221;galleries&#8221; container_ids=&#8221;17&#8243; display_type=&#8221;photocrati-nextgen_basic_thumbnails&#8221; override_thumbnail_settings=&#8221;0&#8243; thumbnail_width=&#8221;240&#8243; thumbnail_height=&#8221;160&#8243; thumbnail_crop=&#8221;1&#8243; images_per_page=&#8221;20&#8243; number_of_columns=&#8221;0&#8243; ajax_pagination=&#8221;0&#8243; show_all_in_lightbox=&#8221;0&#8243; use_imagebrowser_effect=&#8221;0&#8243; show_slideshow_link=&#8221;1&#8243; slideshow_link_text=&#8221;[Pokaz zdj\u0119\u0107]&#8221; order_by=&#8221;sortorder&#8221; order_direction=&#8221;ASC&#8221; returns=&#8221;included&#8221; maximum_entity_count=&#8221;500&#8243;]&nbsp;<\/p>\n<p>&nbsp;<\/p>\n<p><a href=\"https:\/\/drive.google.com\/drive\/folders\/0Bwwr4ouiW3bNalF2YlllejJkUjg\" target=\"_blank\">Zapraszamy do pe\u0142nej galerii<\/a><\/p>\n<p>&nbsp;<\/p>\n","protected":false},"excerpt":{"rendered":"<div class=\"mh-excerpt\"><p>Z uwagi na trwaj\u0105cy w Gminie Szemud &#8211; Rok Jana Piepki \u2013 Biblioteka Publiczna Gminy Szemud we wrze\u015bniu br. og\u0142osi\u0142a dwa konkursy. Jeden&nbsp; to konkurs <a class=\"mh-excerpt-more\" href=\"https:\/\/biblioteka.szemud.pl\/index.php\/2016\/12\/09\/jan-piepka-zawsze-z-nami\/\" title=\"Jan Piepka\u00a0zawsze z nami\u2026.\">[&#8230;]<\/a><\/p>\n<\/div>","protected":false},"author":2,"featured_media":882,"comment_status":"closed","ping_status":"closed","sticky":false,"template":"","format":"standard","meta":{"_price":"","_stock":"","_tribe_ticket_header":"","_tribe_default_ticket_provider":"","_tribe_ticket_capacity":"0","_ticket_start_date":"","_ticket_end_date":"","_tribe_ticket_show_description":"","_tribe_ticket_show_not_going":false,"_tribe_ticket_use_global_stock":"","_tribe_ticket_global_stock_level":"","_global_stock_mode":"","_global_stock_cap":"","_tribe_rsvp_for_event":"","_tribe_ticket_going_count":"","_tribe_ticket_not_going_count":"","_tribe_tickets_list":"[]","_tribe_ticket_has_attendee_info_fields":false,"footnotes":""},"categories":[31],"tags":[],"class_list":["post-881","post","type-post","status-publish","format-standard","has-post-thumbnail","hentry","category-konkurs"],"_links":{"self":[{"href":"https:\/\/biblioteka.szemud.pl\/index.php\/wp-json\/wp\/v2\/posts\/881","targetHints":{"allow":["GET"]}}],"collection":[{"href":"https:\/\/biblioteka.szemud.pl\/index.php\/wp-json\/wp\/v2\/posts"}],"about":[{"href":"https:\/\/biblioteka.szemud.pl\/index.php\/wp-json\/wp\/v2\/types\/post"}],"author":[{"embeddable":true,"href":"https:\/\/biblioteka.szemud.pl\/index.php\/wp-json\/wp\/v2\/users\/2"}],"replies":[{"embeddable":true,"href":"https:\/\/biblioteka.szemud.pl\/index.php\/wp-json\/wp\/v2\/comments?post=881"}],"version-history":[{"count":10,"href":"https:\/\/biblioteka.szemud.pl\/index.php\/wp-json\/wp\/v2\/posts\/881\/revisions"}],"predecessor-version":[{"id":946,"href":"https:\/\/biblioteka.szemud.pl\/index.php\/wp-json\/wp\/v2\/posts\/881\/revisions\/946"}],"wp:featuredmedia":[{"embeddable":true,"href":"https:\/\/biblioteka.szemud.pl\/index.php\/wp-json\/wp\/v2\/media\/882"}],"wp:attachment":[{"href":"https:\/\/biblioteka.szemud.pl\/index.php\/wp-json\/wp\/v2\/media?parent=881"}],"wp:term":[{"taxonomy":"category","embeddable":true,"href":"https:\/\/biblioteka.szemud.pl\/index.php\/wp-json\/wp\/v2\/categories?post=881"},{"taxonomy":"post_tag","embeddable":true,"href":"https:\/\/biblioteka.szemud.pl\/index.php\/wp-json\/wp\/v2\/tags?post=881"}],"curies":[{"name":"wp","href":"https:\/\/api.w.org\/{rel}","templated":true}]}}