{"id":77922,"date":"2026-09-01T11:57:25","date_gmt":"2026-09-01T09:57:25","guid":{"rendered":"https:\/\/biblioteka.szemud.pl\/?p=77922"},"modified":"2026-09-01T11:57:25","modified_gmt":"2026-09-01T09:57:25","slug":"tropem-indianskich-opowiesci-noc-w-bibliotece","status":"publish","type":"post","link":"https:\/\/biblioteka.szemud.pl\/index.php\/2026\/09\/01\/tropem-indianskich-opowiesci-noc-w-bibliotece\/","title":{"rendered":"Tropem India\u0144skich Opowie\u015bci &#8211; Noc w Bibliotece"},"content":{"rendered":"\n<p style=\"text-align: center;\"><strong>\u201eKa\u017cda \u015bcie\u017cka prowadzi do opowie\u015bci, <\/strong><\/p>\n<p style=\"text-align: center;\"><strong>a ka\u017cda opowie\u015b\u0107 pozostawia \u015blad.\u201d<\/strong><\/p>\n<p><strong>\u00a0<\/strong><\/p>\n<p style=\"text-align: justify;\">Jak co roku Biblioteki Publiczne Gminy Szemud zaprosi\u0142y dzieci na wyj\u0105tkow\u0105 noc pe\u0142n\u0105 przyg\u00f3d, zabawy, odkrywania i wsp\u00f3lnego sp\u0119dzania czasu. Tegoroczna edycja \u201eNocy w Bibliotece\u201d przenios\u0142a m\u0142odych uczestnik\u00f3w w niezwyk\u0142y \u015bwiat Indian, tropicieli, tajemniczych map i legend.<\/p>\n<p style=\"text-align: justify;\">Spotkania odby\u0142y si\u0119 kolejno 5 sierpnia w Kielnie, 18 sierpnia w \u0141ebnie, 26 i 28 sierpnia w\u00a0Szemudzie. Ka\u017cda z tych nocy by\u0142a wyj\u0105tkow\u0105 przygod\u0105, podczas kt\u00f3rej biblioteka zamieni\u0142a si\u0119 w india\u0144sk\u0105 wiosk\u0119, a jej uczestnicy \u2013 w prawdziwych m\u0142odych tropicieli. Na dzieci czeka\u0142a specjalnie przygotowana fabu\u0142a. Dawno temu stra\u017cnikiem m\u0105dro\u015bci i przyja\u017ani by\u0142 legendarny Bia\u0142y Bizon. Pewnego dnia zagin\u0105\u0142 jego amulet. Aby uratowa\u0107 plemi\u0119, m\u0142odzi tropiciele musieli odnale\u017a\u0107 wszystkie fragmenty mapy, zdoby\u0107 symbole mocy i przej\u015b\u0107 seri\u0119 pr\u00f3b.<\/p>\n<p style=\"text-align: justify;\">Przygoda rozpoczyna\u0142a si\u0119 ju\u017c od samego wej\u015bcia do biblioteki. Ka\u017cde dziecko losowa\u0142o swoje nowe, india\u0144skie imi\u0119 przygotowane na specjalnym emblemacie. Nast\u0119pnie uczestnicy wybierali nazw\u0119 swojego plemienia i wymy\u015blali w\u0142asny okrzyk. Nie mog\u0142o zabrakn\u0105\u0107 r\u00f3wnie\u017c india\u0144skich barw \u2013 dzieci z du\u017cym entuzjazmem czeka\u0142y na malowanie twarzy, przygotowuj\u0105c si\u0119 do czekaj\u0105cych ich wyzwa\u0144. Ka\u017cdy m\u0142ody tropiciel otrzymywa\u0142 r\u00f3wnie\u017c swoj\u0105 kart\u0119 tropiciela lub fragment tajemniczej mapy. W zale\u017cno\u015bci od wariantu zabawy dzieci zbiera\u0142y piecz\u0105tki na kartach albo kompletowa\u0142y kolejne cz\u0119\u015bci mapy.<\/p>\n<p style=\"text-align: justify;\">Podczas kreatywnych warsztat\u00f3w dzieci wykona\u0142y w\u0142asne india\u0144skie pi\u00f3ropusze, kt\u00f3re sta\u0142y si\u0119 wyj\u0105tkow\u0105 pami\u0105tk\u0105 z tej niezwyk\u0142ej nocy. Nast\u0119pnie wyruszy\u0142y na tropy zwierz\u0105t. Zadanie polega\u0142o na odnalezieniu \u015blad\u00f3w i odgadni\u0119ciu, do jakich zwierz\u0105t nale\u017ca\u0142y. Na uczestnik\u00f3w czeka\u0142a tak\u017ce \u201eWielka wyprawa po bizony\u201d. W r\u00f3\u017cnych zak\u0105tkach biblioteki ukryto papierowe bizony. Na ich odwrocie znajdowa\u0142y si\u0119 litery, kt\u00f3re po odnalezieniu wszystkich zwierz\u0105t nale\u017ca\u0142o odpowiednio u\u0142o\u017cy\u0107. W ten spos\u00f3b m\u0142odzi tropiciele odkrywali wa\u017cne dla ca\u0142ej przygody has\u0142o: \u201ePRZYJA\u0179\u0143\u201d.<\/p>\n<p style=\"text-align: justify;\">Nie zabrak\u0142o r\u00f3wnie\u017c tajemnic i zagadek. Dzieci musia\u0142y rozwi\u0105za\u0107 obrazkowy szyfr \u2013 tajn\u0105 wiadomo\u015b\u0107 wodza. Ka\u017cde kolejne wykonane zadanie przybli\u017ca\u0142o ich do rozwi\u0105zania zagadki i\u00a0odnalezienia Bia\u0142ego Bizona. India\u0144skie pr\u00f3by nie ko\u0144czy\u0142y si\u0119 jednak w bibliotecznych murach. Na dzieci czeka\u0142y r\u00f3wnie\u017c zabawy na \u015bwie\u017cym powietrzu, podczas kt\u00f3rych mog\u0142y wykaza\u0107 si\u0119 sprawno\u015bci\u0105, szybko\u015bci\u0105 i sprytem. Jednym z wyzwa\u0144 by\u0142a \u201eprzeprawa przez rzek\u0119\u201d, czyli przej\u015bcie po linie z woreczkiem na g\u0142owie, tak aby nie spad\u0142, polowanie na bizony \u2013 str\u0105cenie pi\u0142k\u0105 odpowiedniego kr\u0119gla. By\u0142o du\u017co ruchu, \u015bmiechu i zdrowej rywalizacji, a\u00a0przede wszystkim \u2013 wsp\u00f3lnej zabawy.<\/p>\n<p style=\"text-align: justify;\">Wyj\u0105tkowym elementem tegorocznej \u201eNocy w Bibliotece\u201d by\u0142y r\u00f3wnie\u017c warsztaty przygotowane przez Wydawnictwo Zakamarki. Dzieci mog\u0142y dowiedzie\u0107 si\u0119 wi\u0119cej o historii Indian Navaho, pos\u0142ucha\u0107 niezwyk\u0142ej legendy o duchu Kokopelli, a nast\u0119pnie usypywali z kolorowych piask\u00f3w mit o stworzeniu \u015bwiata. By\u0142a to nie tylko \u015bwietna zabawa, ale r\u00f3wnie\u017c okazja do poznawania innych kultur, legend i opowie\u015bci.<\/p>\n<p style=\"text-align: justify;\">Po wszystkich wyprawach, pr\u00f3bach, zagadkach i warsztatach przyszed\u0142 czas na chwil\u0119 odpoczynku. Uczestnicy wsp\u00f3lnie zasiedli do pizzy, a nast\u0119pnie, ju\u017c w bardziej spokojnej atmosferze, obejrzeli seans filmowy przy du\u017cej porcji popcornu.<\/p>\n<p style=\"text-align: justify;\">Zm\u0119czeni, ale zadowoleni m\u0142odzi tropiciele mogli na koniec powiedzie\u0107, \u017ce ich misja zako\u0144czy\u0142a si\u0119 sukcesem. Uda\u0142o si\u0119 przej\u015b\u0107 wszystkie pr\u00f3by, odnale\u017a\u0107 ukryte wskaz\u00f3wki, rozszyfrowa\u0107 wiadomo\u015bci i przede wszystkim odkry\u0107 najwa\u017cniejsze przes\u0142anie ca\u0142ej wyprawy \u2013 przyja\u017a\u0144, wsp\u00f3\u0142praca i wsp\u00f3lna przygoda s\u0105 najwi\u0119kszym skarbem. W nagrod\u0119 m\u0142odzi tropiciele otrzymali pami\u0105tkowe dyplomy oraz ma\u0142\u0105 niespodziank\u0119.<\/p>\n<p style=\"text-align: justify;\">Tegoroczna \u201eNoc w Bibliotece\u201d pokaza\u0142a po raz kolejny, \u017ce biblioteka mo\u017ce by\u0107 nie tylko miejscem spotkania z ksi\u0105\u017ck\u0105, ale r\u00f3wnie\u017c przestrzeni\u0105 pe\u0142n\u0105 wyobra\u017ani, zabawy i niezwyk\u0142ych historii.<\/p>\n<p>Dzi\u0119kujemy wszystkim dzieciom za ich zaanga\u017cowanie, energi\u0119 i wspania\u0142\u0105 atmosfer\u0119.<\/p>\n<p>Do zobaczenia podczas kolejnej \u201eNocy w Bibliotece\u201d!<\/p>\n<p style=\"text-align: right;\">\u00a0\u00a0\u00a0\u00a0\u00a0\u00a0\u00a0\u00a0\u00a0\u00a0\u00a0\u00a0\u00a0\u00a0\u00a0\u00a0\u00a0\u00a0\u00a0\u00a0\u00a0\u00a0\u00a0\u00a0\u00a0\u00a0\u00a0\u00a0\u00a0\u00a0\u00a0\u00a0\u00a0\u00a0\u00a0\u00a0\u00a0\u00a0\u00a0\u00a0\u00a0\u00a0\u00a0\u00a0\u00a0\u00a0\u00a0\u00a0\u00a0\u00a0\u00a0\u00a0\u00a0\u00a0\u00a0\u00a0\u00a0\u00a0\u00a0\u00a0\u00a0\u00a0\u00a0\u00a0\u00a0\u00a0\u00a0\u00a0\u00a0\u00a0\u00a0\u00a0\u00a0\u00a0\u00a0\u00a0\u00a0\u00a0\u00a0\u00a0\u00a0\u00a0\u00a0\u00a0\u00a0\u00a0\u00a0\u00a0\u00a0\u00a0\u00a0\u00a0\u00a0\u00a0\u00a0\u00a0\u00a0\u00a0\u00a0\u00a0\u00a0\u00a0\u00a0\u00a0\u00a0\u00a0\u00a0\u00a0\u00a0\u00a0\u00a0\u00a0\u00a0\u00a0\u00a0\u00a0\u00a0\u00a0\u00a0\u00a0\u00a0\u00a0\u00a0\u00a0\u00a0\u00a0\u00a0\u00a0 <em>Bibliotekarze<\/em><\/p>\n<p>\u00a0<\/p>\n\n\n\n<object data=\"https:\/\/biblioteka.szemud.pl\/galeria\/index.php?\/category\/3110\"\n        width=\"100%\"\n        height=\"800\"\n        style=\"min-height: 800px;\"\n        type=\"text\/html\">\n<\/object>\n\n\n\n\n<object data=\"https:\/\/biblioteka.szemud.pl\/galeria\/index.php?\/category\/3119\"\n        width=\"100%\"\n        height=\"800\"\n        style=\"min-height: 800px;\"\n        type=\"text\/html\">\n<\/object>\n\n\n\n\n<object data=\"https:\/\/biblioteka.szemud.pl\/galeria\/index.php?\/category\/3132\"\n        width=\"100%\"\n        height=\"800\"\n        style=\"min-height: 800px;\"\n        type=\"text\/html\">\n<\/object>\n\n\n\n\n<object data=\"https:\/\/biblioteka.szemud.pl\/galeria\/index.php?\/category\/3131\"\n        width=\"100%\"\n        height=\"800\"\n        style=\"min-height: 800px;\"\n        type=\"text\/html\">\n<\/object>\n\n\n\n","protected":false},"excerpt":{"rendered":"<div class=\"mh-excerpt\"><p>\u201eKa\u017cda \u015bcie\u017cka prowadzi do opowie\u015bci, a ka\u017cda opowie\u015b\u0107 pozostawia \u015blad.\u201d \u00a0 Jak co roku Biblioteki Publiczne Gminy Szemud zaprosi\u0142y dzieci na wyj\u0105tkow\u0105 noc pe\u0142n\u0105 przyg\u00f3d, <a class=\"mh-excerpt-more\" href=\"https:\/\/biblioteka.szemud.pl\/index.php\/2026\/09\/01\/tropem-indianskich-opowiesci-noc-w-bibliotece\/\" title=\"Tropem India\u0144skich Opowie\u015bci &#8211; Noc w Bibliotece\">[&#8230;]<\/a><\/p>\n<\/div>","protected":false},"author":8,"featured_media":77923,"comment_status":"closed","ping_status":"closed","sticky":false,"template":"","format":"standard","meta":{"_price":"","_stock":"","_tribe_ticket_header":"","_tribe_default_ticket_provider":"","_tribe_ticket_capacity":"0","_ticket_start_date":"","_ticket_end_date":"","_tribe_ticket_show_description":"","_tribe_ticket_show_not_going":false,"_tribe_ticket_use_global_stock":"","_tribe_ticket_global_stock_level":"","_global_stock_mode":"","_global_stock_cap":"","_tribe_rsvp_for_event":"","_tribe_ticket_going_count":"","_tribe_ticket_not_going_count":"","_tribe_tickets_list":"[]","_tribe_ticket_has_attendee_info_fields":false,"footnotes":""},"categories":[11],"tags":[],"class_list":["post-77922","post","type-post","status-publish","format-standard","has-post-thumbnail","hentry","category-inne"],"_links":{"self":[{"href":"https:\/\/biblioteka.szemud.pl\/index.php\/wp-json\/wp\/v2\/posts\/77922","targetHints":{"allow":["GET"]}}],"collection":[{"href":"https:\/\/biblioteka.szemud.pl\/index.php\/wp-json\/wp\/v2\/posts"}],"about":[{"href":"https:\/\/biblioteka.szemud.pl\/index.php\/wp-json\/wp\/v2\/types\/post"}],"author":[{"embeddable":true,"href":"https:\/\/biblioteka.szemud.pl\/index.php\/wp-json\/wp\/v2\/users\/8"}],"replies":[{"embeddable":true,"href":"https:\/\/biblioteka.szemud.pl\/index.php\/wp-json\/wp\/v2\/comments?post=77922"}],"version-history":[{"count":1,"href":"https:\/\/biblioteka.szemud.pl\/index.php\/wp-json\/wp\/v2\/posts\/77922\/revisions"}],"predecessor-version":[{"id":77924,"href":"https:\/\/biblioteka.szemud.pl\/index.php\/wp-json\/wp\/v2\/posts\/77922\/revisions\/77924"}],"wp:featuredmedia":[{"embeddable":true,"href":"https:\/\/biblioteka.szemud.pl\/index.php\/wp-json\/wp\/v2\/media\/77923"}],"wp:attachment":[{"href":"https:\/\/biblioteka.szemud.pl\/index.php\/wp-json\/wp\/v2\/media?parent=77922"}],"wp:term":[{"taxonomy":"category","embeddable":true,"href":"https:\/\/biblioteka.szemud.pl\/index.php\/wp-json\/wp\/v2\/categories?post=77922"},{"taxonomy":"post_tag","embeddable":true,"href":"https:\/\/biblioteka.szemud.pl\/index.php\/wp-json\/wp\/v2\/tags?post=77922"}],"curies":[{"name":"wp","href":"https:\/\/api.w.org\/{rel}","templated":true}]}}