{"id":77918,"date":"2026-09-01T11:33:48","date_gmt":"2026-09-01T09:33:48","guid":{"rendered":"https:\/\/biblioteka.szemud.pl\/?p=77918"},"modified":"2026-09-01T11:34:27","modified_gmt":"2026-09-01T09:34:27","slug":"wakacje-pelne-pomyslow-zabawy-i-kreatywnosci-w-naszych-bibliotekach","status":"publish","type":"post","link":"https:\/\/biblioteka.szemud.pl\/index.php\/2026\/09\/01\/wakacje-pelne-pomyslow-zabawy-i-kreatywnosci-w-naszych-bibliotekach\/","title":{"rendered":"Wakacje pe\u0142ne pomys\u0142\u00f3w, zabawy i kreatywno\u015bci w naszych bibliotekach."},"content":{"rendered":"\n<p style=\"text-align: justify;\">Wakacje to doskona\u0142y czas na odpoczynek, zabaw\u0119 i rozwijanie w\u0142asnych pasji. W tym roku Biblioteki Publiczne Gminy Szemud przygotowa\u0142y dla dzieci kilka ciekawych spotka\u0144, podczas kt\u00f3rych nie zabrak\u0142o kreatywno\u015bci, ruchu, u\u015bmiechu i wsp\u00f3lnego sp\u0119dzania czasu.<\/p>\n<p style=\"text-align: justify;\">Wakacyjny cykl rozpocz\u0105\u0142 si\u0119 9 lipca 2026 r<strong>.<\/strong>, gdzie w bibliotece w Szemudzie odby\u0142y si\u0119 warsztaty kreatywne \u201ePodwodny \u015bwiat\u201d. Podczas zaj\u0119\u0107 dzieci da\u0142y si\u0119 ponie\u015b\u0107 wyobra\u017ani i\u00a0stworzy\u0142y kolorowe rybki oraz zabawne o\u015bmiornice. Cho\u0107 tematem przewodnim by\u0142 podwodny \u015bwiat, w\u015br\u00f3d prac pojawi\u0142 si\u0119 r\u00f3wnie\u017c\u2026 paj\u0105k! Jak wida\u0107, dzieci\u0119ca kreatywno\u015b\u0107 nie zna granic, a wyobra\u017ania potrafi zabra\u0107 nas nawet w najbardziej nieoczekiwane miejsca.<\/p>\n<p style=\"text-align: justify;\">16 i 23 lipca w bibliotece w \u0141ebnie, a w ramach cyklu \u201eWakacje w Bibliotece\u201d, odby\u0142y si\u0119 kreatywne czwartki. Dzieci tworzy\u0142y niezwyk\u0142e prace z kolorowych drucik\u00f3w kreatywnych. Powsta\u0142y pi\u0119kne bransoletki, kolorowe kwiatki oraz r\u00f3\u017cnorodne zwierz\u0105tka. Ka\u017cdy uczestnik m\u00f3g\u0142 wykaza\u0107 si\u0119 w\u0142asnym pomys\u0142em i stworzy\u0107 co\u015b wyj\u0105tkowego. Podczas kolejnego czwartku dzieci zamieni\u0142y zwyk\u0142e drewniane patyczki po lodach w praktyczne i kolorowe przyborniki na pisaki. Zaj\u0119cia by\u0142y okazj\u0105 do rozwijania zdolno\u015bci manualnych, kreatywno\u015bci i\u00a0cierpliwo\u015bci. Ka\u017cdy przybornik by\u0142 inny, poniewa\u017c dzieci mog\u0142y samodzielnie zdecydowa\u0107 o\u00a0jego wygl\u0105dzie i\u00a0sposobie ozdobienia. Z kolei 21 oraz 28 lipca r\u00f3wnie\u017c w \u0141ebnie przyszed\u0142 czas na troch\u0119 ruchu! Podczas aktywnych wtork\u00f3w dzieci bra\u0142y udzia\u0142 w licznych konkurencjach ruchowych i\u00a0zr\u0119czno\u015bciowych. Najwi\u0119ksz\u0105 atrakcj\u0105 okaza\u0142o si\u0119 tworzenie ogromnych baniek mydlanych, kt\u00f3re wywo\u0142a\u0142y mn\u00f3stwo zachwytu. By\u0142o du\u017co \u015bmiechu, zdrowej rywalizacji, energii i wsp\u00f3lnej zabawy.<\/p>\n<p style=\"text-align: justify;\">24 lipca w bibliotece w\u00a0Kielnie odby\u0142y si\u0119 wyj\u0105tkowe warsztaty kreatywne inspirowane Ba\u0142tykiem. Dzieci tworzy\u0142y przepi\u0119kne obrazki, wykorzystuj\u0105c prawdziwe skarby znalezione na brzegu morza \u2013 muszelki, kamyki, patyczki i inne dary natury. Ka\u017cda praca by\u0142a niepowtarzalna i pe\u0142na dzieci\u0119cej wyobra\u017ani. Wsp\u00f3lne tworzenie przynios\u0142o uczestnikom wiele rado\u015bci i by\u0142o doskona\u0142\u0105 okazj\u0105 do pokazania, \u017ce inspiracj\u0119 mo\u017cna znale\u017a\u0107 w\u0142a\u015bciwie wsz\u0119dzie \u2013 wystarczy tylko dobrze si\u0119 rozejrze\u0107.<\/p>\n<p style=\"text-align: justify;\">W ka\u017cdy wtorek sierpnia Biblioteka zaprasza\u0142a wszystkich na kolejn\u0105 edycj\u0119 Filmowych Wakacji w\u00a0Centrum Samorz\u0105dowym. Projekcje filmowe cieszy\u0142y si\u0119 du\u017cym zainteresowaniem. Sala kinowa w CS wype\u0142nia\u0142a si\u0119 m\u0142odymi widzami, kt\u00f3rzy przybywali do nas ca\u0142ymi rodzinami razem z rodzicami, rodze\u0144stwem czy dziadkami.\u00a0 Wsp\u00f3lne ogl\u0105danie film\u00f3w by\u0142o okazj\u0105 do odpoczynku, spotkania z r\u00f3wie\u015bnikami i sp\u0119dzenia czasu w mi\u0142ej, wakacyjnej atmosferze. Frekwencja dopisa\u0142a, a u\u015bmiechy najm\u0142odszych widz\u00f3w by\u0142y najlepszym dowodem na to, \u017ce wakacje z bibliotek\u0105 mog\u0105 mie\u0107 wiele r\u00f3\u017cnych ods\u0142on \u2013 r\u00f3wnie\u017c filmow\u0105! Dzi\u0119kujemy bardzo Paniom z KGW Kaszubski Kamie\u0144, kt\u00f3re zrobi\u0142y wszystkim niespodziank\u0119 i na zako\u0144czenie filmowych wakacji przyjecha\u0142y do nas i ka\u017cdy uczestnik otrzyma\u0142 na seans popcorn i\u00a0lemoniad\u0119. Taki niewielki gest, a ile da\u0142 nam wszystkim rado\u015bci.<\/p>\n<p style=\"text-align: justify;\">12 sierpnia w bibliotece w Szemudzie odby\u0142 si\u0119 wyj\u0105tkowy warsztat\u00a0 \u201eKwiatowa Kraina Kreatywno\u015bci\u201d. Dzieci da\u0142y si\u0119 ponie\u015b\u0107 wyobra\u017ani i stworzy\u0142y niezwyk\u0142\u0105 dekoracj\u0119 z kwiat\u00f3w oraz unikatowe, kwiatowe zak\u0142adki do ksi\u0105\u017cek. By\u0142o kolorowo, rado\u015bnie i bardzo tw\u00f3rczo! Ka\u017cdy uczestnik m\u00f3g\u0142 wykaza\u0107 si\u0119 pomys\u0142owo\u015bci\u0105. Ju\u017c wiemy, \u017ce w naszej bibliotece kreatywno\u015b\u0107 kwitnie!<\/p>\n<p style=\"text-align: justify;\">18 sierpnia biblioteka w Szemudzie mia\u0142a przyjemno\u015b\u0107 go\u015bci\u0107 grup\u0119 uczestnik\u00f3w OREW w\u00a0Kielnie wraz z opiekunami. Podczas wizyty nasi go\u015bcie zwiedzili bibliotek\u0119, poznali jej codzienn\u0105 dzia\u0142alno\u015b\u0107 i zajrzeli w jej zakamarki. Nast\u0119pnie mieli okazj\u0119 zwiedzi\u0107 budynek Centrum Samorz\u0105dowego w Szemudzie oraz odwiedzi\u0107 gabinet Pana W\u00f3jta, poznaj\u0105c miejsce jego codziennej pracy. Na zako\u0144czenie spotkania uczestnicy obejrzeli wsp\u00f3lnie seans filmowy. By\u0142 to czas pe\u0142en u\u015bmiechu, ciekawych wra\u017ce\u0144 i mi\u0142ej atmosfery. Serdecznie dzi\u0119kujemy za odwiedziny, wsp\u00f3lnie sp\u0119dzony czas i mn\u00f3stwo pozytywnej energii.<\/p>\n<p style=\"text-align: justify;\">\u00a021 sierpnia w bibliotece w \u0141ebnie zrobi\u0142o si\u0119 naprawd\u0119\u2026 plansz\u00f3wkowo! Podczas \u201ePlansz\u00f3wkowego Zawrotu G\u0142owy\u201d dzieci rywalizowa\u0142y ze sob\u0105, graj\u0105c w r\u00f3\u017cnorodne gry planszowe. Nie zabrak\u0142o emocji, zdrowej rywalizacji, strategicznego my\u015blenia i oczywi\u015bcie dobrej zabawy. Ka\u017cda rozgrywka by\u0142a okazj\u0105 do sprawdzenia swoich umiej\u0119tno\u015bci, a przede wszystkim do wsp\u00f3lnego sp\u0119dzenia czasu przy plansz\u00f3wkach. 25 sierpnia wakacyjne spotkania w Bibliotece Publicznej w \u0141ebnie wkroczy\u0142y w \u015bwiat nowoczesnych technologii. Podczas warsztat\u00f3w z robotyki LEGO Mindstorms dzieci budowa\u0142y w\u0142asnego je\u017cd\u017c\u0105cego robota Basic. Uczestnicy poznawali podstawy konstruowania i programowania, a nast\u0119pnie sprawdzali, czy ich roboty poradz\u0105 sobie z przygotowanymi zadaniami. By\u0142a to \u015bwietna okazja do nauki poprzez zabaw\u0119, rozwijania logicznego my\u015blenia, kreatywno\u015bci oraz umiej\u0119tno\u015bci pracy z\u00a0technologi\u0105.<\/p>\n<p style=\"text-align: justify;\">Wakacyjne spotkania w bibliotekach pokaza\u0142y, \u017ce biblioteka mo\u017ce by\u0107 miejscem pe\u0142nym r\u00f3\u017cnorodnych do\u015bwiadcze\u0144 \u2013 zar\u00f3wno tw\u00f3rczych, jak i ruchowych, technologicznych czy kulturalnych. Dzieci mia\u0142y okazj\u0119 rozwija\u0107 swoje talenty, poznawa\u0107 nowe techniki, eksperymentowa\u0107, bawi\u0107 si\u0119, ogl\u0105da\u0107 filmy, rywalizowa\u0107 przy plansz\u00f3wkach oraz odkrywa\u0107 fascynuj\u0105cy \u015bwiat robotyki.<\/p>\n<p style=\"text-align: justify;\">Dzi\u0119kujemy wszystkim dzieciom za ich pomys\u0142owo\u015b\u0107, zaanga\u017cowanie, u\u015bmiechy i\u00a0niesko\u0144czon\u0105 wyobra\u017ani\u0119, a tak\u017ce wszystkim, kt\u00f3rzy pomogli w organizacji wakacyjnych spotka\u0144. Mamy nadziej\u0119, \u017ce wsp\u00f3lnie sp\u0119dzone chwile pozostan\u0105 mi\u0142ym wakacyjnym wspomnieniem, a\u00a0biblioteka b\u0119dzie dla naszych m\u0142odych czytelnik\u00f3w miejscem, do kt\u00f3rego zawsze warto wraca\u0107.<\/p>\n<p style=\"text-align: right;\">\u00a0 \u00a0 \u00a0 \u00a0 \u00a0 \u00a0 \u00a0 \u00a0 \u00a0 \u00a0 \u00a0 \u00a0 \u00a0 \u00a0 \u00a0 \u00a0 \u00a0 \u00a0 \u00a0 \u00a0 \u00a0 \u00a0 \u00a0 \u00a0 \u00a0 \u00a0 \u00a0 \u00a0 \u00a0 \u00a0 \u00a0 \u00a0 \u00a0 \u00a0 \u00a0 \u00a0 \u00a0 \u00a0 \u00a0 \u00a0 \u00a0 \u00a0 \u00a0 \u00a0 \u00a0 \u00a0 \u00a0 \u00a0 \u00a0 \u00a0 \u00a0 \u00a0 \u00a0 \u00a0 \u00a0 \u00a0 \u00a0 \u00a0 \u00a0 \u00a0 \u00a0 \u00a0 \u00a0 \u00a0 \u00a0 \u00a0 \u00a0 \u00a0 \u00a0 \u00a0 \u00a0 \u00a0 \u00a0 \u00a0 \u00a0 \u00a0 \u00a0 \u00a0 \u00a0 \u00a0 \u00a0 \u00a0 \u00a0 \u00a0 \u00a0 \u00a0 \u00a0 \u00a0 \u00a0 \u00a0 \u00a0 \u00a0 \u00a0 \u00a0 \u00a0 \u00a0 \u00a0 \u00a0 \u00a0 \u00a0 \u00a0 \u00a0 \u00a0 \u00a0 \u00a0 \u00a0 \u00a0 \u00a0 \u00a0 \u00a0 \u00a0 \u00a0 \u00a0 \u00a0 \u00a0 \u00a0 \u00a0 \u00a0 \u00a0 \u00a0 \u00a0 \u00a0 \u00a0 \u00a0 \u00a0 \u00a0 \u00a0 \u00a0 \u00a0 \u00a0 \u00a0 \u00a0 \u00a0 \u00a0 \u00a0 \u00a0 \u00a0 \u00a0 \u00a0 \u00a0 \u00a0 \u00a0 \u00a0 \u00a0 \u00a0 \u00a0 \u00a0 \u00a0 <em>Bibliotekarze<\/em><\/p>\n\n\n\n<object data=\"https:\/\/biblioteka.szemud.pl\/galeria\/index.php?\/category\/523\"\n        width=\"100%\"\n        height=\"800\"\n        style=\"min-height: 800px;\"\n        type=\"text\/html\">\n<\/object>\n\n\n\n\n<object data=\"https:\/\/biblioteka.szemud.pl\/galeria\/index.php?\/category\/651\"\n        width=\"100%\"\n        height=\"800\"\n        style=\"min-height: 800px;\"\n        type=\"text\/html\">\n<\/object>\n\n\n\n\n<object data=\"https:\/\/biblioteka.szemud.pl\/galeria\/index.php?\/category\/1\"\n        width=\"100%\"\n        height=\"800\"\n        style=\"min-height: 800px;\"\n        type=\"text\/html\">\n<\/object>\n\n\n\n","protected":false},"excerpt":{"rendered":"<div class=\"mh-excerpt\"><p>Wakacje to doskona\u0142y czas na odpoczynek, zabaw\u0119 i rozwijanie w\u0142asnych pasji. W tym roku Biblioteki Publiczne Gminy Szemud przygotowa\u0142y dla dzieci kilka ciekawych spotka\u0144, podczas <a class=\"mh-excerpt-more\" href=\"https:\/\/biblioteka.szemud.pl\/index.php\/2026\/09\/01\/wakacje-pelne-pomyslow-zabawy-i-kreatywnosci-w-naszych-bibliotekach\/\" title=\"Wakacje pe\u0142ne pomys\u0142\u00f3w, zabawy i kreatywno\u015bci w naszych bibliotekach.\">[&#8230;]<\/a><\/p>\n<\/div>","protected":false},"author":8,"featured_media":77919,"comment_status":"closed","ping_status":"closed","sticky":false,"template":"","format":"standard","meta":{"_price":"","_stock":"","_tribe_ticket_header":"","_tribe_default_ticket_provider":"","_tribe_ticket_capacity":"0","_ticket_start_date":"","_ticket_end_date":"","_tribe_ticket_show_description":"","_tribe_ticket_show_not_going":false,"_tribe_ticket_use_global_stock":"","_tribe_ticket_global_stock_level":"","_global_stock_mode":"","_global_stock_cap":"","_tribe_rsvp_for_event":"","_tribe_ticket_going_count":"","_tribe_ticket_not_going_count":"","_tribe_tickets_list":"[]","_tribe_ticket_has_attendee_info_fields":false,"footnotes":""},"categories":[1],"tags":[],"class_list":["post-77918","post","type-post","status-publish","format-standard","has-post-thumbnail","hentry","category-bez-kategorii"],"_links":{"self":[{"href":"https:\/\/biblioteka.szemud.pl\/index.php\/wp-json\/wp\/v2\/posts\/77918","targetHints":{"allow":["GET"]}}],"collection":[{"href":"https:\/\/biblioteka.szemud.pl\/index.php\/wp-json\/wp\/v2\/posts"}],"about":[{"href":"https:\/\/biblioteka.szemud.pl\/index.php\/wp-json\/wp\/v2\/types\/post"}],"author":[{"embeddable":true,"href":"https:\/\/biblioteka.szemud.pl\/index.php\/wp-json\/wp\/v2\/users\/8"}],"replies":[{"embeddable":true,"href":"https:\/\/biblioteka.szemud.pl\/index.php\/wp-json\/wp\/v2\/comments?post=77918"}],"version-history":[{"count":2,"href":"https:\/\/biblioteka.szemud.pl\/index.php\/wp-json\/wp\/v2\/posts\/77918\/revisions"}],"predecessor-version":[{"id":77921,"href":"https:\/\/biblioteka.szemud.pl\/index.php\/wp-json\/wp\/v2\/posts\/77918\/revisions\/77921"}],"wp:featuredmedia":[{"embeddable":true,"href":"https:\/\/biblioteka.szemud.pl\/index.php\/wp-json\/wp\/v2\/media\/77919"}],"wp:attachment":[{"href":"https:\/\/biblioteka.szemud.pl\/index.php\/wp-json\/wp\/v2\/media?parent=77918"}],"wp:term":[{"taxonomy":"category","embeddable":true,"href":"https:\/\/biblioteka.szemud.pl\/index.php\/wp-json\/wp\/v2\/categories?post=77918"},{"taxonomy":"post_tag","embeddable":true,"href":"https:\/\/biblioteka.szemud.pl\/index.php\/wp-json\/wp\/v2\/tags?post=77918"}],"curies":[{"name":"wp","href":"https:\/\/api.w.org\/{rel}","templated":true}]}}