{"id":77205,"date":"2026-03-10T13:37:51","date_gmt":"2026-03-10T12:37:51","guid":{"rendered":"https:\/\/biblioteka.szemud.pl\/?p=77205"},"modified":"2026-03-10T13:37:51","modified_gmt":"2026-03-10T12:37:51","slug":"jan-piepka-25-rocznica-smierci","status":"publish","type":"post","link":"https:\/\/biblioteka.szemud.pl\/index.php\/2026\/03\/10\/jan-piepka-25-rocznica-smierci\/","title":{"rendered":"Jan Piepka &#8211; 25 rocznica \u015bmierci"},"content":{"rendered":"\n<p style=\"text-align: center;\"><strong>\u201eNiech nicht nie jidze ze mn\u0105 i nie depce p\u00f2 m\u00f2jim c\u00e9niu. S\u00f2m jem i s\u00f2m chc\u0105 b\u00ebc w m\u00f2jim przeznaczeniu. T\u00e9\u017c s\u00f2m zm\u00f2dl\u00e3 zdrowaszci z m\u00f2ji lateczny k\u00f2rinczi i w m\u00f2jim \u00f2statnym dniu rozniec\u00e3 \u00f2gnist\u00e9 zw\u00f2nczi. Niech ted\u00eb nicht nie jidze za mn\u0105 p\u00f2 m\u00f2ji stegne. Chc\u00e3 b\u00ebc s\u00f2m czej jani\u00f3\u0142 dobri i z\u0142i do mnie przebiegnie\u201d<\/strong><\/p>\n<p style=\"text-align: center;\"><strong>&nbsp;&nbsp;&nbsp;&nbsp;&nbsp;&nbsp;&nbsp;&nbsp;&nbsp;&nbsp;&nbsp;&nbsp;&nbsp;&nbsp;&nbsp;&nbsp;&nbsp;&nbsp;&nbsp;&nbsp;&nbsp;&nbsp;&nbsp;&nbsp;&nbsp;&nbsp;&nbsp;&nbsp;&nbsp;&nbsp;&nbsp;&nbsp;&nbsp;&nbsp;&nbsp;&nbsp;&nbsp;&nbsp;&nbsp;&nbsp;&nbsp;&nbsp;&nbsp;&nbsp;&nbsp;&nbsp;&nbsp;&nbsp;&nbsp;&nbsp;&nbsp;&nbsp;&nbsp;&nbsp;&nbsp;&nbsp;&nbsp;&nbsp;&nbsp;&nbsp;&nbsp;&nbsp;&nbsp;&nbsp;&nbsp;&nbsp;&nbsp;&nbsp;&nbsp;&nbsp;&nbsp;&nbsp;&nbsp;&nbsp;&nbsp;&nbsp;&nbsp;&nbsp;&nbsp;&nbsp;&nbsp; Kamiszczi \u201eProsba\u201d \u2013 J. Piepka<\/strong><\/p>\n<p><strong>&nbsp;<\/strong><\/p>\n<p style=\"text-align: justify;\">7 marca 2026 roku odby\u0142o si\u0119 uroczyste spotkanie upami\u0119tniaj\u0105ce 25. rocznic\u0119 \u015bmierci <strong>Jana Piepki<\/strong> \u2013 patrona Biblioteki Publicznej w \u0141ebnie. Tegoroczne obchody mia\u0142y szczeg\u00f3lny charakter, poniewa\u017c rok 2026 jest r\u00f3wnie\u017c rokiem upami\u0119tniaj\u0105cym 100. rocznic\u0119 urodzin poety, kt\u00f3rego tw\u00f3rczo\u015b\u0107 na trwa\u0142e wpisa\u0142a si\u0119 w kultur\u0119 Kaszub.<\/p>\n<p style=\"text-align: justify;\">Uroczysto\u015bci rozpocz\u0119\u0142y si\u0119 o godzinie 16:00 msz\u0105 \u015bwi\u0119t\u0105 w Ko\u015bciele Matki Bo\u017cej Kr\u00f3lowej Polski w \u0141ebnie. Po nabo\u017ce\u0144stwie rodzina, przyjaciele oraz bibliotekarze udali si\u0119 na gr\u00f3b pisarza, gdzie zapalono znicze i w modlitwie oddano ho\u0142d jego pami\u0119ci. By\u0142 to moment skupienia i refleksji nad \u017cyciem oraz dorobkiem autora, kt\u00f3ry ca\u0142ym sercem by\u0142 zwi\u0105zany z&nbsp;ziemi\u0105 kaszubsk\u0105.<\/p>\n<p style=\"text-align: justify;\">Nast\u0119pnie zaproszeni go\u015bcie udali si\u0119 do biblioteki, gdzie mie\u015bci si\u0119 Izba Pami\u0119ci Patrona. W&nbsp;serdecznej, pe\u0142nej wspomnie\u0144 atmosferze przywo\u0142ywano tw\u00f3rczo\u015b\u0107 poety, jego wra\u017cliwo\u015b\u0107 na pi\u0119kno rodzinnej ziemi oraz trosk\u0119 o zachowanie kaszubskiej tradycji i j\u0119zyka. Wspominano r\u00f3wnie\u017c jego dzia\u0142alno\u015b\u0107 spo\u0142eczn\u0105 i literack\u0105, dzi\u0119ki kt\u00f3rej kultura regionu zyska\u0142a silny i&nbsp;rozpoznawalny g\u0142os. Bardzo mi\u0142ym akcentem by\u0142a niespodzianka przygotowana dla ka\u017cdego z go\u015bci przez pani\u0105 dr Joann\u0119 Herman w postaci fragment\u00f3w poezji i prozy pisarza.<\/p>\n<p style=\"text-align: justify;\">Posta\u0107 Jana Piepki sk\u0142ania do refleksji nad tym, jak wielk\u0105 rol\u0119 w \u017cyciu cz\u0142owieka odgrywaj\u0105 korzenie i przywi\u0105zanie do miejsca, z kt\u00f3rego si\u0119 pochodzi. Jego poezja pokazuje, \u017ce nawet ma\u0142a ojczyzna mo\u017ce sta\u0107 si\u0119 niewyczerpanym \u017ar\u00f3d\u0142em inspiracji, a pami\u0119\u0107 o niej mo\u017cna zachowa\u0107 w s\u0142owie, kt\u00f3re przetrwa pokolenia. Dzi\u0119ki takim tw\u00f3rcom kultura Kaszub wci\u0105\u017c \u017cyje \u2013 w j\u0119zyku, w literaturze i w pami\u0119ci ludzi.<\/p>\n<p style=\"text-align: justify;\">Zwie\u0144czeniem spotkania by\u0142y wsp\u00f3lne zdj\u0119cia oraz wpisy do ksi\u0119gi pami\u0105tkowej, kt\u00f3re sta\u0142y si\u0119 symbolicznym wyrazem pami\u0119ci i wdzi\u0119czno\u015bci wobec patrona biblioteki.<\/p>\n<p>&nbsp;&nbsp;&nbsp;&nbsp;&nbsp;&nbsp;&nbsp;&nbsp;&nbsp;&nbsp;&nbsp;&nbsp;&nbsp;&nbsp;&nbsp;&nbsp;&nbsp;&nbsp;&nbsp;&nbsp;&nbsp;&nbsp;&nbsp;&nbsp;&nbsp;&nbsp;&nbsp;&nbsp;&nbsp;&nbsp;&nbsp;&nbsp;&nbsp;&nbsp;&nbsp;&nbsp;&nbsp;&nbsp;&nbsp;&nbsp;&nbsp;&nbsp;&nbsp;&nbsp;&nbsp;&nbsp;&nbsp;&nbsp;&nbsp;&nbsp;&nbsp;&nbsp;&nbsp;&nbsp;&nbsp;&nbsp;&nbsp;&nbsp;&nbsp;&nbsp;&nbsp;&nbsp;&nbsp;&nbsp;&nbsp;&nbsp;&nbsp;&nbsp;&nbsp;&nbsp;&nbsp;&nbsp;&nbsp;&nbsp;&nbsp;&nbsp;&nbsp;&nbsp;&nbsp;&nbsp;&nbsp;&nbsp;&nbsp;&nbsp;&nbsp;&nbsp;&nbsp;&nbsp;&nbsp;&nbsp;&nbsp;&nbsp;&nbsp;&nbsp;&nbsp;&nbsp;&nbsp;&nbsp;&nbsp;&nbsp;&nbsp;&nbsp;&nbsp;&nbsp;&nbsp;&nbsp;&nbsp;&nbsp;&nbsp;&nbsp;&nbsp;&nbsp;&nbsp;&nbsp;&nbsp;&nbsp;&nbsp;&nbsp;&nbsp;&nbsp;&nbsp;&nbsp;&nbsp;&nbsp;&nbsp;&nbsp;&nbsp;&nbsp; &nbsp;&nbsp; <em>Gra\u017cyna Lis<\/em><\/p>\n<p>&nbsp;<\/p>\n\n\n\n\n\n<figure id=\"attachment_77207\" aria-describedby=\"caption-attachment-77207\" style=\"width: 300px\" class=\"wp-caption alignnone\"><img loading=\"lazy\" decoding=\"async\" class=\"size-medium wp-image-77207\" src=\"https:\/\/biblioteka.szemud.pl\/wp-content\/uploads\/2026\/03\/trashed-1775631570-IMG20260307163359_01-300x261.jpg\" alt=\"\" width=\"300\" height=\"261\" srcset=\"https:\/\/biblioteka.szemud.pl\/wp-content\/uploads\/2026\/03\/trashed-1775631570-IMG20260307163359_01-300x261.jpg 300w, https:\/\/biblioteka.szemud.pl\/wp-content\/uploads\/2026\/03\/trashed-1775631570-IMG20260307163359_01-1024x891.jpg 1024w, https:\/\/biblioteka.szemud.pl\/wp-content\/uploads\/2026\/03\/trashed-1775631570-IMG20260307163359_01-768x668.jpg 768w, https:\/\/biblioteka.szemud.pl\/wp-content\/uploads\/2026\/03\/trashed-1775631570-IMG20260307163359_01-1536x1337.jpg 1536w, https:\/\/biblioteka.szemud.pl\/wp-content\/uploads\/2026\/03\/trashed-1775631570-IMG20260307163359_01-2048x1782.jpg 2048w\" sizes=\"auto, (max-width: 300px) 100vw, 300px\" \/><figcaption id=\"caption-attachment-77207\" class=\"wp-caption-text\">????????????<\/figcaption><\/figure>\n<p><img loading=\"lazy\" decoding=\"async\" class=\"alignnone size-medium wp-image-77208\" src=\"https:\/\/biblioteka.szemud.pl\/wp-content\/uploads\/2026\/03\/IMG-20260307-WA0024-1-300x225.jpg\" alt=\"\" width=\"300\" height=\"225\" srcset=\"https:\/\/biblioteka.szemud.pl\/wp-content\/uploads\/2026\/03\/IMG-20260307-WA0024-1-300x225.jpg 300w, https:\/\/biblioteka.szemud.pl\/wp-content\/uploads\/2026\/03\/IMG-20260307-WA0024-1-1024x768.jpg 1024w, https:\/\/biblioteka.szemud.pl\/wp-content\/uploads\/2026\/03\/IMG-20260307-WA0024-1-768x576.jpg 768w, https:\/\/biblioteka.szemud.pl\/wp-content\/uploads\/2026\/03\/IMG-20260307-WA0024-1-1536x1152.jpg 1536w, https:\/\/biblioteka.szemud.pl\/wp-content\/uploads\/2026\/03\/IMG-20260307-WA0024-1-678x509.jpg 678w, https:\/\/biblioteka.szemud.pl\/wp-content\/uploads\/2026\/03\/IMG-20260307-WA0024-1-326x245.jpg 326w, https:\/\/biblioteka.szemud.pl\/wp-content\/uploads\/2026\/03\/IMG-20260307-WA0024-1-80x60.jpg 80w, https:\/\/biblioteka.szemud.pl\/wp-content\/uploads\/2026\/03\/IMG-20260307-WA0024-1.jpg 1600w\" sizes=\"auto, (max-width: 300px) 100vw, 300px\" \/><\/p>\n<figure id=\"attachment_77209\" aria-describedby=\"caption-attachment-77209\" style=\"width: 300px\" class=\"wp-caption alignnone\"><img loading=\"lazy\" decoding=\"async\" class=\"size-medium wp-image-77209\" src=\"https:\/\/biblioteka.szemud.pl\/wp-content\/uploads\/2026\/03\/IMG20260307165858-300x225.jpg\" alt=\"\" width=\"300\" height=\"225\" srcset=\"https:\/\/biblioteka.szemud.pl\/wp-content\/uploads\/2026\/03\/IMG20260307165858-300x225.jpg 300w, https:\/\/biblioteka.szemud.pl\/wp-content\/uploads\/2026\/03\/IMG20260307165858-1024x768.jpg 1024w, https:\/\/biblioteka.szemud.pl\/wp-content\/uploads\/2026\/03\/IMG20260307165858-768x576.jpg 768w, https:\/\/biblioteka.szemud.pl\/wp-content\/uploads\/2026\/03\/IMG20260307165858-1536x1152.jpg 1536w, https:\/\/biblioteka.szemud.pl\/wp-content\/uploads\/2026\/03\/IMG20260307165858-2048x1536.jpg 2048w, https:\/\/biblioteka.szemud.pl\/wp-content\/uploads\/2026\/03\/IMG20260307165858-678x509.jpg 678w, https:\/\/biblioteka.szemud.pl\/wp-content\/uploads\/2026\/03\/IMG20260307165858-326x245.jpg 326w, https:\/\/biblioteka.szemud.pl\/wp-content\/uploads\/2026\/03\/IMG20260307165858-80x60.jpg 80w\" sizes=\"auto, (max-width: 300px) 100vw, 300px\" \/><figcaption id=\"caption-attachment-77209\" class=\"wp-caption-text\">oplus_262144<\/figcaption><\/figure>\n<figure id=\"attachment_77210\" aria-describedby=\"caption-attachment-77210\" style=\"width: 300px\" class=\"wp-caption alignnone\"><img loading=\"lazy\" decoding=\"async\" class=\"size-medium wp-image-77210\" src=\"https:\/\/biblioteka.szemud.pl\/wp-content\/uploads\/2026\/03\/IMG20260307165909-300x225.jpg\" alt=\"\" width=\"300\" height=\"225\" srcset=\"https:\/\/biblioteka.szemud.pl\/wp-content\/uploads\/2026\/03\/IMG20260307165909-300x225.jpg 300w, https:\/\/biblioteka.szemud.pl\/wp-content\/uploads\/2026\/03\/IMG20260307165909-1024x768.jpg 1024w, https:\/\/biblioteka.szemud.pl\/wp-content\/uploads\/2026\/03\/IMG20260307165909-768x576.jpg 768w, https:\/\/biblioteka.szemud.pl\/wp-content\/uploads\/2026\/03\/IMG20260307165909-1536x1152.jpg 1536w, https:\/\/biblioteka.szemud.pl\/wp-content\/uploads\/2026\/03\/IMG20260307165909-2048x1536.jpg 2048w, https:\/\/biblioteka.szemud.pl\/wp-content\/uploads\/2026\/03\/IMG20260307165909-678x509.jpg 678w, https:\/\/biblioteka.szemud.pl\/wp-content\/uploads\/2026\/03\/IMG20260307165909-326x245.jpg 326w, https:\/\/biblioteka.szemud.pl\/wp-content\/uploads\/2026\/03\/IMG20260307165909-80x60.jpg 80w\" sizes=\"auto, (max-width: 300px) 100vw, 300px\" \/><figcaption id=\"caption-attachment-77210\" class=\"wp-caption-text\">oplus_262144<\/figcaption><\/figure>\n<figure id=\"attachment_77211\" aria-describedby=\"caption-attachment-77211\" style=\"width: 300px\" class=\"wp-caption alignnone\"><img loading=\"lazy\" decoding=\"async\" class=\"size-medium wp-image-77211\" src=\"https:\/\/biblioteka.szemud.pl\/wp-content\/uploads\/2026\/03\/IMG20260307173024-300x225.jpg\" alt=\"\" width=\"300\" height=\"225\" srcset=\"https:\/\/biblioteka.szemud.pl\/wp-content\/uploads\/2026\/03\/IMG20260307173024-300x225.jpg 300w, https:\/\/biblioteka.szemud.pl\/wp-content\/uploads\/2026\/03\/IMG20260307173024-1024x768.jpg 1024w, https:\/\/biblioteka.szemud.pl\/wp-content\/uploads\/2026\/03\/IMG20260307173024-768x576.jpg 768w, https:\/\/biblioteka.szemud.pl\/wp-content\/uploads\/2026\/03\/IMG20260307173024-1536x1152.jpg 1536w, https:\/\/biblioteka.szemud.pl\/wp-content\/uploads\/2026\/03\/IMG20260307173024-2048x1536.jpg 2048w, https:\/\/biblioteka.szemud.pl\/wp-content\/uploads\/2026\/03\/IMG20260307173024-678x509.jpg 678w, https:\/\/biblioteka.szemud.pl\/wp-content\/uploads\/2026\/03\/IMG20260307173024-326x245.jpg 326w, https:\/\/biblioteka.szemud.pl\/wp-content\/uploads\/2026\/03\/IMG20260307173024-80x60.jpg 80w\" sizes=\"auto, (max-width: 300px) 100vw, 300px\" \/><figcaption id=\"caption-attachment-77211\" class=\"wp-caption-text\">oplus_262144<\/figcaption><\/figure>\n<figure id=\"attachment_77212\" aria-describedby=\"caption-attachment-77212\" style=\"width: 225px\" class=\"wp-caption alignnone\"><img loading=\"lazy\" decoding=\"async\" class=\"size-medium wp-image-77212\" src=\"https:\/\/biblioteka.szemud.pl\/wp-content\/uploads\/2026\/03\/IMG20260307173146-225x300.jpg\" alt=\"\" width=\"225\" height=\"300\" srcset=\"https:\/\/biblioteka.szemud.pl\/wp-content\/uploads\/2026\/03\/IMG20260307173146-225x300.jpg 225w, https:\/\/biblioteka.szemud.pl\/wp-content\/uploads\/2026\/03\/IMG20260307173146-768x1024.jpg 768w, https:\/\/biblioteka.szemud.pl\/wp-content\/uploads\/2026\/03\/IMG20260307173146-1152x1536.jpg 1152w, https:\/\/biblioteka.szemud.pl\/wp-content\/uploads\/2026\/03\/IMG20260307173146-1536x2048.jpg 1536w, https:\/\/biblioteka.szemud.pl\/wp-content\/uploads\/2026\/03\/IMG20260307173146-scaled.jpg 1920w\" sizes=\"auto, (max-width: 225px) 100vw, 225px\" \/><figcaption id=\"caption-attachment-77212\" class=\"wp-caption-text\">oplus_262176<\/figcaption><\/figure>\n","protected":false},"excerpt":{"rendered":"<div class=\"mh-excerpt\"><p>\u201eNiech nicht nie jidze ze mn\u0105 i nie depce p\u00f2 m\u00f2jim c\u00e9niu. S\u00f2m jem i s\u00f2m chc\u0105 b\u00ebc w m\u00f2jim przeznaczeniu. T\u00e9\u017c s\u00f2m zm\u00f2dl\u00e3 zdrowaszci <a class=\"mh-excerpt-more\" href=\"https:\/\/biblioteka.szemud.pl\/index.php\/2026\/03\/10\/jan-piepka-25-rocznica-smierci\/\" title=\"Jan Piepka &#8211; 25 rocznica \u015bmierci\">[&#8230;]<\/a><\/p>\n<\/div>","protected":false},"author":8,"featured_media":77206,"comment_status":"closed","ping_status":"closed","sticky":false,"template":"","format":"standard","meta":{"_price":"","_stock":"","_tribe_ticket_header":"","_tribe_default_ticket_provider":"","_tribe_ticket_capacity":"","_ticket_start_date":"","_ticket_end_date":"","_tribe_ticket_show_description":"","_tribe_ticket_show_not_going":false,"_tribe_ticket_use_global_stock":"","_tribe_ticket_global_stock_level":"","_global_stock_mode":"","_global_stock_cap":"","_tribe_rsvp_for_event":"","_tribe_ticket_going_count":"","_tribe_ticket_not_going_count":"","_tribe_tickets_list":"[]","_tribe_ticket_has_attendee_info_fields":false,"footnotes":""},"categories":[11],"tags":[],"class_list":["post-77205","post","type-post","status-publish","format-standard","has-post-thumbnail","hentry","category-inne"],"_links":{"self":[{"href":"https:\/\/biblioteka.szemud.pl\/index.php\/wp-json\/wp\/v2\/posts\/77205","targetHints":{"allow":["GET"]}}],"collection":[{"href":"https:\/\/biblioteka.szemud.pl\/index.php\/wp-json\/wp\/v2\/posts"}],"about":[{"href":"https:\/\/biblioteka.szemud.pl\/index.php\/wp-json\/wp\/v2\/types\/post"}],"author":[{"embeddable":true,"href":"https:\/\/biblioteka.szemud.pl\/index.php\/wp-json\/wp\/v2\/users\/8"}],"replies":[{"embeddable":true,"href":"https:\/\/biblioteka.szemud.pl\/index.php\/wp-json\/wp\/v2\/comments?post=77205"}],"version-history":[{"count":1,"href":"https:\/\/biblioteka.szemud.pl\/index.php\/wp-json\/wp\/v2\/posts\/77205\/revisions"}],"predecessor-version":[{"id":77213,"href":"https:\/\/biblioteka.szemud.pl\/index.php\/wp-json\/wp\/v2\/posts\/77205\/revisions\/77213"}],"wp:featuredmedia":[{"embeddable":true,"href":"https:\/\/biblioteka.szemud.pl\/index.php\/wp-json\/wp\/v2\/media\/77206"}],"wp:attachment":[{"href":"https:\/\/biblioteka.szemud.pl\/index.php\/wp-json\/wp\/v2\/media?parent=77205"}],"wp:term":[{"taxonomy":"category","embeddable":true,"href":"https:\/\/biblioteka.szemud.pl\/index.php\/wp-json\/wp\/v2\/categories?post=77205"},{"taxonomy":"post_tag","embeddable":true,"href":"https:\/\/biblioteka.szemud.pl\/index.php\/wp-json\/wp\/v2\/tags?post=77205"}],"curies":[{"name":"wp","href":"https:\/\/api.w.org\/{rel}","templated":true}]}}