{"id":75177,"date":"2026-01-14T14:53:05","date_gmt":"2026-01-14T13:53:05","guid":{"rendered":"https:\/\/biblioteka.szemud.pl\/?p=75177"},"modified":"2026-01-14T14:53:05","modified_gmt":"2026-01-14T13:53:05","slug":"rozstrzygniecia-konkursow-plastycznych-2","status":"publish","type":"post","link":"https:\/\/biblioteka.szemud.pl\/index.php\/2026\/01\/14\/rozstrzygniecia-konkursow-plastycznych-2\/","title":{"rendered":"ROZSTRZYGNI\u0118CIA KONKURS\u00d3W PLASTYCZNYCH"},"content":{"rendered":"\n<p><strong>\u201eM\u00f3j \u015bwi\u0119ty Jan Pawe\u0142 II\u201d; \u201eUlubiony bohater bajkowy\u201d; \u201e\u015awi\u0119ta Rodzina\u201d<\/strong><\/p>\n<p style=\"text-align: justify;\">W pa\u017adzierniku i listopadzie, jak co roku, Biblioteka Publiczna Gminy Szemud og\u0142osi\u0142a konkursy plastyczne, kt\u00f3re od lat ciesz\u0105 si\u0119 du\u017c\u0105 popularno\u015bci\u0105 w\u015br\u00f3d dzieci i m\u0142odzie\u017cy. R\u00f3wnie\u017c w tym roku m\u0142odzi arty\u015bci nie zawiedli, co by\u0142o mo\u017cliwe dzi\u0119ki bardzo dobrej wsp\u00f3\u0142pracy ze szko\u0142ami. Liczba nades\u0142anych prac by\u0142a imponuj\u0105ca \u2013 na wszystkie konkursy \u0142\u0105cznie wp\u0142yn\u0119\u0142o a\u017c 181 prac.<\/p>\n<p style=\"text-align: justify;\">Dnia 1 grudnia 2025r. w Bibliotece Publicznej w Szemudzie zebra\u0142a si\u0119 komisja konkursowa w sk\u0142adzie: Iwona Piastowska \u2013 przewodnicz\u0105ca; Joanna Formela; Ma\u0142gorzata Kowalewska; Renata Czoska, kt\u00f3ra dokona\u0142a oceny prac oraz wy\u0142oni\u0142a laureat\u00f3w pierwszego konkursu plastycznego pt. <strong>\u201eM\u00f3j \u015bwi\u0119ty Jan Pawe\u0142 II\u201d<\/strong>. Konkurs ten nawi\u0105zywa\u0142 do obchod\u00f3w dnia 22 pa\u017adziernika i by\u0142 po\u015bwi\u0119cony postaci Wielkiego Papie\u017ca Polaka. Nagrodzeni:<\/p>\n<p><strong>Kategoria I: Grupy przedszkolne i kl. \u201e0\u201d <\/strong>(24 prac)<\/p>\n<p>I miejsce&nbsp;&nbsp;&nbsp;&nbsp;&nbsp;&nbsp;&nbsp;&nbsp; &#8211;&nbsp;&nbsp;&nbsp;&nbsp;&nbsp;&nbsp;&nbsp;&nbsp;&nbsp;&nbsp; Emanuela Bach ex aequo Natalia Zaj\u0105czkowska<\/p>\n<p>II miejsce&nbsp;&nbsp;&nbsp;&nbsp;&nbsp;&nbsp;&nbsp; &#8211;&nbsp;&nbsp;&nbsp;&nbsp;&nbsp;&nbsp;&nbsp;&nbsp;&nbsp;&nbsp; Zofia Rompa ex aequo Michalina Polaszek<\/p>\n<p>III miejsce&nbsp;&nbsp;&nbsp;&nbsp;&nbsp;&nbsp; &#8211;&nbsp;&nbsp;&nbsp;&nbsp;&nbsp;&nbsp;&nbsp;&nbsp;&nbsp;&nbsp; Lila Starosta ex aequo Agata Stenka<\/p>\n<p>Wyr\u00f3\u017cnienie:&nbsp;&nbsp;&nbsp;&nbsp;&nbsp;&nbsp;&nbsp;&nbsp;&nbsp;&nbsp;&nbsp;&nbsp;&nbsp; Nikola Trepczyk, Borys Brzeski, Szymon Potrykus, Maja Draws,<\/p>\n<p>&nbsp; &nbsp; &nbsp; &nbsp; &nbsp; &nbsp; &nbsp; &nbsp; &nbsp; &nbsp; &nbsp; &nbsp; &nbsp; &nbsp; &nbsp; &nbsp; &nbsp; &nbsp;Oliwia&nbsp; Kwidzi\u0144ska, Anna Maszota, Julia Pranszke, Marcelina Klawikowska<\/p>\n<p><strong>Kategoria II: Kl. I <\/strong><strong>\u2013 III <\/strong>(17 prac)<\/p>\n<p>I miejsce&nbsp;&nbsp;&nbsp;&nbsp;&nbsp;&nbsp;&nbsp;&nbsp; &#8211; &nbsp;&nbsp;&nbsp;&nbsp;&nbsp;&nbsp;&nbsp;&nbsp;&nbsp; Zuzanna Miotk ex aequo Gabriel Bach<\/p>\n<p>II miejsce&nbsp;&nbsp;&nbsp;&nbsp;&nbsp;&nbsp;&nbsp; &#8211; &nbsp;&nbsp;&nbsp;&nbsp;&nbsp;&nbsp;&nbsp;&nbsp;&nbsp; Klaudia Matyjasik ex aequo Szymon Trojanowski<\/p>\n<p>III miejsce&nbsp;&nbsp;&nbsp;&nbsp;&nbsp;&nbsp; &#8211; &nbsp;&nbsp;&nbsp;&nbsp;&nbsp;&nbsp;&nbsp;&nbsp;&nbsp; Antoni Walder<\/p>\n<p>Wyr\u00f3\u017cnienie:&nbsp; &nbsp;&nbsp;&nbsp;&nbsp;&nbsp;&nbsp;&nbsp;&nbsp;&nbsp;&nbsp;&nbsp; Sara Waldowska, Patrycja Pranczke, Agata Goch, Adam Szweda,<\/p>\n<p>&nbsp; &nbsp; &nbsp; &nbsp; &nbsp; &nbsp; &nbsp; &nbsp; &nbsp; &nbsp; &nbsp; &nbsp; &nbsp; &nbsp; &nbsp; &nbsp; &nbsp; &nbsp;Oliwia Piastowska, Martyna Kahs, Laura Malinowska<\/p>\n<p><strong>Kategoria III: Kl. IV \u2013 VI <\/strong>(35 prac)<strong>&nbsp;&nbsp;&nbsp; <\/strong><\/p>\n<p>I miejsce&nbsp;&nbsp;&nbsp;&nbsp;&nbsp;&nbsp;&nbsp;&nbsp; &#8211;&nbsp;&nbsp;&nbsp;&nbsp;&nbsp;&nbsp;&nbsp;&nbsp;&nbsp;&nbsp; Magdalena Kupc<\/p>\n<p>II miejsce&nbsp;&nbsp;&nbsp;&nbsp;&nbsp;&nbsp;&nbsp; &#8211; &nbsp;&nbsp;&nbsp;&nbsp;&nbsp;&nbsp;&nbsp;&nbsp;&nbsp; Eliza Waldowska ex aequo Amelia G\u0142ombiowska<\/p>\n<p>III miejsce&nbsp;&nbsp;&nbsp;&nbsp;&nbsp;&nbsp; &#8211;&nbsp;&nbsp;&nbsp;&nbsp;&nbsp;&nbsp;&nbsp;&nbsp;&nbsp;&nbsp; Monika Kanka ex aequo Maciej Trojanowski<\/p>\n<p>Wyr\u00f3\u017cnienie:&nbsp; &nbsp;&nbsp;&nbsp;&nbsp;&nbsp;&nbsp;&nbsp;&nbsp;&nbsp;&nbsp;&nbsp; Lena Kummer, Maria Dawidowska, Nikola Faltynowska, Julia Lezner,<\/p>\n<p>&nbsp; &nbsp; &nbsp; &nbsp; &nbsp; &nbsp; &nbsp; &nbsp; &nbsp; &nbsp; &nbsp; &nbsp; &nbsp; &nbsp; &nbsp; &nbsp; &nbsp; &nbsp;Bart\u0142omiej Bach, Wiktoria Kreft, Nel Szczygie\u0142, Magdalena Szweda, Nadia Gruba,&nbsp; &nbsp; &nbsp; &nbsp; &nbsp; &nbsp; &nbsp; &nbsp; &nbsp; &nbsp; &nbsp; &nbsp; &nbsp; &nbsp; &nbsp; &nbsp; &nbsp; &nbsp; &nbsp; &nbsp; &nbsp; &nbsp;Zofia Oczk<\/p>\n<p><strong>Kategoria IV: Kl. VII \u2013 VIII <\/strong>(8 prac)<strong>&nbsp;&nbsp; <\/strong><\/p>\n<p>I miejsce&nbsp;&nbsp;&nbsp;&nbsp;&nbsp;&nbsp;&nbsp;&nbsp; &#8211;&nbsp;&nbsp;&nbsp;&nbsp;&nbsp;&nbsp;&nbsp;&nbsp;&nbsp;&nbsp; Jan Czajkowski<\/p>\n<p>II miejsce&nbsp;&nbsp;&nbsp;&nbsp;&nbsp;&nbsp;&nbsp; &#8211; &nbsp;&nbsp;&nbsp;&nbsp;&nbsp;&nbsp;&nbsp;&nbsp;&nbsp; Marcin Labuda<\/p>\n<p>III miejsce&nbsp;&nbsp;&nbsp;&nbsp;&nbsp;&nbsp; &#8211;&nbsp;&nbsp;&nbsp;&nbsp;&nbsp;&nbsp;&nbsp;&nbsp;&nbsp;&nbsp; Filip&nbsp; Trojanowski<\/p>\n<p>Wyr\u00f3\u017cnienie:&nbsp; &nbsp;&nbsp;&nbsp;&nbsp;&nbsp;&nbsp;&nbsp;&nbsp;&nbsp;&nbsp;&nbsp; Otylia Wenta, Lena Waldowska<\/p>\n<p>&nbsp;<\/p>\n<p style=\"text-align: justify;\">Dnia 03.12.2025 r. w Bibliotece w Szemudzie, komisja konkursowa w sk\u0142adzie:<em> Iwona Piastowska \u2013 przewodnicz\u0105ca; Gra\u017cyna Lis; Ma\u0142gorzata Kowalewska, <\/em>rozstrzygn\u0119\u0142a i&nbsp;wytypowa\u0142a laureat\u00f3w dw\u00f3ch konkurs\u00f3w plastycznych:<\/p>\n<p style=\"text-align: justify;\">&nbsp;&nbsp;&nbsp;&nbsp;&nbsp;&nbsp;&nbsp;&nbsp;&nbsp;&nbsp;&nbsp; Konkurs <strong>\u201eUlubiony bohater bajkowy\u201d <\/strong>skierowany by\u0142 do dzieci przedszkolnych i&nbsp;nauczania wczesnoszkolnego, a jego cel to m.in. propagowanie tradycji obchod\u00f3w \u015awiatowego Dnia Postaci z Bajek, promowanie czytelnictwa oraz literatury dzieci\u0119cej. Zwyci\u0119scy:<\/p>\n<p><strong>Kategoria I: dzieci w wieku 3 \u2013 4 lat <\/strong>(10 prac)<\/p>\n<p>I miejsce&nbsp;&nbsp;&nbsp;&nbsp;&nbsp;&nbsp;&nbsp;&nbsp; &#8211;&nbsp;&nbsp;&nbsp;&nbsp;&nbsp;&nbsp;&nbsp;&nbsp;&nbsp;&nbsp; Julia Sikorska ex aequo Jan Hirsz<\/p>\n<p>II miejsce&nbsp;&nbsp;&nbsp;&nbsp;&nbsp;&nbsp;&nbsp; &#8211;&nbsp;&nbsp;&nbsp;&nbsp;&nbsp;&nbsp;&nbsp;&nbsp;&nbsp;&nbsp; Natan Lieske ex aequo Sandra Stenka ex aequo Natalia Zaj\u0105czkowska<\/p>\n<p>III miejsce &nbsp;&nbsp;&nbsp;&nbsp;&nbsp; &#8211; &nbsp;&nbsp;&nbsp;&nbsp;&nbsp;&nbsp;&nbsp;&nbsp;&nbsp; Wiktoria Tiszer ex aequo Maurycy Stenka<\/p>\n<p>Wyr\u00f3\u017cnienie:&nbsp; &nbsp;&nbsp;&nbsp;&nbsp;&nbsp;&nbsp;&nbsp;&nbsp;&nbsp;&nbsp; Lea Krauze, Michalina Wick, Bianka Labudda<\/p>\n<p><strong>Kategoria II: dzieci w wieku 5 \u2013 6 lat <\/strong>(11 prac)<\/p>\n<p>I miejsce&nbsp;&nbsp;&nbsp;&nbsp;&nbsp;&nbsp;&nbsp;&nbsp; &#8211; &nbsp;&nbsp;&nbsp;&nbsp;&nbsp;&nbsp;&nbsp;&nbsp;&nbsp; Agata Stenka ex aequo Jan Sikorski<\/p>\n<p>II miejsce&nbsp;&nbsp;&nbsp;&nbsp;&nbsp;&nbsp;&nbsp; &#8211; &nbsp;&nbsp;&nbsp;&nbsp;&nbsp;&nbsp;&nbsp;&nbsp;&nbsp; Kacper Labuda<\/p>\n<p>III miejsce&nbsp;&nbsp;&nbsp;&nbsp;&nbsp;&nbsp; &#8211; &nbsp;&nbsp;&nbsp;&nbsp;&nbsp;&nbsp;&nbsp;&nbsp;&nbsp; Mia Krauze ex aequo Emanuela Bach<\/p>\n<p>Wyr\u00f3\u017cnienie:&nbsp; &nbsp; &nbsp; &nbsp; &nbsp; &nbsp; &nbsp; &nbsp;Dominik Wicki, Leon Lamparski, Micha\u0142 Grombliniak, Nikola Trepczyk,<\/p>\n<p>&nbsp; &nbsp; &nbsp; &nbsp; &nbsp; &nbsp; &nbsp; &nbsp; &nbsp; &nbsp; &nbsp; &nbsp; &nbsp; &nbsp; &nbsp; &nbsp; &nbsp; &nbsp; Mateusz Rzeszut, Julia Pranszke<\/p>\n<p><strong>Kategoria III: dzieci w wieku 7 \u2013 9 lat <\/strong>(30 prac)&nbsp;&nbsp;&nbsp;&nbsp;<\/p>\n<p>I miejsce&nbsp;&nbsp;&nbsp;&nbsp;&nbsp;&nbsp;&nbsp;&nbsp; &#8211;&nbsp;&nbsp;&nbsp;&nbsp;&nbsp;&nbsp;&nbsp;&nbsp;&nbsp;&nbsp; Filip Hirsz ex aequo Szymon Trojanowski ex aequo Gabriel Bach<\/p>\n<p>II miejsce&nbsp;&nbsp;&nbsp;&nbsp;&nbsp;&nbsp;&nbsp; &#8211; &nbsp;&nbsp;&nbsp;&nbsp;&nbsp;&nbsp;&nbsp;&nbsp;&nbsp; Patrycja Pranczke ex aequo Lena Merchel ex aequo Dorota Labuda<\/p>\n<p>III miejsce&nbsp;&nbsp;&nbsp;&nbsp;&nbsp;&nbsp; &#8211;&nbsp;&nbsp;&nbsp;&nbsp;&nbsp;&nbsp;&nbsp;&nbsp;&nbsp;&nbsp; Agata Dosz ex aequo Klaudia Matyjasik ex aequo Sara Waldowska<\/p>\n<p>Wyr\u00f3\u017cnienie:&nbsp; &nbsp; &nbsp; &nbsp; &nbsp; &nbsp; &nbsp; &nbsp;Maja Labudda, Antoni Walder, Anna Hirsz, Joanna Roda,<\/p>\n<p>&nbsp; &nbsp; &nbsp; &nbsp; &nbsp; &nbsp; &nbsp; &nbsp; &nbsp; &nbsp; &nbsp; &nbsp; &nbsp; &nbsp; &nbsp; &nbsp; &nbsp; &nbsp; Adam Szweda, Zofia Bajdas<\/p>\n<p>&nbsp;<\/p>\n<p style=\"text-align: justify;\">Konkurs <strong>\u201e\u015awi\u0119ta Rodzina\u201d <\/strong>zwi\u0105zany jest ze \u015awi\u0119tami Bo\u017cego Narodzenia, mo\u017cna by\u0142o przedstawi\u0107 \u015awi\u0119t\u0105 Rodzin\u0119 z Nazaretu jako wz\u00f3r do na\u015bladowania, jak r\u00f3wnie\u017c wzorow\u0105 rodzin\u0119 dla naszych czas\u00f3w, lub swoj\u0105 w\u0142asn\u0105 rodzin\u0119. Wytypowani laureaci:<\/p>\n<p><strong>Kategoria I: Grupy przedszkolne i kl. \u201e0\u201d&nbsp; <\/strong>(9 prac)<\/p>\n<p>I miejsce&nbsp;&nbsp;&nbsp;&nbsp;&nbsp;&nbsp;&nbsp;&nbsp; &#8211;&nbsp;&nbsp;&nbsp;&nbsp;&nbsp;&nbsp;&nbsp;&nbsp;&nbsp;&nbsp; Alan Merchel ex aequo Jan Hirsz<\/p>\n<p>II miejsce&nbsp;&nbsp;&nbsp;&nbsp;&nbsp;&nbsp;&nbsp; &#8211;&nbsp;&nbsp;&nbsp;&nbsp;&nbsp;&nbsp;&nbsp;&nbsp;&nbsp;&nbsp; Natan Lieske ex aequo Patryk Dosz<\/p>\n<p>III miejsce &nbsp;&nbsp;&nbsp;&nbsp;&nbsp; &#8211; &nbsp;&nbsp;&nbsp;&nbsp;&nbsp;&nbsp;&nbsp;&nbsp;&nbsp; Julia Pranszke<\/p>\n<p>Wyr\u00f3\u017cnienie:&nbsp;&nbsp;&nbsp;&nbsp;&nbsp;&nbsp;&nbsp;&nbsp;&nbsp;&nbsp;&nbsp;&nbsp;&nbsp; Dominik Wicki, Nela Pionk, Kacper Labuda, Nikola Trepczyk<\/p>\n<p><strong>Kategoria II: Kl. I \u2013 III <\/strong>(16 prac)<\/p>\n<p>I miejsce&nbsp;&nbsp;&nbsp;&nbsp;&nbsp;&nbsp;&nbsp;&nbsp; &#8211; &nbsp;&nbsp;&nbsp;&nbsp;&nbsp;&nbsp;&nbsp;&nbsp;&nbsp; Klaudia Matyjasik ex aequo Dorota Labuda ex aequo Joanna Roda<\/p>\n<p>II miejsce&nbsp;&nbsp;&nbsp;&nbsp;&nbsp;&nbsp;&nbsp; &#8211; &nbsp;&nbsp;&nbsp;&nbsp;&nbsp;&nbsp;&nbsp;&nbsp;&nbsp; Zofia Czoska ex aequo Filip Hirsz ex aequo Sara Waldowska<\/p>\n<p>III miejsce&nbsp;&nbsp;&nbsp;&nbsp;&nbsp;&nbsp; &#8211; &nbsp;&nbsp;&nbsp;&nbsp;&nbsp;&nbsp;&nbsp;&nbsp;&nbsp; Lena Merchel ex aequo Szymon Trojanowski<\/p>\n<p>Wyr\u00f3\u017cnienie:&nbsp; &nbsp;&nbsp;&nbsp;&nbsp;&nbsp;&nbsp;&nbsp;&nbsp;&nbsp;&nbsp;&nbsp; Anna Hirsz, Agata Dosz, Adam Szweda<\/p>\n<p><strong>Kategoria III: Kl. IV \u2013 VI <\/strong>(16 prac)&nbsp;&nbsp;&nbsp;<\/p>\n<p>I miejsce&nbsp;&nbsp;&nbsp;&nbsp;&nbsp;&nbsp;&nbsp;&nbsp; &#8211;&nbsp;&nbsp;&nbsp;&nbsp;&nbsp;&nbsp;&nbsp;&nbsp;&nbsp;&nbsp; Amelia G\u0142ombiowska ex aequo Maciej Trojanowski ex aequo Konrad Bach<\/p>\n<p>II miejsce&nbsp;&nbsp;&nbsp;&nbsp;&nbsp;&nbsp;&nbsp; &#8211; &nbsp;&nbsp;&nbsp;&nbsp;&nbsp;&nbsp;&nbsp;&nbsp;&nbsp; Fabian Kiedrowski ex aequo Magdalena Szweda<\/p>\n<p>III miejsce&nbsp;&nbsp;&nbsp;&nbsp;&nbsp;&nbsp; &#8211;&nbsp;&nbsp;&nbsp;&nbsp;&nbsp;&nbsp;&nbsp;&nbsp;&nbsp;&nbsp; Eliza Waldowska ex aequo Milena Pranszke&nbsp;<\/p>\n<p>Wyr\u00f3\u017cnienie:&nbsp; &nbsp; &nbsp; &nbsp; &nbsp; &nbsp; &nbsp; Oliwia Tokarska, Magdalena Kupc, Szymon Lejkowski, Daniel Lejkowski,<\/p>\n<p><strong>Kategoria IV: Kl. VII \u2013 VIII <\/strong>(5 prac)<\/p>\n<p>I miejsce&nbsp;&nbsp;&nbsp;&nbsp;&nbsp; &nbsp;&nbsp; &#8211;&nbsp;&nbsp;&nbsp;&nbsp;&nbsp;&nbsp;&nbsp;&nbsp;&nbsp;&nbsp; Marcin Labuda<\/p>\n<p>II miejsce&nbsp;&nbsp; &nbsp;&nbsp;&nbsp;&nbsp; &nbsp;&#8211;&nbsp;&nbsp;&nbsp;&nbsp;&nbsp;&nbsp;&nbsp;&nbsp;&nbsp; Brayan Kruszy\u0144ski<\/p>\n<p>III miejsce&nbsp;&nbsp; &nbsp;&nbsp;&nbsp; &#8211;&nbsp;&nbsp;&nbsp;&nbsp;&nbsp;&nbsp;&nbsp;&nbsp;&nbsp;&nbsp; Alan Hallmann<\/p>\n<p>Wyr\u00f3\u017cnienia:&nbsp; &nbsp;&nbsp;&nbsp;&nbsp;&nbsp;&nbsp;&nbsp;&nbsp;&nbsp;&nbsp;&nbsp; Maja Miotke; Julia Malik<\/p>\n<p>&nbsp;<\/p>\n<p style=\"text-align: justify;\">Wszyscy laureaci odebrali nagrody oraz dyplomy podczas uroczystego spotkania, kt\u00f3re odby\u0142o si\u0119 13 grudnia w Centrum Samorz\u0105dowym w Szemudzie. Jeszcze raz serdecznie gratulujemy zwyci\u0119zcom oraz dzi\u0119kujemy wszystkim uczestnikom za udzia\u0142 w naszych konkursach. Ogromnie cieszy nas tak du\u017ce zainteresowanie propozycjami Biblioteki Publicznej Gminy Szemud w\u015br\u00f3d czytelnik\u00f3w i mieszka\u0144c\u00f3w gminy. Mamy nadziej\u0119, \u017ce r\u00f3wnie\u017c w Nowym Roku 2026 ch\u0119tnie b\u0119dziecie korzysta\u0107 z naszej oferty bibliotecznej. Serdecznie zapraszamy.<\/p>\n<p>&nbsp;<\/p>\n<p><em>&nbsp; &nbsp; &nbsp; &nbsp; &nbsp; &nbsp; &nbsp; &nbsp; &nbsp; &nbsp; &nbsp; &nbsp; &nbsp; &nbsp; &nbsp; &nbsp; &nbsp; &nbsp; &nbsp; &nbsp; &nbsp; &nbsp; &nbsp; &nbsp; &nbsp; &nbsp; &nbsp; &nbsp; &nbsp; &nbsp; &nbsp; &nbsp; &nbsp; &nbsp; &nbsp; &nbsp; &nbsp; &nbsp; &nbsp; &nbsp; &nbsp; &nbsp; &nbsp; &nbsp; &nbsp; &nbsp; &nbsp; &nbsp; &nbsp; &nbsp; &nbsp; &nbsp; &nbsp; &nbsp; &nbsp; &nbsp; &nbsp; &nbsp; &nbsp; &nbsp; &nbsp; &nbsp; &nbsp; &nbsp; I.Piastowska <\/em><\/p>\n\n\n\n[ngg src=&#8221;galleries&#8221; ids=&#8221;2329&#8243; display=&#8221;basic_thumbnail&#8221;]\n","protected":false},"excerpt":{"rendered":"<div class=\"mh-excerpt\"><p>\u201eM\u00f3j \u015bwi\u0119ty Jan Pawe\u0142 II\u201d; \u201eUlubiony bohater bajkowy\u201d; \u201e\u015awi\u0119ta Rodzina\u201d W pa\u017adzierniku i listopadzie, jak co roku, Biblioteka Publiczna Gminy Szemud og\u0142osi\u0142a konkursy plastyczne, kt\u00f3re <a class=\"mh-excerpt-more\" href=\"https:\/\/biblioteka.szemud.pl\/index.php\/2026\/01\/14\/rozstrzygniecia-konkursow-plastycznych-2\/\" title=\"ROZSTRZYGNI\u0118CIA KONKURS\u00d3W PLASTYCZNYCH\">[&#8230;]<\/a><\/p>\n<\/div>","protected":false},"author":8,"featured_media":75178,"comment_status":"closed","ping_status":"closed","sticky":false,"template":"","format":"standard","meta":{"_price":"","_stock":"","_tribe_ticket_header":"","_tribe_default_ticket_provider":"","_tribe_ticket_capacity":"","_ticket_start_date":"","_ticket_end_date":"","_tribe_ticket_show_description":"","_tribe_ticket_show_not_going":false,"_tribe_ticket_use_global_stock":"","_tribe_ticket_global_stock_level":"","_global_stock_mode":"","_global_stock_cap":"","_tribe_rsvp_for_event":"","_tribe_ticket_going_count":"","_tribe_ticket_not_going_count":"","_tribe_tickets_list":"[]","_tribe_ticket_has_attendee_info_fields":false,"footnotes":""},"categories":[31],"tags":[],"class_list":["post-75177","post","type-post","status-publish","format-standard","has-post-thumbnail","hentry","category-konkurs"],"_links":{"self":[{"href":"https:\/\/biblioteka.szemud.pl\/index.php\/wp-json\/wp\/v2\/posts\/75177","targetHints":{"allow":["GET"]}}],"collection":[{"href":"https:\/\/biblioteka.szemud.pl\/index.php\/wp-json\/wp\/v2\/posts"}],"about":[{"href":"https:\/\/biblioteka.szemud.pl\/index.php\/wp-json\/wp\/v2\/types\/post"}],"author":[{"embeddable":true,"href":"https:\/\/biblioteka.szemud.pl\/index.php\/wp-json\/wp\/v2\/users\/8"}],"replies":[{"embeddable":true,"href":"https:\/\/biblioteka.szemud.pl\/index.php\/wp-json\/wp\/v2\/comments?post=75177"}],"version-history":[{"count":1,"href":"https:\/\/biblioteka.szemud.pl\/index.php\/wp-json\/wp\/v2\/posts\/75177\/revisions"}],"predecessor-version":[{"id":75179,"href":"https:\/\/biblioteka.szemud.pl\/index.php\/wp-json\/wp\/v2\/posts\/75177\/revisions\/75179"}],"wp:featuredmedia":[{"embeddable":true,"href":"https:\/\/biblioteka.szemud.pl\/index.php\/wp-json\/wp\/v2\/media\/75178"}],"wp:attachment":[{"href":"https:\/\/biblioteka.szemud.pl\/index.php\/wp-json\/wp\/v2\/media?parent=75177"}],"wp:term":[{"taxonomy":"category","embeddable":true,"href":"https:\/\/biblioteka.szemud.pl\/index.php\/wp-json\/wp\/v2\/categories?post=75177"},{"taxonomy":"post_tag","embeddable":true,"href":"https:\/\/biblioteka.szemud.pl\/index.php\/wp-json\/wp\/v2\/tags?post=75177"}],"curies":[{"name":"wp","href":"https:\/\/api.w.org\/{rel}","templated":true}]}}