{"id":74593,"date":"2025-12-05T12:20:16","date_gmt":"2025-12-05T11:20:16","guid":{"rendered":"https:\/\/biblioteka.szemud.pl\/?p=74593"},"modified":"2025-12-05T12:21:35","modified_gmt":"2025-12-05T11:21:35","slug":"wyniki-konkursu-plastycznego-swieta-rodzina-4","status":"publish","type":"post","link":"https:\/\/biblioteka.szemud.pl\/index.php\/2025\/12\/05\/wyniki-konkursu-plastycznego-swieta-rodzina-4\/","title":{"rendered":"Wyniki Gminnego Konkursu Plastycznego &#8221;\u015awi\u0119ta Rodzina&#8221;"},"content":{"rendered":"\n<p style=\"text-align: justify;\">Dnia 03.12.2025 r. w Bibliotece Publicznej Gminy Szemud w Szemudzie, komisja konkursowa w sk\u0142adzie:<em> Iwona Piastowska \u2013 przewodnicz\u0105ca; Gra\u017cyna Lis; Ma\u0142gorzata Kowalewska, <\/em>rozstrzygn\u0119\u0142a i wytypowa\u0142a laureat\u00f3w konkursu plastycznego:<\/p>\n<p><strong>Kategoria I: Grupy przedszkolne i kl. \u201e0\u201d \u00a0(9 prac)<\/strong><\/p>\n<p>I miejsce\u00a0\u00a0\u00a0\u00a0\u00a0\u00a0\u00a0\u00a0 &#8211;\u00a0\u00a0\u00a0\u00a0\u00a0\u00a0\u00a0\u00a0\u00a0 Alan Merchel ex aequo Jan Hirsz<\/p>\n<p>II miejsce\u00a0\u00a0\u00a0\u00a0\u00a0\u00a0\u00a0 &#8211;\u00a0\u00a0\u00a0\u00a0\u00a0\u00a0\u00a0\u00a0\u00a0 Natan Lieske ex aequo Patryk Dosz<\/p>\n<p>III miejsce \u00a0\u00a0\u00a0\u00a0 &#8211; \u00a0\u00a0\u00a0\u00a0\u00a0\u00a0\u00a0\u00a0 Julia Pranszke<\/p>\n<p>Wyr\u00f3\u017cnienie:\u00a0 \u00a0 \u00a0 \u00a0 \u00a0 \u00a0 \u00a0Dominik Wicki, Nela Pionk, Kacper Labuda, Nikola Trepczyk<\/p>\n<p><strong>Kategoria II: Kl. I \u2013 III (16 prac)<\/strong><\/p>\n<p>I miejsce\u00a0\u00a0\u00a0\u00a0\u00a0\u00a0\u00a0\u00a0 &#8211; \u00a0\u00a0\u00a0\u00a0\u00a0\u00a0\u00a0\u00a0 Klaudia Matyjasik ex aequo Dorota Labuda ex aequo Joanna Roda<\/p>\n<p>II miejsce\u00a0\u00a0\u00a0\u00a0\u00a0\u00a0\u00a0 &#8211; \u00a0\u00a0\u00a0\u00a0\u00a0\u00a0\u00a0\u00a0 Zofia Czoska ex aequo Filip Hirsz ex aequo Sara Waldowska<\/p>\n<p>III miejsce\u00a0\u00a0\u00a0\u00a0\u00a0 &#8211; \u00a0\u00a0\u00a0\u00a0\u00a0\u00a0\u00a0\u00a0 Lena Merchel ex aequo Szymon Trojanowski<\/p>\n<p>Wyr\u00f3\u017cnienie:\u00a0\u00a0\u00a0\u00a0\u00a0\u00a0\u00a0\u00a0\u00a0\u00a0\u00a0\u00a0 Anna Hirsz, Agata Dosz, Adam Szweda<\/p>\n<p><strong>Kategoria III: Kl. IV \u2013 VI (16 prac)\u00a0\u00a0\u00a0\u00a0\u00a0\u00a0\u00a0\u00a0 <\/strong><\/p>\n<p>I miejsce\u00a0\u00a0\u00a0\u00a0\u00a0 &#8211;\u00a0\u00a0\u00a0\u00a0\u00a0\u00a0\u00a0\u00a0\u00a0\u00a0\u00a0\u00a0 Amelia G\u0142ombiowska ex aequo Maciej Trojanowski ex aequo Konrad Bach<\/p>\n<p>II miejsce\u00a0\u00a0\u00a0\u00a0\u00a0\u00a0\u00a0 &#8211; \u00a0\u00a0\u00a0\u00a0\u00a0\u00a0\u00a0\u00a0 Fabian Kiedrowski ex aequo Magdalena Szweda<\/p>\n<p>III miejsce\u00a0\u00a0\u00a0\u00a0\u00a0 &#8211;\u00a0\u00a0\u00a0\u00a0\u00a0\u00a0\u00a0\u00a0\u00a0 Eliza Waldowska ex aequo Milena Pranszke \u00a0<\/p>\n<p>Wyr\u00f3\u017cnienie: \u00a0\u00a0\u00a0\u00a0\u00a0\u00a0\u00a0\u00a0\u00a0\u00a0\u00a0 Oliwia Tokarska, Magdalena Kupc, Szymon Lejkowski, Daniel Lejkowski,<\/p>\n<p><strong>Kategoria IV: Kl. VII \u2013 VIII (5 prac)<\/strong><\/p>\n<p>I miejsce\u00a0\u00a0\u00a0\u00a0\u00a0 &#8211;\u00a0\u00a0\u00a0\u00a0\u00a0\u00a0\u00a0\u00a0\u00a0\u00a0\u00a0\u00a0 Marcin Labuda<\/p>\n<p>II miejsce\u00a0\u00a0\u00a0 &#8211;\u00a0\u00a0\u00a0\u00a0\u00a0\u00a0\u00a0\u00a0\u00a0\u00a0\u00a0\u00a0\u00a0 Brayan Kruszy\u0144ski<\/p>\n<p>III miejsce\u00a0\u00a0 &#8211;\u00a0\u00a0\u00a0\u00a0\u00a0\u00a0\u00a0\u00a0\u00a0\u00a0\u00a0\u00a0\u00a0 Alan Hallmann<\/p>\n<p>Wyr\u00f3\u017cnienia:\u00a0\u00a0\u00a0\u00a0\u00a0\u00a0\u00a0\u00a0\u00a0\u00a0\u00a0\u00a0 Maja Miotke; Julia Malik<\/p>\n<p><strong>Rozdanie nagr\u00f3d odb\u0119dzie si\u0119 13.12.2025 r. o godzinie 11.00 w Centrum Samorz\u0105dowym w Szemudzie.<\/strong><\/p>\n","protected":false},"excerpt":{"rendered":"<div class=\"mh-excerpt\"><p>Dnia 03.12.2025 r. w Bibliotece Publicznej Gminy Szemud w Szemudzie, komisja konkursowa w sk\u0142adzie: Iwona Piastowska \u2013 przewodnicz\u0105ca; Gra\u017cyna Lis; Ma\u0142gorzata Kowalewska, rozstrzygn\u0119\u0142a i wytypowa\u0142a <a class=\"mh-excerpt-more\" href=\"https:\/\/biblioteka.szemud.pl\/index.php\/2025\/12\/05\/wyniki-konkursu-plastycznego-swieta-rodzina-4\/\" title=\"Wyniki Gminnego Konkursu Plastycznego &#8221;\u015awi\u0119ta Rodzina&#8221;\">[&#8230;]<\/a><\/p>\n<\/div>","protected":false},"author":10,"featured_media":17503,"comment_status":"closed","ping_status":"closed","sticky":false,"template":"","format":"standard","meta":{"_price":"","_stock":"","_tribe_ticket_header":"","_tribe_default_ticket_provider":"","_tribe_ticket_capacity":"0","_ticket_start_date":"","_ticket_end_date":"","_tribe_ticket_show_description":"","_tribe_ticket_show_not_going":false,"_tribe_ticket_use_global_stock":"","_tribe_ticket_global_stock_level":"","_global_stock_mode":"","_global_stock_cap":"","_tribe_rsvp_for_event":"","_tribe_ticket_going_count":"","_tribe_ticket_not_going_count":"","_tribe_tickets_list":"[]","_tribe_ticket_has_attendee_info_fields":false,"footnotes":""},"categories":[31],"tags":[],"class_list":["post-74593","post","type-post","status-publish","format-standard","has-post-thumbnail","hentry","category-konkurs"],"_links":{"self":[{"href":"https:\/\/biblioteka.szemud.pl\/index.php\/wp-json\/wp\/v2\/posts\/74593","targetHints":{"allow":["GET"]}}],"collection":[{"href":"https:\/\/biblioteka.szemud.pl\/index.php\/wp-json\/wp\/v2\/posts"}],"about":[{"href":"https:\/\/biblioteka.szemud.pl\/index.php\/wp-json\/wp\/v2\/types\/post"}],"author":[{"embeddable":true,"href":"https:\/\/biblioteka.szemud.pl\/index.php\/wp-json\/wp\/v2\/users\/10"}],"replies":[{"embeddable":true,"href":"https:\/\/biblioteka.szemud.pl\/index.php\/wp-json\/wp\/v2\/comments?post=74593"}],"version-history":[{"count":2,"href":"https:\/\/biblioteka.szemud.pl\/index.php\/wp-json\/wp\/v2\/posts\/74593\/revisions"}],"predecessor-version":[{"id":74595,"href":"https:\/\/biblioteka.szemud.pl\/index.php\/wp-json\/wp\/v2\/posts\/74593\/revisions\/74595"}],"wp:featuredmedia":[{"embeddable":true,"href":"https:\/\/biblioteka.szemud.pl\/index.php\/wp-json\/wp\/v2\/media\/17503"}],"wp:attachment":[{"href":"https:\/\/biblioteka.szemud.pl\/index.php\/wp-json\/wp\/v2\/media?parent=74593"}],"wp:term":[{"taxonomy":"category","embeddable":true,"href":"https:\/\/biblioteka.szemud.pl\/index.php\/wp-json\/wp\/v2\/categories?post=74593"},{"taxonomy":"post_tag","embeddable":true,"href":"https:\/\/biblioteka.szemud.pl\/index.php\/wp-json\/wp\/v2\/tags?post=74593"}],"curies":[{"name":"wp","href":"https:\/\/api.w.org\/{rel}","templated":true}]}}