{"id":74589,"date":"2025-12-05T11:57:57","date_gmt":"2025-12-05T10:57:57","guid":{"rendered":"https:\/\/biblioteka.szemud.pl\/?p=74589"},"modified":"2025-12-05T11:57:57","modified_gmt":"2025-12-05T10:57:57","slug":"wyniki-konkursu-plastycznego-ulubiony-bohater-bajkowy-5","status":"publish","type":"post","link":"https:\/\/biblioteka.szemud.pl\/index.php\/2025\/12\/05\/wyniki-konkursu-plastycznego-ulubiony-bohater-bajkowy-5\/","title":{"rendered":"Wyniki Konkursu Plastycznego                 &#8221;Ulubiony Bohater Bajkowy&#8221;"},"content":{"rendered":"\n<p style=\"text-align: justify;\">Dnia 03.12.2025r. w Bibliotece Publicznej Gminy Szemud w Szemudzie, komisja konkursowa w sk\u0142adzie: <em>\u00a0Iwona Piastowska \u2013 przewodnicz\u0105ca; Gra\u017cyna Lis; Ma\u0142gorzata Kowalewska \u00a0<\/em>rozstrzygn\u0119\u0142a i wytypowa\u0142a laureat\u00f3w konkursu plastycznego:<\/p>\n<p>\u00a0<\/p>\n<p><strong>Kategoria I: dzieci w wieku 3 \u2013 4 lat <\/strong>(10 prac)<\/p>\n<p>I miejsce\u00a0\u00a0\u00a0\u00a0\u00a0\u00a0\u00a0\u00a0 &#8211;\u00a0\u00a0\u00a0\u00a0\u00a0\u00a0\u00a0\u00a0\u00a0 Julia Sikorska ex aequo Jan Hirsz<\/p>\n<p>II miejsce\u00a0\u00a0\u00a0\u00a0\u00a0\u00a0\u00a0 &#8211;\u00a0\u00a0\u00a0\u00a0\u00a0\u00a0\u00a0\u00a0\u00a0 Natan Lieske ex aequo Sandra Stenka ex aequo Natalia Zaj\u0105czkowska<\/p>\n<p>III miejsce \u00a0\u00a0\u00a0\u00a0 &#8211; \u00a0\u00a0\u00a0\u00a0\u00a0\u00a0\u00a0\u00a0 Wiktoria Tiszer ex aequo Maurycy Stenka<\/p>\n<p>Wyr\u00f3\u017cnienie\u00a0\u00a0 &#8211;\u00a0 \u00a0 \u00a0 \u00a0 \u00a0 Lea Krauze, Michalina Wick, Bianka Labudda<\/p>\n<p>\u00a0<\/p>\n<p><strong>Kategoria II: dzieci w wieku 5 \u2013 6 lat <\/strong>(11 prac)<\/p>\n<p>I miejsce\u00a0\u00a0\u00a0\u00a0\u00a0\u00a0\u00a0\u00a0 &#8211; \u00a0\u00a0\u00a0\u00a0\u00a0\u00a0\u00a0\u00a0 Agata Stenka ex aequo Jan Sikorski<\/p>\n<p>II miejsce\u00a0\u00a0\u00a0\u00a0\u00a0\u00a0\u00a0 &#8211; \u00a0\u00a0\u00a0\u00a0\u00a0\u00a0\u00a0\u00a0 Kacper Labuda<\/p>\n<p>III miejsce\u00a0\u00a0\u00a0\u00a0\u00a0 &#8211; \u00a0\u00a0\u00a0\u00a0\u00a0\u00a0\u00a0\u00a0 Mia Krauze ex aequo Emanuela Bach<\/p>\n<p>Wyr\u00f3\u017cnienie:\u00a0\u00a0\u00a0\u00a0\u00a0\u00a0\u00a0\u00a0\u00a0\u00a0\u00a0\u00a0 Dominik Wicki, Leon Lamparski, Micha\u0142 Grombliniak, Nikola Trepczyk,\u00a0 \u00a0 \u00a0 \u00a0<\/p>\n<p>\u00a0 \u00a0 \u00a0 \u00a0 \u00a0 \u00a0 \u00a0 \u00a0 \u00a0 \u00a0 \u00a0 \u00a0 \u00a0 \u00a0 \u00a0 \u00a0 \u00a0 Mateusz Rzeszut, Julia Pranszke<\/p>\n<p><strong>\u00a0<\/strong><\/p>\n<p><strong>Kategoria III: dzieci w wieku 7 \u2013 9 lat <\/strong>(30 prac)\u00a0<\/p>\n<p>I miejsce\u00a0\u00a0\u00a0\u00a0\u00a0\u00a0\u00a0\u00a0 &#8211;\u00a0\u00a0\u00a0\u00a0\u00a0\u00a0\u00a0\u00a0\u00a0 Filip Hirsz ex aequo Szymon Trojanowski ex aequo Gabriel Bach<\/p>\n<p>II miejsce\u00a0\u00a0\u00a0\u00a0\u00a0\u00a0\u00a0 &#8211; \u00a0\u00a0\u00a0\u00a0\u00a0\u00a0\u00a0\u00a0 Patrycja Pranczke ex aequo Lena Merchel ex aequo Dorota Labuda<\/p>\n<p>III miejsce\u00a0\u00a0\u00a0\u00a0\u00a0 &#8211;\u00a0 \u00a0 \u00a0 \u00a0 \u00a0 \u00a0Agata Dosz ex aequo Klaudia Matyjasik ex aequo Sara Waldowska<\/p>\n<p>Wyr\u00f3\u017cnienie\u00a0\u00a0 &#8211;\u00a0 \u00a0 \u00a0 \u00a0 \u00a0 \u00a0Maja Labudda, Antoni Walder, Anna Hirsz, Joanna Roda,<\/p>\n<p>\u00a0 \u00a0 \u00a0 \u00a0 \u00a0 \u00a0 \u00a0 \u00a0 \u00a0 \u00a0 \u00a0 \u00a0 \u00a0 \u00a0 \u00a0 \u00a0 \u00a0 \u00a0 Adam Szweda, Zofia Bajdas<\/p>\n<p><strong>Rozdanie nagr\u00f3d odb\u0119dzie 13.12.2025 r. o godzinie 11.00 w Centrum Samorz\u0105dowym w Szemudzie.<\/strong><\/p>\n<p><strong>\u00a0<\/strong><\/p>\n","protected":false},"excerpt":{"rendered":"<div class=\"mh-excerpt\"><p>Dnia 03.12.2025r. w Bibliotece Publicznej Gminy Szemud w Szemudzie, komisja konkursowa w sk\u0142adzie: \u00a0Iwona Piastowska \u2013 przewodnicz\u0105ca; Gra\u017cyna Lis; Ma\u0142gorzata Kowalewska \u00a0rozstrzygn\u0119\u0142a i wytypowa\u0142a laureat\u00f3w <a class=\"mh-excerpt-more\" href=\"https:\/\/biblioteka.szemud.pl\/index.php\/2025\/12\/05\/wyniki-konkursu-plastycznego-ulubiony-bohater-bajkowy-5\/\" title=\"Wyniki Konkursu Plastycznego                 &#8221;Ulubiony Bohater Bajkowy&#8221;\">[&#8230;]<\/a><\/p>\n<\/div>","protected":false},"author":10,"featured_media":17503,"comment_status":"closed","ping_status":"closed","sticky":false,"template":"","format":"standard","meta":{"_price":"","_stock":"","_tribe_ticket_header":"","_tribe_default_ticket_provider":"","_tribe_ticket_capacity":"0","_ticket_start_date":"","_ticket_end_date":"","_tribe_ticket_show_description":"","_tribe_ticket_show_not_going":false,"_tribe_ticket_use_global_stock":"","_tribe_ticket_global_stock_level":"","_global_stock_mode":"","_global_stock_cap":"","_tribe_rsvp_for_event":"","_tribe_ticket_going_count":"","_tribe_ticket_not_going_count":"","_tribe_tickets_list":"[]","_tribe_ticket_has_attendee_info_fields":false,"footnotes":""},"categories":[31],"tags":[],"class_list":["post-74589","post","type-post","status-publish","format-standard","has-post-thumbnail","hentry","category-konkurs"],"_links":{"self":[{"href":"https:\/\/biblioteka.szemud.pl\/index.php\/wp-json\/wp\/v2\/posts\/74589","targetHints":{"allow":["GET"]}}],"collection":[{"href":"https:\/\/biblioteka.szemud.pl\/index.php\/wp-json\/wp\/v2\/posts"}],"about":[{"href":"https:\/\/biblioteka.szemud.pl\/index.php\/wp-json\/wp\/v2\/types\/post"}],"author":[{"embeddable":true,"href":"https:\/\/biblioteka.szemud.pl\/index.php\/wp-json\/wp\/v2\/users\/10"}],"replies":[{"embeddable":true,"href":"https:\/\/biblioteka.szemud.pl\/index.php\/wp-json\/wp\/v2\/comments?post=74589"}],"version-history":[{"count":1,"href":"https:\/\/biblioteka.szemud.pl\/index.php\/wp-json\/wp\/v2\/posts\/74589\/revisions"}],"predecessor-version":[{"id":74591,"href":"https:\/\/biblioteka.szemud.pl\/index.php\/wp-json\/wp\/v2\/posts\/74589\/revisions\/74591"}],"wp:featuredmedia":[{"embeddable":true,"href":"https:\/\/biblioteka.szemud.pl\/index.php\/wp-json\/wp\/v2\/media\/17503"}],"wp:attachment":[{"href":"https:\/\/biblioteka.szemud.pl\/index.php\/wp-json\/wp\/v2\/media?parent=74589"}],"wp:term":[{"taxonomy":"category","embeddable":true,"href":"https:\/\/biblioteka.szemud.pl\/index.php\/wp-json\/wp\/v2\/categories?post=74589"},{"taxonomy":"post_tag","embeddable":true,"href":"https:\/\/biblioteka.szemud.pl\/index.php\/wp-json\/wp\/v2\/tags?post=74589"}],"curies":[{"name":"wp","href":"https:\/\/api.w.org\/{rel}","templated":true}]}}