{"id":74382,"date":"2025-12-03T10:35:48","date_gmt":"2025-12-03T09:35:48","guid":{"rendered":"https:\/\/biblioteka.szemud.pl\/?p=74382"},"modified":"2025-12-03T10:37:21","modified_gmt":"2025-12-03T09:37:21","slug":"wyniki-gminnego-konkursu-plastycznego-moj-swiety-jan-pawel-ii","status":"publish","type":"post","link":"https:\/\/biblioteka.szemud.pl\/index.php\/2025\/12\/03\/wyniki-gminnego-konkursu-plastycznego-moj-swiety-jan-pawel-ii\/","title":{"rendered":"Wyniki Gminnego Konkursu Plastycznego &#8221;M\u00f3j \u015bwi\u0119ty Jan Pawe\u0142 II &#8222;"},"content":{"rendered":"\n<p>\u00a0<\/p>\n<p style=\"text-align: justify;\">Dnia 01.12.2025 r. w Bibliotece Publicznej Gminy Szemud, komisja konkursowa w\u00a0sk\u0142adzie:<\/p>\n<p style=\"text-align: justify;\">Iwona Piastowska &#8211; przewodnicz\u0105ca<\/p>\n<p>Joanna Formela<\/p>\n<p>Ma\u0142gorzata Kowalewska<\/p>\n<p>Renata Czoska<\/p>\n<p>rozstrzygn\u0119\u0142a i wytypowa\u0142a laureat\u00f3w konkursu plastycznego, na kt\u00f3ry to wp\u0142yn\u0119\u0142y 84 prace.<\/p>\n<p>\u00a0<\/p>\n<p><strong>Kategoria I: Grupy przedszkolne i kl. \u201e0\u201d <\/strong>(24 prac)<\/p>\n<p>I miejsce\u00a0\u00a0\u00a0\u00a0\u00a0\u00a0\u00a0\u00a0 &#8211;\u00a0\u00a0\u00a0\u00a0\u00a0\u00a0\u00a0\u00a0\u00a0 Emanuela Bach ex aequo Natalia Zaj\u0105czkowska<\/p>\n<p>II miejsce\u00a0\u00a0\u00a0\u00a0\u00a0\u00a0\u00a0 &#8211;\u00a0\u00a0\u00a0\u00a0\u00a0\u00a0\u00a0\u00a0\u00a0 Zofia Rompa ex aequo Michalina Polaszek<\/p>\n<p>III miejsce\u00a0\u00a0\u00a0\u00a0\u00a0 &#8211;\u00a0\u00a0\u00a0\u00a0\u00a0\u00a0\u00a0\u00a0\u00a0 Lila Starosta ex aequo Agata Stenka<\/p>\n<p>Wyr\u00f3\u017cnienie:\u00a0\u00a0\u00a0\u00a0\u00a0\u00a0\u00a0\u00a0\u00a0\u00a0\u00a0\u00a0 Nikola Trepczyk, Borys Brzeski, Szymon Potrykus, Maja Draws,<\/p>\n<p>\u00a0 \u00a0 \u00a0 \u00a0 \u00a0 \u00a0 \u00a0 \u00a0 \u00a0 \u00a0 \u00a0 \u00a0 \u00a0 \u00a0 \u00a0 \u00a0 \u00a0 Oliwia\u00a0 Kwidzi\u0144ska, Anna Maszota, Julia Pranszke, Marcelina Klawikowska<\/p>\n<p><strong>Kategoria II: Kl. I <\/strong><strong>\u2013 III <\/strong>(17 prac)<\/p>\n<p>I miejsce\u00a0\u00a0\u00a0\u00a0\u00a0\u00a0\u00a0\u00a0 &#8211; \u00a0\u00a0\u00a0\u00a0\u00a0\u00a0\u00a0\u00a0 Zuzanna Miotk ex aequo Gabriel Bach<\/p>\n<p>II miejsce\u00a0\u00a0\u00a0\u00a0\u00a0\u00a0\u00a0 &#8211; \u00a0\u00a0\u00a0\u00a0\u00a0\u00a0\u00a0\u00a0 Klaudia Matyjasik ex aequo Szymon Trojanowski<\/p>\n<p>III miejsce\u00a0\u00a0\u00a0\u00a0\u00a0 &#8211; \u00a0\u00a0\u00a0\u00a0\u00a0\u00a0\u00a0\u00a0 Antoni Walder<\/p>\n<p>Wyr\u00f3\u017cnienie:\u00a0\u00a0\u00a0\u00a0\u00a0\u00a0\u00a0\u00a0\u00a0\u00a0\u00a0\u00a0 Sara Waldowska, Patrycja Pranczke, Agata Goch, Adam Szweda,<\/p>\n<p>\u00a0 \u00a0 \u00a0 \u00a0 \u00a0 \u00a0 \u00a0 \u00a0 \u00a0 \u00a0 \u00a0 \u00a0 \u00a0 \u00a0 \u00a0 \u00a0 \u00a0 Oliwia Piastowska, Martyna Kahs, Laura Malinowska<\/p>\n<p><strong>Kategoria III: Kl. IV \u2013 VI <\/strong>(35 prac)<strong>\u00a0\u00a0\u00a0\u00a0\u00a0\u00a0\u00a0\u00a0\u00a0 <\/strong><\/p>\n<p>I miejsce\u00a0\u00a0\u00a0\u00a0\u00a0\u00a0\u00a0\u00a0 &#8211;\u00a0\u00a0\u00a0\u00a0\u00a0\u00a0\u00a0\u00a0\u00a0 Magdalena Kupc<\/p>\n<p>II miejsce\u00a0\u00a0\u00a0\u00a0\u00a0\u00a0\u00a0 &#8211; \u00a0\u00a0\u00a0\u00a0\u00a0\u00a0\u00a0\u00a0 Eliza Waldowska ex aequo Amelia G\u0142ombiowska<\/p>\n<p>III miejsce\u00a0\u00a0\u00a0\u00a0\u00a0 &#8211;\u00a0\u00a0\u00a0\u00a0\u00a0\u00a0\u00a0\u00a0\u00a0 Monika Kanka ex aequo Maciej Trojanowski<\/p>\n<p>Wyr\u00f3\u017cnienie\u00a0\u00a0 &#8211;\u00a0\u00a0\u00a0\u00a0\u00a0\u00a0\u00a0\u00a0\u00a0 Lena Kummer, Maria Dawidowska, Nikola Faltynowska, Julia Lezner,<\/p>\n<p>\u00a0 \u00a0 \u00a0 \u00a0 \u00a0 \u00a0 \u00a0 \u00a0 \u00a0 \u00a0 \u00a0 \u00a0 \u00a0 \u00a0 \u00a0 \u00a0 \u00a0 \u00a0Bart\u0142omiej Bach, Wiktoria Kreft, Nel Szczygie\u0142, Magdalena Szweda,<\/p>\n<p>\u00a0 \u00a0 \u00a0 \u00a0 \u00a0 \u00a0 \u00a0 \u00a0 \u00a0 \u00a0 \u00a0 \u00a0 \u00a0 \u00a0 \u00a0 \u00a0 \u00a0 \u00a0Nadia Gruba, Zofia Oczk<\/p>\n<p><strong>\u00a0<\/strong><\/p>\n<p><strong>Kategoria IV: Kl. VII \u2013 VIII <\/strong>(8 prac)<strong>\u00a0\u00a0\u00a0\u00a0\u00a0\u00a0\u00a0 <\/strong><\/p>\n<p>I miejsce\u00a0\u00a0\u00a0\u00a0\u00a0\u00a0\u00a0\u00a0 &#8211;\u00a0\u00a0\u00a0\u00a0\u00a0\u00a0\u00a0\u00a0\u00a0 Jan Czajkowski<\/p>\n<p>II miejsce\u00a0\u00a0\u00a0\u00a0\u00a0\u00a0\u00a0 &#8211; \u00a0\u00a0\u00a0\u00a0\u00a0\u00a0\u00a0\u00a0 Marcin Labuda<\/p>\n<p>III miejsce\u00a0\u00a0\u00a0\u00a0\u00a0 &#8211;\u00a0\u00a0\u00a0\u00a0\u00a0\u00a0\u00a0\u00a0\u00a0 Filip \u00a0Trojanowski<\/p>\n<p>Wyr\u00f3\u017cnienie\u00a0\u00a0 &#8211;\u00a0\u00a0\u00a0\u00a0\u00a0\u00a0\u00a0\u00a0\u00a0 Otylia Wenta, Lena Waldowska<\/p>\n<p><strong>Rozdanie nagr\u00f3d odb\u0119dzie si\u0119 13.12.2025 r. o godzinie 11.00 w Centrum Samorz\u0105dowym w Szemudzie.<\/strong><\/p>\n","protected":false},"excerpt":{"rendered":"<div class=\"mh-excerpt\"><p>\u00a0 Dnia 01.12.2025 r. w Bibliotece Publicznej Gminy Szemud, komisja konkursowa w\u00a0sk\u0142adzie: Iwona Piastowska &#8211; przewodnicz\u0105ca Joanna Formela Ma\u0142gorzata Kowalewska Renata Czoska rozstrzygn\u0119\u0142a i wytypowa\u0142a <a class=\"mh-excerpt-more\" href=\"https:\/\/biblioteka.szemud.pl\/index.php\/2025\/12\/03\/wyniki-gminnego-konkursu-plastycznego-moj-swiety-jan-pawel-ii\/\" title=\"Wyniki Gminnego Konkursu Plastycznego &#8221;M\u00f3j \u015bwi\u0119ty Jan Pawe\u0142 II &#8222;\">[&#8230;]<\/a><\/p>\n<\/div>","protected":false},"author":10,"featured_media":17503,"comment_status":"closed","ping_status":"closed","sticky":false,"template":"","format":"standard","meta":{"_price":"","_stock":"","_tribe_ticket_header":"","_tribe_default_ticket_provider":"","_tribe_ticket_capacity":"0","_ticket_start_date":"","_ticket_end_date":"","_tribe_ticket_show_description":"","_tribe_ticket_show_not_going":false,"_tribe_ticket_use_global_stock":"","_tribe_ticket_global_stock_level":"","_global_stock_mode":"","_global_stock_cap":"","_tribe_rsvp_for_event":"","_tribe_ticket_going_count":"","_tribe_ticket_not_going_count":"","_tribe_tickets_list":"[]","_tribe_ticket_has_attendee_info_fields":false,"footnotes":""},"categories":[31],"tags":[],"class_list":["post-74382","post","type-post","status-publish","format-standard","has-post-thumbnail","hentry","category-konkurs"],"_links":{"self":[{"href":"https:\/\/biblioteka.szemud.pl\/index.php\/wp-json\/wp\/v2\/posts\/74382","targetHints":{"allow":["GET"]}}],"collection":[{"href":"https:\/\/biblioteka.szemud.pl\/index.php\/wp-json\/wp\/v2\/posts"}],"about":[{"href":"https:\/\/biblioteka.szemud.pl\/index.php\/wp-json\/wp\/v2\/types\/post"}],"author":[{"embeddable":true,"href":"https:\/\/biblioteka.szemud.pl\/index.php\/wp-json\/wp\/v2\/users\/10"}],"replies":[{"embeddable":true,"href":"https:\/\/biblioteka.szemud.pl\/index.php\/wp-json\/wp\/v2\/comments?post=74382"}],"version-history":[{"count":2,"href":"https:\/\/biblioteka.szemud.pl\/index.php\/wp-json\/wp\/v2\/posts\/74382\/revisions"}],"predecessor-version":[{"id":74448,"href":"https:\/\/biblioteka.szemud.pl\/index.php\/wp-json\/wp\/v2\/posts\/74382\/revisions\/74448"}],"wp:featuredmedia":[{"embeddable":true,"href":"https:\/\/biblioteka.szemud.pl\/index.php\/wp-json\/wp\/v2\/media\/17503"}],"wp:attachment":[{"href":"https:\/\/biblioteka.szemud.pl\/index.php\/wp-json\/wp\/v2\/media?parent=74382"}],"wp:term":[{"taxonomy":"category","embeddable":true,"href":"https:\/\/biblioteka.szemud.pl\/index.php\/wp-json\/wp\/v2\/categories?post=74382"},{"taxonomy":"post_tag","embeddable":true,"href":"https:\/\/biblioteka.szemud.pl\/index.php\/wp-json\/wp\/v2\/tags?post=74382"}],"curies":[{"name":"wp","href":"https:\/\/api.w.org\/{rel}","templated":true}]}}