{"id":72313,"date":"2025-10-16T13:40:49","date_gmt":"2025-10-16T11:40:49","guid":{"rendered":"https:\/\/biblioteka.szemud.pl\/?p=72313"},"modified":"2025-10-16T13:40:49","modified_gmt":"2025-10-16T11:40:49","slug":"dotacja-na-zakup-nowosci-wydawniczych-6","status":"publish","type":"post","link":"https:\/\/biblioteka.szemud.pl\/index.php\/2025\/10\/16\/dotacja-na-zakup-nowosci-wydawniczych-6\/","title":{"rendered":"Dotacja na zakup nowo\u015bci wydawniczych"},"content":{"rendered":"\n<p style=\"text-align: justify;\">Wydarzenia kulturalne organizowane przez biblioteki publiczne na terenie Gminy Szemud ciesz\u0105 si\u0119 du\u017cym zainteresowaniem mieszka\u0144c\u00f3w. Jednak prawdziwi mi\u0142o\u015bnicy ksi\u0105\u017cek najbardziej czekaj\u0105 na moment, gdy na bibliotecznych p\u00f3\u0142kach pojawiaj\u0105 si\u0119 nowo\u015bci wydawnicze.<\/p>\n<p style=\"text-align: justify;\">Dzi\u0119ki zrozumieniu i wsparciu w\u0142adz samorz\u0105dowych oraz programom ministerialnym, Biblioteka Publiczna Gminy Szemud wraz ze swoimi filiami mo\u017ce regularnie wzbogaca\u0107 ksi\u0119gozbiory o ksi\u0105\u017cki z r\u00f3\u017cnych dziedzin wiedzy, odpowiadaj\u0105c na potrzeby i oczekiwania czytelnik\u00f3w.<\/p>\n<p style=\"text-align: justify;\">W 2025 roku Biblioteka Publiczna Gminy Szemud otrzyma\u0142a dofinansowanie ze \u015brodk\u00f3w <strong>Ministerstwa Kultury i Dziedzictwa Narodowego<\/strong> w wysoko\u015bci <strong>24&nbsp;898,00 z\u0142<\/strong> w ramach realizacji <strong>Narodowego Programu Rozwoju Czytelnictwa 2.0 na lata 2021\u20132025<\/strong>. Zadanie: \u201eDofinansowania dla bibliotek publicznych na zakup nowo\u015bci wydawniczych oraz us\u0142ugi zdalnego dost\u0119pu do ksi\u0105\u017cek w formatach e-book\u00f3w i\/lub audiobook\u00f3w i\/lub synchrobook\u00f3w &#8211; Priorytet 1, Kierunek interwencji 1.1. w ramach NPRCz 2.0\u201d.<\/p>\n<p style=\"text-align: justify;\">Systematyczne uzupe\u0142nianie zbior\u00f3w o nowe publikacje pokazuje, \u017ce nasze biblioteki s\u0105 instytucjami pr\u0119\u017cnie rozwijaj\u0105cymi si\u0119, aktywnie wspieraj\u0105cymi czytelnictwo i wychodz\u0105cymi naprzeciw oczekiwaniom swoich u\u017cytkownik\u00f3w.<\/p>\n<p><em>&nbsp; &nbsp; &nbsp; &nbsp; &nbsp; &nbsp; &nbsp; &nbsp; &nbsp; &nbsp; &nbsp; &nbsp; &nbsp; &nbsp; &nbsp; &nbsp; &nbsp; &nbsp; &nbsp; &nbsp; &nbsp; &nbsp; &nbsp; &nbsp; &nbsp; &nbsp; &nbsp; &nbsp; &nbsp; &nbsp; &nbsp; &nbsp; &nbsp; &nbsp; &nbsp; &nbsp; &nbsp; &nbsp; &nbsp; &nbsp; &nbsp; &nbsp; &nbsp; &nbsp; &nbsp; &nbsp; &nbsp; &nbsp; &nbsp; &nbsp; &nbsp; &nbsp; &nbsp; &nbsp; &nbsp; &nbsp; &nbsp; &nbsp; &nbsp; &nbsp; &nbsp; &nbsp; &nbsp; Bibliotekarze<\/em><\/p>\n\n\n\n<figure class=\"wp-block-image size-large\"><img loading=\"lazy\" decoding=\"async\" width=\"1024\" height=\"79\" src=\"https:\/\/biblioteka.szemud.pl\/wp-content\/uploads\/2025\/10\/nprcz-belka-men-bn-ik-nck-kolor-rgb-1024x79.jpg\" alt=\"\" class=\"wp-image-72314\" srcset=\"https:\/\/biblioteka.szemud.pl\/wp-content\/uploads\/2025\/10\/nprcz-belka-men-bn-ik-nck-kolor-rgb-1024x79.jpg 1024w, https:\/\/biblioteka.szemud.pl\/wp-content\/uploads\/2025\/10\/nprcz-belka-men-bn-ik-nck-kolor-rgb-300x23.jpg 300w, https:\/\/biblioteka.szemud.pl\/wp-content\/uploads\/2025\/10\/nprcz-belka-men-bn-ik-nck-kolor-rgb-768x59.jpg 768w, https:\/\/biblioteka.szemud.pl\/wp-content\/uploads\/2025\/10\/nprcz-belka-men-bn-ik-nck-kolor-rgb-1536x118.jpg 1536w, https:\/\/biblioteka.szemud.pl\/wp-content\/uploads\/2025\/10\/nprcz-belka-men-bn-ik-nck-kolor-rgb-2048x157.jpg 2048w\" sizes=\"auto, (max-width: 1024px) 100vw, 1024px\" \/><\/figure>\n\n\n\n[ngg src=&#8221;galleries&#8221; ids=&#8221;2212,2227&#8243; display=&#8221;basic_thumbnail&#8221;]\n","protected":false},"excerpt":{"rendered":"<div class=\"mh-excerpt\"><p>Wydarzenia kulturalne organizowane przez biblioteki publiczne na terenie Gminy Szemud ciesz\u0105 si\u0119 du\u017cym zainteresowaniem mieszka\u0144c\u00f3w. Jednak prawdziwi mi\u0142o\u015bnicy ksi\u0105\u017cek najbardziej czekaj\u0105 na moment, gdy na <a class=\"mh-excerpt-more\" href=\"https:\/\/biblioteka.szemud.pl\/index.php\/2025\/10\/16\/dotacja-na-zakup-nowosci-wydawniczych-6\/\" title=\"Dotacja na zakup nowo\u015bci wydawniczych\">[&#8230;]<\/a><\/p>\n<\/div>","protected":false},"author":8,"featured_media":72315,"comment_status":"closed","ping_status":"closed","sticky":false,"template":"","format":"standard","meta":{"_price":"","_stock":"","_tribe_ticket_header":"","_tribe_default_ticket_provider":"","_tribe_ticket_capacity":"0","_ticket_start_date":"","_ticket_end_date":"","_tribe_ticket_show_description":"","_tribe_ticket_show_not_going":false,"_tribe_ticket_use_global_stock":"","_tribe_ticket_global_stock_level":"","_global_stock_mode":"","_global_stock_cap":"","_tribe_rsvp_for_event":"","_tribe_ticket_going_count":"","_tribe_ticket_not_going_count":"","_tribe_tickets_list":"[]","_tribe_ticket_has_attendee_info_fields":false,"footnotes":""},"categories":[1],"tags":[],"class_list":["post-72313","post","type-post","status-publish","format-standard","has-post-thumbnail","hentry","category-bez-kategorii"],"_links":{"self":[{"href":"https:\/\/biblioteka.szemud.pl\/index.php\/wp-json\/wp\/v2\/posts\/72313","targetHints":{"allow":["GET"]}}],"collection":[{"href":"https:\/\/biblioteka.szemud.pl\/index.php\/wp-json\/wp\/v2\/posts"}],"about":[{"href":"https:\/\/biblioteka.szemud.pl\/index.php\/wp-json\/wp\/v2\/types\/post"}],"author":[{"embeddable":true,"href":"https:\/\/biblioteka.szemud.pl\/index.php\/wp-json\/wp\/v2\/users\/8"}],"replies":[{"embeddable":true,"href":"https:\/\/biblioteka.szemud.pl\/index.php\/wp-json\/wp\/v2\/comments?post=72313"}],"version-history":[{"count":1,"href":"https:\/\/biblioteka.szemud.pl\/index.php\/wp-json\/wp\/v2\/posts\/72313\/revisions"}],"predecessor-version":[{"id":72316,"href":"https:\/\/biblioteka.szemud.pl\/index.php\/wp-json\/wp\/v2\/posts\/72313\/revisions\/72316"}],"wp:featuredmedia":[{"embeddable":true,"href":"https:\/\/biblioteka.szemud.pl\/index.php\/wp-json\/wp\/v2\/media\/72315"}],"wp:attachment":[{"href":"https:\/\/biblioteka.szemud.pl\/index.php\/wp-json\/wp\/v2\/media?parent=72313"}],"wp:term":[{"taxonomy":"category","embeddable":true,"href":"https:\/\/biblioteka.szemud.pl\/index.php\/wp-json\/wp\/v2\/categories?post=72313"},{"taxonomy":"post_tag","embeddable":true,"href":"https:\/\/biblioteka.szemud.pl\/index.php\/wp-json\/wp\/v2\/tags?post=72313"}],"curies":[{"name":"wp","href":"https:\/\/api.w.org\/{rel}","templated":true}]}}