{"id":71674,"date":"2025-10-06T12:49:26","date_gmt":"2025-10-06T10:49:26","guid":{"rendered":"https:\/\/biblioteka.szemud.pl\/?p=71674"},"modified":"2025-10-06T12:50:07","modified_gmt":"2025-10-06T10:50:07","slug":"wyniki-konkursu-plastycznego-leon-heyke-oczami-dzieci-i-mlodziezy-4","status":"publish","type":"post","link":"https:\/\/biblioteka.szemud.pl\/index.php\/2025\/10\/06\/wyniki-konkursu-plastycznego-leon-heyke-oczami-dzieci-i-mlodziezy-4\/","title":{"rendered":"Wyniki Konkursu Plastycznego \u201cLeon Heyke oczami dzieci i m\u0142odzie\u017cy\u201d"},"content":{"rendered":"\n<p>Dnia 03.10.2025 r. w Bibliotece Publicznej Gminy Szemud, komisja konkursowa w sk\u0142adzie:<\/p>\n<p>J\u00f3zef Baszanowski &#8211; przewodnicz\u0105cy<\/p>\n<p>Joanna Formela<\/p>\n<p>Iwona Piastowska<\/p>\n<p>Renata Czoska&nbsp;&nbsp;&nbsp;&nbsp;&nbsp;&nbsp;&nbsp;&nbsp;&nbsp;&nbsp;<\/p>\n<p>rozstrzygn\u0119\u0142a i wytypowa\u0142a laureat\u00f3w konkursu plastycznego, na kt\u00f3ry to wp\u0142yn\u0119\u0142o 38 prac:<\/p>\n<p>&nbsp;<\/p>\n<p><strong>Kat. kl. I \u2013 III <\/strong>(4 prace)<\/p>\n<p>I miejsce&nbsp;&nbsp;&nbsp;&nbsp;&nbsp;&nbsp;&nbsp;&nbsp; &#8211; &nbsp;&nbsp;&nbsp;&nbsp;&nbsp;&nbsp;&nbsp;&nbsp;&nbsp; Klaudia Matyjasik (SP \u0141ebno)<\/p>\n<p>II miejsce&nbsp;&nbsp;&nbsp;&nbsp;&nbsp;&nbsp;&nbsp; &#8211; &nbsp;&nbsp;&nbsp;&nbsp;&nbsp;&nbsp;&nbsp;&nbsp;&nbsp; Magdalena Pesta (SP Cz\u0119stkowo)<\/p>\n<p>Wyr\u00f3\u017cnienie &nbsp; &#8211; &nbsp;&nbsp;&nbsp;&nbsp;&nbsp;&nbsp;&nbsp;&nbsp;&nbsp; Agata Krampa (SP \u0141ebno); Dorota Labuda (SP Cz\u0119stkowo)<\/p>\n<p>&nbsp;<\/p>\n<p><strong>Kategoria klas IV \u2013 VI <\/strong>(24 prac)<\/p>\n<p>I miejsce&nbsp;&nbsp;&nbsp;&nbsp;&nbsp;&nbsp;&nbsp;&nbsp; &#8211; &nbsp;&nbsp;&nbsp;&nbsp;&nbsp;&nbsp;&nbsp;&nbsp;&nbsp; Maciej Trojanowski (SP \u0141ebno)<\/p>\n<p>II miejsce&nbsp;&nbsp;&nbsp;&nbsp;&nbsp;&nbsp;&nbsp; &#8211; &nbsp;&nbsp;&nbsp;&nbsp;&nbsp;&nbsp;&nbsp;&nbsp;&nbsp; Milena Pranszke (SP Szemud)<\/p>\n<p>III miejsce&nbsp;&nbsp;&nbsp;&nbsp;&nbsp; &#8211;&nbsp; &nbsp; &nbsp; &nbsp; &nbsp; &nbsp; Oliwia Pranczke (SP Jele\u0144ska Huta)<\/p>\n<p>Wyr\u00f3\u017cnienie:&nbsp; &nbsp; &nbsp; &nbsp; &nbsp; &nbsp; &nbsp; &nbsp;Amelia G\u0142ombiowska (SP \u0141ebno); Maja Dempc (SP \u0141ebie\u0144ska Huta);<\/p>\n<p>&nbsp; &nbsp; &nbsp; &nbsp; &nbsp; &nbsp; &nbsp; &nbsp; &nbsp; &nbsp; &nbsp; &nbsp; &nbsp; &nbsp; &nbsp; &nbsp; &nbsp; &nbsp; Anna Miotk (SP \u0141ebie\u0144ska Huta); Sandra Stenka (SP Jele\u0144ska Huta)<\/p>\n<p>&nbsp;<\/p>\n<p><strong>Kategoria klas VII \u2013 VIII <\/strong>(10 prac)<\/p>\n<p>I miejsce&nbsp;&nbsp;&nbsp;&nbsp;&nbsp;&nbsp;&nbsp;&nbsp; &#8211; &nbsp;&nbsp;&nbsp;&nbsp;&nbsp;&nbsp;&nbsp;&nbsp;&nbsp; Filip Trojanowski (SP \u0141ebno)<\/p>\n<p>II miejsce&nbsp;&nbsp;&nbsp;&nbsp;&nbsp;&nbsp;&nbsp; &#8211;&nbsp;&nbsp;&nbsp;&nbsp;&nbsp;&nbsp;&nbsp;&nbsp;&nbsp;&nbsp; Marcin Labuda (SP Cz\u0119stkowo)<\/p>\n<p>III miejsce&nbsp;&nbsp;&nbsp;&nbsp;&nbsp; &#8211;&nbsp; &nbsp; &nbsp; &nbsp; &nbsp; &nbsp; Oliwia Baranowska (SP Jele\u0144ska Huta)<\/p>\n<p>Wyr\u00f3\u017cnienie:&nbsp;&nbsp;&nbsp;&nbsp;&nbsp;&nbsp;&nbsp;&nbsp;&nbsp;&nbsp;&nbsp;&nbsp;&nbsp; Anna Pawelczyk (SP \u0141ebno)<\/p>\n<p><b>Rozdanie nagr\u00f3d odb\u0119dzie si\u0119 10.10.2025 r.&nbsp; o godz. 9.00&nbsp; w Centrum Samorz\u0105dowym w Szemudzie.<\/b><\/p>\n","protected":false},"excerpt":{"rendered":"<div class=\"mh-excerpt\"><p>Dnia 03.10.2025 r. w Bibliotece Publicznej Gminy Szemud, komisja konkursowa w sk\u0142adzie: J\u00f3zef Baszanowski &#8211; przewodnicz\u0105cy Joanna Formela Iwona Piastowska Renata Czoska&nbsp;&nbsp;&nbsp;&nbsp;&nbsp;&nbsp;&nbsp;&nbsp;&nbsp;&nbsp; rozstrzygn\u0119\u0142a i wytypowa\u0142a <a class=\"mh-excerpt-more\" href=\"https:\/\/biblioteka.szemud.pl\/index.php\/2025\/10\/06\/wyniki-konkursu-plastycznego-leon-heyke-oczami-dzieci-i-mlodziezy-4\/\" title=\"Wyniki Konkursu Plastycznego \u201cLeon Heyke oczami dzieci i m\u0142odzie\u017cy\u201d\">[&#8230;]<\/a><\/p>\n<\/div>","protected":false},"author":8,"featured_media":17503,"comment_status":"closed","ping_status":"closed","sticky":false,"template":"","format":"standard","meta":{"_price":"","_stock":"","_tribe_ticket_header":"","_tribe_default_ticket_provider":"","_tribe_ticket_capacity":"0","_ticket_start_date":"","_ticket_end_date":"","_tribe_ticket_show_description":"","_tribe_ticket_show_not_going":false,"_tribe_ticket_use_global_stock":"","_tribe_ticket_global_stock_level":"","_global_stock_mode":"","_global_stock_cap":"","_tribe_rsvp_for_event":"","_tribe_ticket_going_count":"","_tribe_ticket_not_going_count":"","_tribe_tickets_list":"[]","_tribe_ticket_has_attendee_info_fields":false,"footnotes":""},"categories":[31],"tags":[],"class_list":["post-71674","post","type-post","status-publish","format-standard","has-post-thumbnail","hentry","category-konkurs"],"_links":{"self":[{"href":"https:\/\/biblioteka.szemud.pl\/index.php\/wp-json\/wp\/v2\/posts\/71674","targetHints":{"allow":["GET"]}}],"collection":[{"href":"https:\/\/biblioteka.szemud.pl\/index.php\/wp-json\/wp\/v2\/posts"}],"about":[{"href":"https:\/\/biblioteka.szemud.pl\/index.php\/wp-json\/wp\/v2\/types\/post"}],"author":[{"embeddable":true,"href":"https:\/\/biblioteka.szemud.pl\/index.php\/wp-json\/wp\/v2\/users\/8"}],"replies":[{"embeddable":true,"href":"https:\/\/biblioteka.szemud.pl\/index.php\/wp-json\/wp\/v2\/comments?post=71674"}],"version-history":[{"count":2,"href":"https:\/\/biblioteka.szemud.pl\/index.php\/wp-json\/wp\/v2\/posts\/71674\/revisions"}],"predecessor-version":[{"id":71676,"href":"https:\/\/biblioteka.szemud.pl\/index.php\/wp-json\/wp\/v2\/posts\/71674\/revisions\/71676"}],"wp:featuredmedia":[{"embeddable":true,"href":"https:\/\/biblioteka.szemud.pl\/index.php\/wp-json\/wp\/v2\/media\/17503"}],"wp:attachment":[{"href":"https:\/\/biblioteka.szemud.pl\/index.php\/wp-json\/wp\/v2\/media?parent=71674"}],"wp:term":[{"taxonomy":"category","embeddable":true,"href":"https:\/\/biblioteka.szemud.pl\/index.php\/wp-json\/wp\/v2\/categories?post=71674"},{"taxonomy":"post_tag","embeddable":true,"href":"https:\/\/biblioteka.szemud.pl\/index.php\/wp-json\/wp\/v2\/tags?post=71674"}],"curies":[{"name":"wp","href":"https:\/\/api.w.org\/{rel}","templated":true}]}}