{"id":71401,"date":"2025-09-19T15:57:57","date_gmt":"2025-09-19T13:57:57","guid":{"rendered":"https:\/\/biblioteka.szemud.pl\/?p=71401"},"modified":"2025-09-19T15:57:57","modified_gmt":"2025-09-19T13:57:57","slug":"narodowe-czytanie-w-swiecie-jana-kochanowskiego","status":"publish","type":"post","link":"https:\/\/biblioteka.szemud.pl\/index.php\/2025\/09\/19\/narodowe-czytanie-w-swiecie-jana-kochanowskiego\/","title":{"rendered":"Narodowe Czytanie \u2013 w \u015bwiecie Jana Kochanowskiego"},"content":{"rendered":"\n<p style=\"text-align: justify;\">W niedziel\u0119 7 wrze\u015bnia mieszka\u0144cy naszej gminy mieli okazj\u0119 uczestniczy\u0107 w&nbsp;wyj\u0105tkowym wydarzeniu \u2013 kolejnej edycji Narodowego Czytania. Spotkanie odby\u0142o si\u0119 podczas Do\u017cynek Gminnych i jak co roku cieszy\u0142o si\u0119 du\u017cym zainteresowaniem. Ta og\u00f3lnopolska akcja, zainicjowana w 2012 roku przez Prezydenta RP, od pocz\u0105tku ma jeden cel: przypomina\u0107 Polakom o bogactwie naszej literatury i zach\u0119ca\u0107 do wsp\u00f3lnego, g\u0142o\u015bnego czytania arcydzie\u0142 narodowych. Tym razem bohaterem Narodowego Czytania zosta\u0142 <strong>Jan Kochanowski<\/strong> \u2013 poeta, kt\u00f3rego tw\u00f3rczo\u015b\u0107 do dzi\u015b zachwyca i inspiruje. Poezja Jana Kochanowskiego, w kt\u00f3rej g\u0142\u0119boka zaduma nad \u015bwiatem \u0142\u0105czy si\u0119 z humorem, a idee humanizmu z dojrza\u0142\u0105 refleksj\u0105 obywatelsk\u0105 i trosk\u0105 o Ojczyzn\u0119. Nasz wybitny renesansowy tw\u00f3rca zawar\u0142 w swoich utworach emocje oraz prze\u017cycia prawdziwie uniwersalne i dzi\u0119ki temu bliskie nam wsp\u00f3\u0142czesnym. Napisana przepi\u0119kn\u0105 polszczyzn\u0105, pe\u0142na m\u0105drych rad poezja Mistrza z Czarnolasu to niezwyk\u0142a kronika my\u015bli i obyczaj\u00f3w dawnej Rzeczypospolitej, kt\u00f3ra \u0142\u0105czy pokolenia i jest nadal aktualna. &nbsp;<\/p>\n<p style=\"text-align: justify;\">Atmosfera wsp\u00f3lnego czytania by\u0142a wyj\u0105tkowa. W namiocie przygotowanym przez Bibliotek\u0119 Publiczn\u0105 Gminy Szemud powsta\u0142a przestrze\u0144 sprzyjaj\u0105ca skupieniu i obcowaniu ze s\u0142owem. Fragmenty utwor\u00f3w Kochanowskiego czytali przedstawiciele w\u0142adz samorz\u0105dowych, jak r\u00f3wnie\u017c zaproszeni go\u015bcie i delegacje, a tak\u017ce mieszka\u0144cy, kt\u00f3rzy z ch\u0119ci\u0105 w\u0142\u0105czali si\u0119 w t\u0119 literack\u0105 inicjatyw\u0119. Publiczno\u015b\u0107 mog\u0142a nie tylko s\u0142ucha\u0107, ale te\u017c dzieli\u0107 si\u0119 w\u0142asnymi refleksjami o poezji sprzed kilku stuleci, kt\u00f3ra wci\u0105\u017c zachowuje niezwyk\u0142\u0105 aktualno\u015b\u0107.&nbsp;&nbsp;&nbsp;&nbsp;<\/p>\n<p style=\"text-align: justify;\">Ka\u017cdy uczestnik spotkania otrzyma\u0142 w prezencie egzemplarz zawieraj\u0105cy utwory Jana Kochanowskiego, opatrzony pami\u0105tkow\u0105 piecz\u0119ci\u0105 tej\u017ce akcji. By\u0142 to pi\u0119kny gest, dzi\u0119ki kt\u00f3remu ka\u017cdy m\u00f3g\u0142 zabra\u0107 ze sob\u0105 fragment tego niezwyk\u0142ego dziedzictwa do w\u0142asnego domu i si\u0119gn\u0105\u0107 po niego tak\u017ce po zako\u0144czeniu wydarzenia.<\/p>\n<p style=\"text-align: justify;\">Narodowe Czytanie 2025 pokaza\u0142o, \u017ce literatura sprzed wiek\u00f3w nie traci na warto\u015bci. Wr\u0119cz przeciwnie \u2013 pozwala nam lepiej rozumie\u0107 siebie i swoje emocje, daje poczucie wsp\u00f3lnoty i pokazuje, \u017ce pi\u0119kno j\u0119zyka polskiego jest ponadczasowe. Spotkanie by\u0142o nie tylko cz\u0119\u015bci\u0105 og\u00f3lnopolskiej inicjatywy, ale r\u00f3wnie\u017c wa\u017cnym lokalnym wydarzeniem kulturalnym, kt\u00f3re na d\u0142ugo pozostanie w pami\u0119ci uczestnik\u00f3w.<\/p>\n<p style=\"text-align: justify;\">Dzi\u0119kujemy wszystkim, kt\u00f3rzy przyj\u0119li zaproszenie i razem z nami sp\u0119dzili ten dzie\u0144 w&nbsp;\u015bwiecie s\u0142\u00f3w Jana Kochanowskiego. Mamy nadziej\u0119, \u017ce wsp\u00f3lne czytanie stanie si\u0119 dla wielu os\u00f3b inspiracj\u0105 do cz\u0119stszego si\u0119gania po klasyk\u0119 polskiej literatury.<\/p>\n<p><em>&nbsp; &nbsp; &nbsp; &nbsp; &nbsp; &nbsp; &nbsp; &nbsp; &nbsp; &nbsp; &nbsp; &nbsp; &nbsp; &nbsp; &nbsp; &nbsp; &nbsp; &nbsp; &nbsp; &nbsp; &nbsp; &nbsp; &nbsp; &nbsp; &nbsp; &nbsp; &nbsp; &nbsp; &nbsp; &nbsp; &nbsp; &nbsp; &nbsp; &nbsp; &nbsp; &nbsp; &nbsp; &nbsp; &nbsp; &nbsp; &nbsp; &nbsp; &nbsp; &nbsp; &nbsp; &nbsp; &nbsp; &nbsp; &nbsp; &nbsp; &nbsp; &nbsp; &nbsp; &nbsp; &nbsp; &nbsp; &nbsp; &nbsp; &nbsp; &nbsp; &nbsp; &nbsp; &nbsp; Bibliotekarze&nbsp;&nbsp;&nbsp; <\/em><\/p>\n\n\n\n[ngg src=&#8221;galleries&#8221; ids=&#8221;2203&#8243; display=&#8221;basic_thumbnail&#8221;]\n","protected":false},"excerpt":{"rendered":"<div class=\"mh-excerpt\"><p>W niedziel\u0119 7 wrze\u015bnia mieszka\u0144cy naszej gminy mieli okazj\u0119 uczestniczy\u0107 w&nbsp;wyj\u0105tkowym wydarzeniu \u2013 kolejnej edycji Narodowego Czytania. Spotkanie odby\u0142o si\u0119 podczas Do\u017cynek Gminnych i jak <a class=\"mh-excerpt-more\" href=\"https:\/\/biblioteka.szemud.pl\/index.php\/2025\/09\/19\/narodowe-czytanie-w-swiecie-jana-kochanowskiego\/\" title=\"Narodowe Czytanie \u2013 w \u015bwiecie Jana Kochanowskiego\">[&#8230;]<\/a><\/p>\n<\/div>","protected":false},"author":8,"featured_media":71402,"comment_status":"closed","ping_status":"closed","sticky":false,"template":"","format":"standard","meta":{"_price":"","_stock":"","_tribe_ticket_header":"","_tribe_default_ticket_provider":"","_tribe_ticket_capacity":"0","_ticket_start_date":"","_ticket_end_date":"","_tribe_ticket_show_description":"","_tribe_ticket_show_not_going":false,"_tribe_ticket_use_global_stock":"","_tribe_ticket_global_stock_level":"","_global_stock_mode":"","_global_stock_cap":"","_tribe_rsvp_for_event":"","_tribe_ticket_going_count":"","_tribe_ticket_not_going_count":"","_tribe_tickets_list":"[]","_tribe_ticket_has_attendee_info_fields":false,"footnotes":""},"categories":[11],"tags":[],"class_list":["post-71401","post","type-post","status-publish","format-standard","has-post-thumbnail","hentry","category-inne"],"_links":{"self":[{"href":"https:\/\/biblioteka.szemud.pl\/index.php\/wp-json\/wp\/v2\/posts\/71401","targetHints":{"allow":["GET"]}}],"collection":[{"href":"https:\/\/biblioteka.szemud.pl\/index.php\/wp-json\/wp\/v2\/posts"}],"about":[{"href":"https:\/\/biblioteka.szemud.pl\/index.php\/wp-json\/wp\/v2\/types\/post"}],"author":[{"embeddable":true,"href":"https:\/\/biblioteka.szemud.pl\/index.php\/wp-json\/wp\/v2\/users\/8"}],"replies":[{"embeddable":true,"href":"https:\/\/biblioteka.szemud.pl\/index.php\/wp-json\/wp\/v2\/comments?post=71401"}],"version-history":[{"count":1,"href":"https:\/\/biblioteka.szemud.pl\/index.php\/wp-json\/wp\/v2\/posts\/71401\/revisions"}],"predecessor-version":[{"id":71403,"href":"https:\/\/biblioteka.szemud.pl\/index.php\/wp-json\/wp\/v2\/posts\/71401\/revisions\/71403"}],"wp:featuredmedia":[{"embeddable":true,"href":"https:\/\/biblioteka.szemud.pl\/index.php\/wp-json\/wp\/v2\/media\/71402"}],"wp:attachment":[{"href":"https:\/\/biblioteka.szemud.pl\/index.php\/wp-json\/wp\/v2\/media?parent=71401"}],"wp:term":[{"taxonomy":"category","embeddable":true,"href":"https:\/\/biblioteka.szemud.pl\/index.php\/wp-json\/wp\/v2\/categories?post=71401"},{"taxonomy":"post_tag","embeddable":true,"href":"https:\/\/biblioteka.szemud.pl\/index.php\/wp-json\/wp\/v2\/tags?post=71401"}],"curies":[{"name":"wp","href":"https:\/\/api.w.org\/{rel}","templated":true}]}}