{"id":71279,"date":"2025-09-01T13:13:04","date_gmt":"2025-09-01T11:13:04","guid":{"rendered":"https:\/\/biblioteka.szemud.pl\/?p=71279"},"modified":"2025-09-01T13:13:04","modified_gmt":"2025-09-01T11:13:04","slug":"podroze-wakacyjne-utw","status":"publish","type":"post","link":"https:\/\/biblioteka.szemud.pl\/index.php\/2025\/09\/01\/podroze-wakacyjne-utw\/","title":{"rendered":"PODR\u00d3\u017bE WAKACYJNE UTW"},"content":{"rendered":"\n<p style=\"text-align: justify;\">Wakacje, czas zas\u0142u\u017conego odpoczynku po intensywnie sp\u0119dzonym roku akademickim, czas relaksu i indywidualnych woja\u017cy. Jednak s\u0142uchacze UTW nie zwalniaj\u0105 tempa i wzorem ubieg\u0142ego roku korzystaj\u0105 ze zorganizowanych specjalnie dla nich wyjazd\u00f3w. Pierwsza wycieczka odby\u0142a si\u0119 jeszcze w czasie trwania roku akademickiego. Wtedy to, wraz z paniami z Ko\u0142a Gospody\u0144 Wiejskich w Szemudzie, wyruszyli\u015bmy na \u201epodb\u00f3j\u201d Malborka. Wycieczkowicze wype\u0142nili dwa autokary, a w celu zwiedzania zamku malborskiego musieli\u015bmy podzieli\u0107 si\u0119 na cztery grupy. Relacj\u0119 z tej wyprawy mogli\u015bcie przeczyta\u0107 w lipcowym numerze Les\u00f4ka. Na pierwszy wakacyjny wyjazd wyruszyli\u015bmy 11. lipca. Zacz\u0119li\u015bmy od odwiedzenia zabytkowego ko\u015bcio\u0142a w Swarzewie, gdzie odbywaj\u0105 si\u0119 coroczne odpusty, dzi\u0119ki czemu jest to miejsce docelowe wielu pielgrzymek. Nast\u0119pnie pojechali\u015bmy do Helu, gdzie zwiedzili\u015bmy Muzeum Obrony Wybrze\u017ca. Kolejnym ciekawym obiektem by\u0142o Muzeum Rybo\u0142\u00f3wstwa mieszcz\u0105ce si\u0119 w dawnym ko\u015bciele ewangelickim, kt\u00f3rego pocz\u0105tki si\u0119gaj\u0105 XV w. Po przerwie na obiad i kaw\u0119 zrobili\u015bmy piesz\u0105 w\u0119dr\u00f3wk\u0119 i dotarli\u015bmy do miejsca nazwanego \u201ePocz\u0105tek Polski\u201d. W drodze powrotnej odwiedzili\u015bmy Jurat\u0119. Ta turystyczna miejscowo\u015b\u0107 robi fantastyczne wra\u017cenie. Mo\u017cna tam zobaczy\u0107 pi\u0119knie wykonany pomnik bogini Juraty, kt\u00f3ra zgodnie z legend\u0105 zamieszkiwa\u0142a w bursztynowym zamku na dnie Ba\u0142tyku. Miejscowo\u015b\u0107 posiada r\u00f3wnie\u017c ca\u0142kiem okaza\u0142ych rozmiar\u00f3w molo wychodz\u0105ce na Zatok\u0119 Puck\u0105. Jedena\u015bcie dni p\u00f3\u017aniej na t\u0119 sam\u0105 tras\u0119 pojecha\u0142a druga grupa s\u0142uchaczy UTW, a w mi\u0119dzyczasie wyruszyli\u015bmy na zwiedzanie atrakcji Gda\u0144ska. T\u0119 wypraw\u0119 rozpocz\u0119li\u015bmy od w\u0119dr\u00f3wki po G\u00f3rze Gradowej, gdzie dawne forty broni\u0142y kiedy\u015b mieszka\u0144c\u00f3w grodu nad Mot\u0142aw\u0105 przed wrogimi wojskami. Dzi\u015b G\u00f3ra Gradowa pe\u0142ni funkcj\u0119 muzealn\u0105. Ciekawostk\u0105 jest to, \u017ce dwa razy do roku na wielkim maszcie usadowionym na szczycie g\u00f3ry powiewa d\u0142uga na 8 metr\u00f3w kaszubska flaga. Zawieszana jest na ca\u0142\u0105 dob\u0119 w Dniu Jedno\u015bci Kaszub\u00f3w &#8211; 19 marca, oraz w Dniu Flagi Kaszubskiej 18 sierpnia. Kolejnym odwiedzonym przez nas miejscem by\u0142o Europejskie Centrum Solidarno\u015bci, gdzie mogli\u015bmy przypomnie\u0107 sobie czas walki z komunistycznym systemem. Kolejnym odwiedzonym tego dnia miejscem by\u0142a Twierdza Wis\u0142ouj\u015bcie. Ten zabytkowy obiekt, po niedawno zako\u0144czonym remoncie, zosta\u0142 udost\u0119pniony do zwiedzania i by\u0142 g\u0142\u00f3wnym celem naszej wyprawy. W sierpniu wyruszyli\u015bmy na wycieczk\u0119 objazdow\u0105 \u201eWok\u00f3\u0142 Jeziora \u017barnowieckiego\u201d. Odwiedzili\u015bmy Pia\u015bnic\u0119 -miejsce masowych egzekucji na ludno\u015bci polskiej w czasie II W\u015a. Drugi post\u00f3j mieli\u015bmy w \u015awiecinie, ma\u0142ej miejscowo\u015bci znanej z bitwy z Krzy\u017cakami w roku 1462. Nast\u0119pnie w\u0119druj\u0105c Sowim Jarem dotarli\u015bmy do zamku w Krokowej gdzie nasz przewodnik, pan Radek, opowiedzia\u0142 nam histori\u0119 tego fascynuj\u0105cego miejsca. Potem udali\u015bmy si\u0119 na zwiedzanie klasztoru i jego skarbca w \u017barnowcu. W drodze do Nadola przekroczyli\u015bmy dawn\u0105 granic\u0119 na rzece Pia\u015bnicy, a na miejscu odwiedzili\u015bmy skansen z zabytkowymi chatami kaszubskimi. Na przystani w&nbsp;Nadolu mieli\u015bmy chwil\u0119 na odpoczynek przy kawie i lodach, by nast\u0119pnie obejrze\u0107 Elektrowni\u0119 Szczytowo-Pompow\u0105 w Czymanowie i ruiny Elektrowni w \u017barnowcu. Na zako\u0144czenie odwiedzili\u015bmy jeszcze ma\u0142\u0105 miejscowo\u015b\u0107 Ty\u0142owo z ko\u015bci\u00f3\u0142kiem i zabytkowym dworem. Ze wzgl\u0119du na du\u017c\u0105 ilo\u015b\u0107 ch\u0119tnych, t\u0119 tras\u0119 r\u00f3wnie\u017c powt\u00f3rzyli\u015bmy w drugim terminie. O ewentualnych nast\u0119pnych wycieczkach b\u0119d\u0119 Was informowa\u0142 na bie\u017c\u0105co przez&nbsp; media spo\u0142eczno\u015bciowe.<\/p>\n<p>&nbsp;<\/p>\n<p>&nbsp;&nbsp;&nbsp;&nbsp;&nbsp;&nbsp;&nbsp;&nbsp;&nbsp;&nbsp;&nbsp;&nbsp;&nbsp;&nbsp;&nbsp;&nbsp;&nbsp;&nbsp;&nbsp;&nbsp;&nbsp;&nbsp;&nbsp;&nbsp;&nbsp;&nbsp;&nbsp;&nbsp;&nbsp;&nbsp;&nbsp;&nbsp;&nbsp;&nbsp;&nbsp;&nbsp;&nbsp;&nbsp;&nbsp;&nbsp;&nbsp;&nbsp;&nbsp;&nbsp;&nbsp;&nbsp;&nbsp; &nbsp;&nbsp;&nbsp;&nbsp;&nbsp;&nbsp;&nbsp;&nbsp;&nbsp;&nbsp;&nbsp;&nbsp;&nbsp;&nbsp;&nbsp;&nbsp;&nbsp;&nbsp;&nbsp;&nbsp;&nbsp;&nbsp;&nbsp;&nbsp;&nbsp;&nbsp;&nbsp;&nbsp;&nbsp;&nbsp;&nbsp;&nbsp;&nbsp;&nbsp;&nbsp;&nbsp;&nbsp;&nbsp;&nbsp;&nbsp;&nbsp;&nbsp;&nbsp;&nbsp;&nbsp;&nbsp;&nbsp;&nbsp;&nbsp;&nbsp;&nbsp;&nbsp;&nbsp;&nbsp;&nbsp;&nbsp;&nbsp;&nbsp;&nbsp;&nbsp;&nbsp;&nbsp;&nbsp;&nbsp;&nbsp;&nbsp;&nbsp;&nbsp;&nbsp;&nbsp;&nbsp;&nbsp;&nbsp;&nbsp;&nbsp;&nbsp;&nbsp;&nbsp;&nbsp;&nbsp; &nbsp;&nbsp;&nbsp;<em>J\u00f3zef Baszanowski<\/em><\/p>\n\n\n\n[ngg src=&#8221;galleries&#8221; ids=&#8221;2174,2175,2176,2186,2189&#8243; display=&#8221;basic_thumbnail&#8221;]\n","protected":false},"excerpt":{"rendered":"<div class=\"mh-excerpt\"><p>Wakacje, czas zas\u0142u\u017conego odpoczynku po intensywnie sp\u0119dzonym roku akademickim, czas relaksu i indywidualnych woja\u017cy. Jednak s\u0142uchacze UTW nie zwalniaj\u0105 tempa i wzorem ubieg\u0142ego roku korzystaj\u0105 <a class=\"mh-excerpt-more\" href=\"https:\/\/biblioteka.szemud.pl\/index.php\/2025\/09\/01\/podroze-wakacyjne-utw\/\" title=\"PODR\u00d3\u017bE WAKACYJNE UTW\">[&#8230;]<\/a><\/p>\n<\/div>","protected":false},"author":8,"featured_media":71280,"comment_status":"closed","ping_status":"closed","sticky":false,"template":"","format":"standard","meta":{"_price":"","_stock":"","_tribe_ticket_header":"","_tribe_default_ticket_provider":"","_tribe_ticket_capacity":"0","_ticket_start_date":"","_ticket_end_date":"","_tribe_ticket_show_description":"","_tribe_ticket_show_not_going":false,"_tribe_ticket_use_global_stock":"","_tribe_ticket_global_stock_level":"","_global_stock_mode":"","_global_stock_cap":"","_tribe_rsvp_for_event":"","_tribe_ticket_going_count":"","_tribe_ticket_not_going_count":"","_tribe_tickets_list":"[]","_tribe_ticket_has_attendee_info_fields":false,"footnotes":""},"categories":[11],"tags":[],"class_list":["post-71279","post","type-post","status-publish","format-standard","has-post-thumbnail","hentry","category-inne"],"_links":{"self":[{"href":"https:\/\/biblioteka.szemud.pl\/index.php\/wp-json\/wp\/v2\/posts\/71279","targetHints":{"allow":["GET"]}}],"collection":[{"href":"https:\/\/biblioteka.szemud.pl\/index.php\/wp-json\/wp\/v2\/posts"}],"about":[{"href":"https:\/\/biblioteka.szemud.pl\/index.php\/wp-json\/wp\/v2\/types\/post"}],"author":[{"embeddable":true,"href":"https:\/\/biblioteka.szemud.pl\/index.php\/wp-json\/wp\/v2\/users\/8"}],"replies":[{"embeddable":true,"href":"https:\/\/biblioteka.szemud.pl\/index.php\/wp-json\/wp\/v2\/comments?post=71279"}],"version-history":[{"count":1,"href":"https:\/\/biblioteka.szemud.pl\/index.php\/wp-json\/wp\/v2\/posts\/71279\/revisions"}],"predecessor-version":[{"id":71281,"href":"https:\/\/biblioteka.szemud.pl\/index.php\/wp-json\/wp\/v2\/posts\/71279\/revisions\/71281"}],"wp:featuredmedia":[{"embeddable":true,"href":"https:\/\/biblioteka.szemud.pl\/index.php\/wp-json\/wp\/v2\/media\/71280"}],"wp:attachment":[{"href":"https:\/\/biblioteka.szemud.pl\/index.php\/wp-json\/wp\/v2\/media?parent=71279"}],"wp:term":[{"taxonomy":"category","embeddable":true,"href":"https:\/\/biblioteka.szemud.pl\/index.php\/wp-json\/wp\/v2\/categories?post=71279"},{"taxonomy":"post_tag","embeddable":true,"href":"https:\/\/biblioteka.szemud.pl\/index.php\/wp-json\/wp\/v2\/tags?post=71279"}],"curies":[{"name":"wp","href":"https:\/\/api.w.org\/{rel}","templated":true}]}}