{"id":69455,"date":"2025-07-28T11:16:37","date_gmt":"2025-07-28T09:16:37","guid":{"rendered":"https:\/\/biblioteka.szemud.pl\/?p=69455"},"modified":"2025-07-28T11:16:37","modified_gmt":"2025-07-28T09:16:37","slug":"akcje-czytelnicze-przy-bibliotece-publicznej-w-lebnie","status":"publish","type":"post","link":"https:\/\/biblioteka.szemud.pl\/index.php\/2025\/07\/28\/akcje-czytelnicze-przy-bibliotece-publicznej-w-lebnie\/","title":{"rendered":"Akcje czytelnicze przy Bibliotece Publicznej          w \u0141ebnie"},"content":{"rendered":"\n<p><strong>Spotkania z bajk\u0105 dla klas 0 Szko\u0142y Podstawowej im. Jana Paw\u0142a II w \u0141ebnie<\/strong><\/p>\n<p style=\"text-align: justify;\">W roku szkolnym 2024\/2025 uczniowie klas 0a i 0b SP w \u0141ebnie mieli niepowtarzaln\u0105 okazj\u0119 uczestniczy\u0107 w wyj\u0105tkowym cyklu zaj\u0119\u0107 pt. <strong>\u201eSpotkania z Bajk\u0105\u201d<\/strong><strong>,<\/strong> organizowanym przez Bibliotek\u0119 Publiczn\u0105 w \u0141ebnie. Spotkania odbywa\u0142y si\u0119 raz w miesi\u0105cu i za ka\u017cdym razem dostarcza\u0142y dzieciom nie tylko mn\u00f3stwo rado\u015bci, ale te\u017c warto\u015bciowych tre\u015bci edukacyjnych i&nbsp;emocjonalnych. Podczas zaj\u0119\u0107 dzieci poznawa\u0142y klasyczne bajki, kt\u00f3re s\u0105 nieod\u0142\u0105cznym elementem dzieci\u0144stwa wielu pokole\u0144. Lektura bajek by\u0142a punktem wyj\u015bcia do wsp\u00f3lnej rozmowy, zabawy oraz inscenizacji. Najwi\u0119ksz\u0105 atrakcj\u0105 by\u0142o wcielanie si\u0119 w role bajkowych bohater\u00f3w \u2013 dzieci z zaanga\u017cowaniem odgrywa\u0142y scenki, rozwijaj\u0105c przy tym swoj\u0105 wyobra\u017ani\u0119, empati\u0119 i umiej\u0119tno\u015b\u0107 wsp\u00f3\u0142pracy. Dzi\u0119ki temu ka\u017cde spotkanie stawa\u0142o si\u0119 nie tylko lekcj\u0105 literatury, ale te\u017c teatru, emocji i tw\u00f3rczego my\u015blenia.<\/p>\n<p><strong>Rola bajek w \u017cyciu dzieci i doros\u0142ych<\/strong><\/p>\n<p style=\"text-align: justify;\">Bajki od wiek\u00f3w towarzysz\u0105 ludziom \u2013 przekazywane ustnie lub zapisane, stanowi\u0105 \u017ar\u00f3d\u0142o m\u0105dro\u015bci, tradycji i uniwersalnych warto\u015bci. Dla dzieci s\u0105 one pierwszym kontaktem z&nbsp;literatur\u0105, pomagaj\u0105 zrozumie\u0107 \u015bwiat, nazwa\u0107 emocje i odr\u00f3\u017cnia\u0107 dobro od z\u0142a. Dzi\u0119ki bajkom dzieci ucz\u0105 si\u0119, \u017ce warto by\u0107 odwa\u017cnym, pomocnym i sprawiedliwym. Przygody bohater\u00f3w ucz\u0105, \u017ce ka\u017cda trudno\u015b\u0107 mo\u017ce zosta\u0107 pokonana, a ka\u017cda historia niesie nadziej\u0119 na dobre zako\u0144czenie.<\/p>\n<p style=\"text-align: justify;\">Dla doros\u0142ych bajki to cz\u0119sto sentymentalny powr\u00f3t do czas\u00f3w dzieci\u0144stwa, ale te\u017c okazja do refleksji \u2013 wiele bajek, cho\u0107 prostych w formie, zawiera g\u0142\u0119bokie przes\u0142ania, kt\u00f3re s\u0105 r\u00f3wnie aktualne dla doros\u0142ych, co dla najm\u0142odszych.<\/p>\n<p style=\"text-align: justify;\">Serdeczne podzi\u0119kowania kieruj\u0119 do wychowawc\u00f3w oddzia\u0142\u00f3w przedszkolnych za zaanga\u017cowanie i ciep\u0142\u0105 atmosfer\u0119 podczas ka\u017cdego spotkania. \u201eSpotkania z bajk\u0105\u201d sta\u0142y si\u0119 pi\u0119kn\u0105 tradycj\u0105, kt\u00f3r\u0105 \u2013 mamy nadziej\u0119 \u2013 b\u0119dziemy kontynuowa\u0107 w kolejnych latach.<\/p>\n<p><strong>&#8222;Czytanie na polanie 2025&#8221; \u2013 magiczne spotkanie z ksi\u0105\u017ck\u0105 w \u0141ebnie<\/strong><\/p>\n<p style=\"text-align: justify;\">17 czerwca 2025 roku uczniowie Szko\u0142y Podstawowej im. Jana Paw\u0142a II , we wsp\u00f3\u0142pracy z&nbsp;Bibliotek\u0105 Publiczn\u0105 w \u0141ebnie , wzi\u0119li udzia\u0142 w wyj\u0105tkowym wydarzeniu \u2013 &#8222;Czytaniu na polanie&#8221;. W malowniczym plenerze, w\u015br\u00f3d zieleni i \u015bpiewu ptak\u00f3w, uczniowie klas 0\u20138 wsp\u00f3lnie czytali bajki, dziel\u0105c si\u0119 rado\u015bci\u0105 p\u0142yn\u0105c\u0105 z literatury.<\/p>\n<p style=\"text-align: justify;\">Szczeg\u00f3lnym punktem programu by\u0142a barwna inscenizacja ba\u015bni <strong>&#8222;\u015api\u0105ca kr\u00f3lewna&#8221;<\/strong> w&nbsp;wykonaniu uczni\u00f3w klas 0 i 4, kt\u00f3ra zachwyci\u0142a zar\u00f3wno m\u0142odszych, jak i starszych uczestnik\u00f3w spotkania.<\/p>\n<p style=\"text-align: justify;\">Podczas wydarzenia rozstrzygni\u0119to tak\u017ce akcj\u0119 <strong>&#8222;Przerwa z ksi\u0105\u017ck\u0105&#8221;<\/strong> \u2013 wyr\u00f3\u017cniono najbardziej sumiennych czytelnik\u00f3w, kt\u00f3rym wr\u0119czono pami\u0105tkowe dyplomy oraz nagrody ksi\u0105\u017ckowe. To by\u0142a prawdziwa uczta dla ducha, promuj\u0105ca czytelnictwo, wsp\u00f3\u0142prac\u0119 i wsp\u00f3lne prze\u017cywanie pi\u0119kna literatury. Gratulujemy organizatorom i uczestnikom!<\/p>\n<p><em>&nbsp; &nbsp; &nbsp; &nbsp; &nbsp; &nbsp; &nbsp; &nbsp; &nbsp; &nbsp; &nbsp; &nbsp; &nbsp; &nbsp; &nbsp; &nbsp; &nbsp; &nbsp; &nbsp; &nbsp; &nbsp; &nbsp; &nbsp; &nbsp; &nbsp; &nbsp; &nbsp; &nbsp; &nbsp; &nbsp; &nbsp; &nbsp; &nbsp; &nbsp; &nbsp; &nbsp; &nbsp; &nbsp; &nbsp; &nbsp; &nbsp; &nbsp; &nbsp; &nbsp; &nbsp; &nbsp; &nbsp; &nbsp; &nbsp; &nbsp; &nbsp; &nbsp; &nbsp; &nbsp; &nbsp; &nbsp; &nbsp; &nbsp; &nbsp; &nbsp; &nbsp; &nbsp; &nbsp; &nbsp; &nbsp; &nbsp; Lis Gra\u017cyna<\/em><\/p>\n\n\n\n[ngg src=&#8221;albums&#8221; ids=&#8221;176&#8243; display=&#8221;compact_album&#8221;]\n\n\n\n[ngg src=&#8221;galleries&#8221; ids=&#8221;2155&#8243; display=&#8221;basic_thumbnail&#8221;]\n","protected":false},"excerpt":{"rendered":"<div class=\"mh-excerpt\"><p>Spotkania z bajk\u0105 dla klas 0 Szko\u0142y Podstawowej im. Jana Paw\u0142a II w \u0141ebnie W roku szkolnym 2024\/2025 uczniowie klas 0a i 0b SP w <a class=\"mh-excerpt-more\" href=\"https:\/\/biblioteka.szemud.pl\/index.php\/2025\/07\/28\/akcje-czytelnicze-przy-bibliotece-publicznej-w-lebnie\/\" title=\"Akcje czytelnicze przy Bibliotece Publicznej          w \u0141ebnie\">[&#8230;]<\/a><\/p>\n<\/div>","protected":false},"author":8,"featured_media":69456,"comment_status":"closed","ping_status":"closed","sticky":false,"template":"","format":"standard","meta":{"_price":"","_stock":"","_tribe_ticket_header":"","_tribe_default_ticket_provider":"","_tribe_ticket_capacity":"0","_ticket_start_date":"","_ticket_end_date":"","_tribe_ticket_show_description":"","_tribe_ticket_show_not_going":false,"_tribe_ticket_use_global_stock":"","_tribe_ticket_global_stock_level":"","_global_stock_mode":"","_global_stock_cap":"","_tribe_rsvp_for_event":"","_tribe_ticket_going_count":"","_tribe_ticket_not_going_count":"","_tribe_tickets_list":"[]","_tribe_ticket_has_attendee_info_fields":false,"footnotes":""},"categories":[11],"tags":[],"class_list":["post-69455","post","type-post","status-publish","format-standard","has-post-thumbnail","hentry","category-inne"],"_links":{"self":[{"href":"https:\/\/biblioteka.szemud.pl\/index.php\/wp-json\/wp\/v2\/posts\/69455","targetHints":{"allow":["GET"]}}],"collection":[{"href":"https:\/\/biblioteka.szemud.pl\/index.php\/wp-json\/wp\/v2\/posts"}],"about":[{"href":"https:\/\/biblioteka.szemud.pl\/index.php\/wp-json\/wp\/v2\/types\/post"}],"author":[{"embeddable":true,"href":"https:\/\/biblioteka.szemud.pl\/index.php\/wp-json\/wp\/v2\/users\/8"}],"replies":[{"embeddable":true,"href":"https:\/\/biblioteka.szemud.pl\/index.php\/wp-json\/wp\/v2\/comments?post=69455"}],"version-history":[{"count":1,"href":"https:\/\/biblioteka.szemud.pl\/index.php\/wp-json\/wp\/v2\/posts\/69455\/revisions"}],"predecessor-version":[{"id":69457,"href":"https:\/\/biblioteka.szemud.pl\/index.php\/wp-json\/wp\/v2\/posts\/69455\/revisions\/69457"}],"wp:featuredmedia":[{"embeddable":true,"href":"https:\/\/biblioteka.szemud.pl\/index.php\/wp-json\/wp\/v2\/media\/69456"}],"wp:attachment":[{"href":"https:\/\/biblioteka.szemud.pl\/index.php\/wp-json\/wp\/v2\/media?parent=69455"}],"wp:term":[{"taxonomy":"category","embeddable":true,"href":"https:\/\/biblioteka.szemud.pl\/index.php\/wp-json\/wp\/v2\/categories?post=69455"},{"taxonomy":"post_tag","embeddable":true,"href":"https:\/\/biblioteka.szemud.pl\/index.php\/wp-json\/wp\/v2\/tags?post=69455"}],"curies":[{"name":"wp","href":"https:\/\/api.w.org\/{rel}","templated":true}]}}