{"id":68695,"date":"2025-07-15T13:24:30","date_gmt":"2025-07-15T11:24:30","guid":{"rendered":"https:\/\/biblioteka.szemud.pl\/?p=68695"},"modified":"2025-07-15T14:00:55","modified_gmt":"2025-07-15T12:00:55","slug":"ogrody-literatury-podczas-xxvi-swiatowego-zjazdu-kaszubow","status":"publish","type":"post","link":"https:\/\/biblioteka.szemud.pl\/index.php\/2025\/07\/15\/ogrody-literatury-podczas-xxvi-swiatowego-zjazdu-kaszubow\/","title":{"rendered":"Ogrody Literatury podczas XXVI \u015awiatowego Zjazdu Kaszub\u00f3w"},"content":{"rendered":"\n<p style=\"text-align: justify;\">W sobot\u0119 5 lipca, podczas XXVI \u015awiatowego Zjazdu Kaszub\u00f3w, Biblioteka Publiczna Gminy Szemud wraz ze Zrzeszeniem Kaszubsko-Pomorskim zaprosili uczestnik\u00f3w na wyj\u0105tkowe wydarzenie literackie \u2014 <em>Ogrody Literatury<\/em>.<\/p>\n<p style=\"text-align: justify;\">To niezwyk\u0142e spotkanie by\u0142o prawdziwym \u015bwi\u0119tem mi\u0142o\u015bnik\u00f3w literatury kaszubskiej i pi\u0119knego s\u0142owa. W specjalnie przygotowanej przestrzeni nie zabrak\u0142o rozm\u00f3w z autorami ksi\u0105\u017cek pisanych o historii, tradycji, kulturze Kaszub\u00f3w.<\/p>\n<p style=\"text-align: justify;\">Rozpocz\u0119li\u015bmy \u201eZjazdowym czytaniem w Ogrodach Literatury\u201d, gdzie prezentowali\u015bmy nasz dorobek wydawniczy publikacji wszystkich naszych patron\u00f3w \u2013 ks. dr. Leona Heyke, Alojzego Nagla, Jana Piepki\u00a0 oraz Boles\u0142awa Borka. Nie zabrak\u0142o te\u017c stoiska wydawnictwa Region, z\u00a0kt\u00f3rym to wydali\u015bmy te wszystkie ksi\u0105\u017cki. Pi\u0119knym akcentem wydarzenia by\u0142a mo\u017cliwo\u015b\u0107 wybrania ksi\u0105\u017cki w prezencie \u2014 z dorobku jednego z patron\u00f3w naszej biblioteki. By\u0142 to symboliczny gest wdzi\u0119czno\u015bci za wsp\u00f3lne czytanie naszych publikacji, pami\u0119\u0107 o lokalnych tw\u00f3rcach i piel\u0119gnowanie dziedzictwa literackiego Kaszub.<\/p>\n<p style=\"text-align: justify;\">Kolejnym punktem by\u0142o spotkanie pt. \u201eMY \u2013 KASZUBI oczami historyk\u00f3w\u201d, gdzie o swojej publikacji \u201eDzieje Kaszub\u00f3w\u201d opowiedzieli nam ich autorzy: Adam Lubocki autor tomu 1 &#8211; Dzieje Kaszub\u00f3w do roku 1815 oraz dr Micha\u0142 Hinc autor tomu 2 &#8211; Dzieje Kaszub\u00f3w od roku 1815 do wsp\u00f3\u0142czesno\u015bci.<\/p>\n<p style=\"text-align: justify;\">Nast\u0119pnie w naszym bibliotecznym namiocie zasiedli: dr Bo\u017cena Ugowska, Justyna Pranszke oraz Gracjan Fopke, kt\u00f3rzy w spotkaniu zatytu\u0142owanym\u00a0 \u201eZ tej ziemi wyro\u015bli\u015bmy \u2013 spotkanie z\u00a0literatami z okolic Szemuda\u201d przedstawili nam r\u00f3\u017cnych tw\u00f3rc\u00f3w wywodz\u0105cych si\u0119 z naszej pi\u0119knej gminy Szemud. Nie zabrak\u0142o wsp\u00f3lnego odkrywania lokalnej tw\u00f3rczo\u015bci oraz inspiruj\u0105cych dyskusji o kulturze i to\u017csamo\u015bci naszego regionu.<\/p>\n<p style=\"text-align: justify;\">Zako\u0144czyli\u015bmy Ogrody literatury spotkaniem pt. \u201eNa ko\u0144cu jest Koniec\u201d czyli spotkanie autorskie z Dari\u0105 Kaszubowsk\u0105, autork\u0105 propaguj\u0105c\u0105 histori\u0119, tradycj\u0119 kaszubsk\u0105 w swoich publikacjach, autork\u0105 najbardziej poczytnej Sagi Kaszubskiej. Opowiedzia\u0142a jak powstaj\u0105 jej ksi\u0105\u017cki, sk\u0105d czerpie materia\u0142y, inspiracje do pisania tak fascynuj\u0105cych powie\u015bci. Dowiedzieli\u015bmy si\u0119, \u017ce pisanie dialog\u00f3w zaczerpn\u0119\u0142a z powie\u015bci naszego patrona biblioteki w\u00a0\u0141ebnie Jana Piepki. Dla nas to potwierdzenie, \u017ce wznawianie wyda\u0144 naszych patron\u00f3w ma sens i jest potrzebne.<\/p>\n<p style=\"text-align: justify;\"><em>Ogrody Literatury<\/em> za nami, by\u0142o to pi\u0119kne \u015bwi\u0119to gdzie ka\u017cdy m\u00f3g\u0142 zatrzyma\u0107 si\u0119 na chwil\u0119 w\u00a0przyjaznej, tw\u00f3rczej atmosferze \u2014 ws\u0142ucha\u0107 si\u0119 w opowie\u015bci pisarzy, podyskutowa\u0107 o\u00a0ksi\u0105\u017ckach i wsp\u00f3lnie celebrowa\u0107 bogactwo kaszubskiej literatury.<\/p>\n<p style=\"text-align: justify;\">Dzi\u0119kujemy wszystkim, kt\u00f3rzy odwiedzili nas podczas Zjazdu Kaszub\u00f3w i razem z nami tworzyli ten niezwyk\u0142y literacki ogr\u00f3d.<\/p>\n<p>\u00a0<\/p>\n<p>\u00a0\u00a0\u00a0\u00a0\u00a0\u00a0\u00a0\u00a0\u00a0\u00a0\u00a0\u00a0\u00a0\u00a0\u00a0\u00a0\u00a0\u00a0\u00a0\u00a0\u00a0\u00a0\u00a0\u00a0\u00a0\u00a0\u00a0\u00a0\u00a0\u00a0\u00a0\u00a0\u00a0\u00a0\u00a0\u00a0\u00a0\u00a0\u00a0\u00a0\u00a0\u00a0\u00a0\u00a0\u00a0\u00a0\u00a0\u00a0\u00a0\u00a0\u00a0\u00a0\u00a0\u00a0\u00a0\u00a0\u00a0\u00a0\u00a0\u00a0\u00a0\u00a0\u00a0\u00a0\u00a0\u00a0\u00a0\u00a0\u00a0\u00a0\u00a0\u00a0\u00a0\u00a0\u00a0\u00a0\u00a0\u00a0\u00a0\u00a0\u00a0\u00a0\u00a0\u00a0\u00a0\u00a0\u00a0\u00a0\u00a0\u00a0\u00a0\u00a0\u00a0\u00a0\u00a0\u00a0\u00a0\u00a0\u00a0\u00a0\u00a0\u00a0\u00a0\u00a0\u00a0\u00a0\u00a0\u00a0\u00a0\u00a0\u00a0\u00a0\u00a0\u00a0\u00a0\u00a0\u00a0\u00a0\u00a0\u00a0\u00a0\u00a0\u00a0\u00a0\u00a0\u00a0\u00a0\u00a0\u00a0 \u00a0\u00a0 <em>I.Piastowska<\/em><\/p>\n<p>BIOGRAMY AUTOR\u00d3W, bior\u0105cych udzia\u0142 w ,,Ogrodach literatury&#8221;<\/p>\n<p style=\"text-align: justify;\"><strong>MY \u2013 KASZUBI oczami historyk\u00f3w \u2013 o \u201eDziejach Kaszub\u00f3w\u201d opowiedz\u0105:<\/strong><\/p>\n<p style=\"text-align: justify;\"><strong>Tom 1 &#8211; Adam Lubocki <em>Dzieje Kaszub\u00f3w do roku 1815<\/em><\/strong><\/p>\n<p style=\"text-align: justify;\"><strong>Adam Lubocki (kasz. Ad\u00f3m Lub\u00f2cczi)<\/strong> \u2013 Kasz\u00ebba z Nordy, urodzi\u0142 si\u0119 w Wejherowie w 1993 r., gdzie sp\u0119dzi\u0142 pierwsze lata \u017cycia. Obecnie mieszka w Luzinie. M\u00f3wi o sobie, \u017ce jest wejherowianinem w Luzinie. Rodzina od wielu pokole\u0144 zwi\u0105zana jest z terenem dzisiejszych powiat\u00f3w wejherowskiego i puckiego. Ucz\u0119szcza\u0142 do I Liceum Og\u00f3lnokszta\u0142c\u0105cego im. Kr\u00f3la Jana III Sobieskiego w Wejherowie, a nast\u0119pnie podj\u0105\u0142 studia historyczne na Uniwersytecie Gda\u0144skim. Pracowa\u0142 m.in. jako dostawca pizzy, nauczyciel, muzealnik, a niedawno zainteresowa\u0142 si\u0119 procesem wydawania ksi\u0105\u017cek (m.in. sk\u0142adem). Od 2020 r. pracuje w Muzeum Pi\u015bmiennictwa i Muzyki Kaszubsko-Pomorskiej w Wejherowie, gdzie obecnie m.in. wsp\u00f3\u0142tworzy Internetowy S\u0142ownik J\u0119zyka Kaszubskiego. Obecnie usi\u0142uje zako\u0144czy\u0107 prace nad rozpraw\u0105 doktorsk\u0105, jak r\u00f3wnie\u017c studiuje filologi\u0119 klasyczn\u0105.<\/p>\n<p style=\"text-align: justify;\">Uczestnik wielu mi\u0119dzynarodowych i og\u00f3lnopolskich konferencji naukowych, autor i wsp\u00f3\u0142autor wystaw muzealnych, publikacji naukowych i popularnonaukowych. Autor i wsp\u00f3\u0142autor ksi\u0105\u017cek: <em>Historia Kaszub\u00f3w na jeden wiecz\u00f3r <\/em>(Wejherowo 2022); <em>Dzieje Wejherowa na jeden dzie\u0144<\/em> (Wejherowo 2023), <em>Gryfici. W\u0142adcy Pomorza<\/em> (Gdynia 2024).<\/p>\n<p style=\"text-align: justify;\"><strong>Tom 2 &#8211; Micha\u0142 Hinc <em>Dzieje Kaszub\u00f3w od roku 1815 do wsp\u00f3\u0142czesno\u015bci\u00a0<\/em><\/strong><\/p>\n<p style=\"text-align: justify;\"><strong>Dr Micha\u0142 Hinc<\/strong> \u2013 Nordowy Kaszuba, urodzi\u0142 si\u0119 w Pucku w 1986 r., obecnie jest wejherowianinem. Jego przodkowie mieszkali na terenie dzisiejszych powiat\u00f3w puckiego i\u00a0wejherowskiego, tam te\u017c przyszli na \u015bwiat. Wi\u0119kszo\u015b\u0107 \u017cycia sp\u0119dzi\u0142 w \u017belistrzewie, gdzie uko\u0144czy\u0142 przedszkole, szko\u0142\u0119 podstawow\u0105 i gimnazjum. Nast\u0119pnie ucz\u0119szcza\u0142 do Liceum im. Stefana \u017beromskiego w Pucku. W trakcie studi\u00f3w historycznych na Uniwersytecie Gda\u0144skim pracowa\u0142 w\u00a0r\u00f3\u017cnych zawodach. By\u0142 m.in. magazynierem, ochroniarzem, operatorem w\u00f3zk\u00f3w wid\u0142owych, pocztowcem. Uczestniczy\u0142 r\u00f3wnie\u017c w procesie produkcji musztard i d\u017cem\u00f3w. W 2016 r. uzyska\u0142 stopie\u0144 naukowy doktora nauk humanistycznych w zakresie historii na wspomnianej uczelni. W\u00a0tym samym roku zosta\u0142 zatrudniony w Muzeum Pi\u015bmiennictwa i Muzyki Kaszubsko-Pomorskiej w Wejherowie, a od 2023r do 2025r. kierowa\u0142 t\u0105 instytucj\u0105.<\/p>\n<p style=\"text-align: justify;\">Uczestnik og\u00f3lnopolskich konferencji naukowych, autor wystaw, kilkudziesi\u0119ciu artyku\u0142\u00f3w, a tak\u017ce rozdzia\u0142\u00f3w publikacji naukowych i popularnonaukowych oraz hase\u0142 do powstaj\u0105cej Kaszubopedii. Autor i wsp\u00f3\u0142autor ksi\u0105\u017cek: <em>Tadeusz Staniewski (1886\u20131978). Dyrektor Gimnazjum i Liceum w\u00a0Wejherowie<\/em>; <em>Pr\u00f3ba komunistycznej rewolucji rolnej w powiecie wejherowskim i puckim w latach 1945\u20131956; Historia Kaszub\u00f3w na jeden wiecz\u00f3r; Dzieje Wejherowa na jeden dzie\u0144.<\/em> Cz\u0142onek Instytutu Kaszubskiego.<\/p>\n<p>\u00a0<\/p>\n<p style=\"text-align: justify;\"><strong>Z tej ziemi wyro\u015bli\u015bmy \u2013 spotkanie z literatami z okolic Szemuda<\/strong><\/p>\n<p style=\"text-align: justify;\"><strong>B\u00f2\u017cena \u00d9g\u00f2wsk\u00f4 (z dom\u00f9 Szima\u0144sk\u00f4)<\/strong> \u2013 dzej\u00f4rka, p\u00f2\u00e9tka, t\u0142\u00f3maczka i lektorka kasz\u00ebbscz\u00e9g\u00f2 j\u00e3z\u00ebka. P\u00f2ch\u00f4d\u00f4 z <a href=\"https:\/\/csb.wikipedia.org\/w\/index.php?title=%C3%92tal%C5%BC%C3%ABno&amp;action=edit&amp;redlink=1\">\u00d2tal\u017c\u00ebna<\/a> w <a href=\"https:\/\/csb.wikipedia.org\/wiki\/Gmina_Szem%C3%B4%C5%82d\">gminie Szem\u00f4\u0142d<\/a>. \u00d2na ch\u00f2dza do szk\u00f2\u0142\u00eb w \u0141ebi\u0144sczi H\u00ebce, w jaczi p\u00f2\u0142owa pedag\u00f2giczny kadr\u00eb rozmia gadac p\u00f2 kasz\u00ebbsk\u00f9. Direkt\u00f3r ni\u00e9 leno s\u00f3m k\u00f4rbi\u0142 z dzecama w tim j\u00e3z\u00ebk\u00f9, le jesz \u00f9czi\u0142 je kasz\u00ebbsczich piesni\u00f3w i \u00f2ne jezdz\u00ebl\u00eb na k\u00f2nk\u00f9rs\u00eb Rodny M\u00f2w\u00eb do Chmielna. \u00d2na sk\u00f9\u0144cza <a href=\"https:\/\/csb.wikipedia.org\/wiki\/Gdu%C5%84sczi_%C3%99niwersytet\">Gdu\u0144sczi \u00d9niwersytet<\/a>. Zadebiutowa w g\u00f2dnik\u00f9 1994 rok\u00f9 na \u0142amach mies\u00e3cznika sp\u00f2dleczno-k\u00f9lturaln\u00e9g\u00f2 \u201e<a href=\"https:\/\/csb.wikipedia.org\/w\/index.php?title=Pomerania&amp;action=edit&amp;redlink=1\">Pomerania<\/a>\u201d. Za l\u00ebteracczi debiut redakc\u00ebj\u00f4 neg\u00f2 pismiona \u00f9tc\u00eb\u0142a j\u00e3 n\u00f4dgrod\u0105 miona <a href=\"https:\/\/csb.wikipedia.org\/w\/index.php?title=Roman_Wr%C3%B3blewski&amp;action=edit&amp;redlink=1\">Romana Wr\u00f3blewscz\u00e9g\u00f2<\/a>. W 1998 nal\u00f4z\u0142a s\u00e3 w karnie pierszich 12 szk\u00f3ln\u00ebch z \u00f9prawnieniama do \u00f9czb\u00eb kasz\u00ebbscz\u00e9g\u00f2 w szk\u00f2le. Prowadzy \u00f9czb\u00eb kasz\u00ebbscz\u00e9g\u00f2 j\u00e3z\u00ebka dl\u00f4 klerik\u00f3w z d\u00ebch\u00f2wn\u00e9g\u00f2 seminarium w Pelplinie i sztud\u00e9r\u00f3w z Gdu\u0144scz\u00e9g\u00f2 \u00d9niwersytetu.<\/p>\n<p style=\"text-align: justify;\">W 1996 rok\u00f9 b\u00e9\u0142 w\u00ebd\u00f3ny ji zbi\u00e9rk p\u00f2\u00e9z\u00ebji <em>Zdeb\u0142o na swiat c\u00ebsni\u00e3t\u00e9<\/em>. Je a\u00f9tork\u0105 prze\u0142o\u017c\u00ebnk\u00f9 z\u00a0anielscz\u00e9g\u00f2 j\u00e3z\u00ebka ks\u0105\u017cczi <a href=\"https:\/\/csb.wikipedia.org\/wiki\/Miedzwi%C3%B4dk_P%C3%B9f%C3%B4tk\">Miedzwi\u00f4dk P\u00f9f\u00f4tk<\/a>. Je la\u00f9reatk\u0105 \u00d2rm\u00f9zdowi Skr\u00eb za 2012 rok i\u00a0<a href=\"https:\/\/csb.wikipedia.org\/wiki\/Medal_Stolema\">Medalu Stolema<\/a> za 2014 rok.<\/p>\n<p style=\"text-align: justify;\"><strong>Gracjan Fopke \u2013 <\/strong>od urodzenia mieszka w Donimierzu, w 2018 roku po raz pierwszy rozpocz\u0105\u0142 naukowe badania nad ksi\u0105\u017ck\u0105 i dziejami wsi. Zbiera\u0142 materia\u0142y, a kolejnym krokiem by\u0142 pierwszy rys ksi\u0105\u017cki, kt\u00f3ry powsta\u0142 w 2021 r. Ksi\u0105\u017cka ma przekaza\u0107 to, o czym nie m\u00f3wi\u0142o si\u0119 na lekcjach w\u00a0szkole. Gracjan w swoim dziele uj\u0105\u0142 wybrane dzieje wsi Donimierz &#8211; od czas\u00f3w najdawniejszych, do po\u0142owy XX w. Autor du\u017cy nacisk po\u0142o\u017cy\u0142 na rzetelne udokumentowanie kaszubskiego poczucia to\u017csamo\u015bci, identyfikacji etnicznej i j\u0119zykowej zamieszka\u0142ej tu ludno\u015bci. Kluczow\u0105 cz\u0119\u015bci\u0105 publikacji s\u0105 wspomnienia dwudziestu wiekowych Kaszub\u00f3w z Donimierza i okolic. Opieraj\u0105 one si\u0119 g\u0142\u00f3wnie na dramacie II wojny \u015bwiatowej, ale te\u017c utrwalaj\u0105 dla potomnych pi\u0119kno j\u0119zyka kaszubskiego. Gracjan Fopke jest nauczycielem j\u0119zyka kaszubskiego w Szkole w Bojanie. Swoim codziennym \u017cyciem stara si\u0119 ma\u0142ymi krokami budzi\u0107 u ludzi dum\u0119 z faktu pochodzenia i bycia Kaszubami.<\/p>\n<p style=\"text-align: justify;\"><strong>Justyna Pranszke<\/strong> \u2013 urodzona w Donimierzu, obecnie mieszka na Grabowcu. Od dziecka interesowa\u0142a si\u0119 mow\u0105 kaszubsk\u0105. Wielokrotna laureatka\u00a0 Konkursu Literatury Kaszubskiej Rodn\u00f4 M\u00f2wa. Nauczyciel j\u0119zyka kaszubskiego w Szkole Podstawowej w Jele\u0144skiej Hucie, gdzie sama teraz przekazuje dzieciom i m\u0142odzie\u017cy pi\u0119kno mowy kaszubskiej, histori\u0119 i tradycje Kaszub\u00f3w. Sama te\u017c pisze opowiadania kaszubskie, kt\u00f3re ukazuj\u0105 si\u0119 w miesi\u0119czniku \u201ePomerania\u201d. Laureatka III miejsca na utw\u00f3r sceniczny w XXV Og\u00f3lnopolskim Konkursie Literackim im. Jana Drze\u017cd\u017cona.<\/p>\n<p><strong>Na ko\u0144cu jest Koniec \u2013 spotkanie autorskie z Dari\u0105 Kaszubowsk\u0105<\/strong><\/p>\n<p style=\"text-align: justify;\">autork\u0105 poruszaj\u0105cej Sagi Kaszubskiej, kt\u00f3ra opowie o swoich kaszubskich bohaterach i ich wielopokoleniowej walce o\u00a0to\u017csamo\u015b\u0107, mi\u0142o\u015b\u0107 i przetrwanie.<\/p>\n<p style=\"text-align: justify;\">Daria to mo\u017cna powiedzie\u0107 nasza s\u0105siadka z gminy Przodkowo a dok\u0142adnie z R\u0119bu. Jak sama m\u00f3wi zar\u00f3wno ze strony matki, jak i ojca jest Kaszubk\u0105 do kilku pokole\u0144 przodk\u00f3w wstecz. W\u00a0dzieci\u0144stwie z sukcesem startowa\u0142a w gminnych konkursach poetyckich organizowanych przez poet\u0119, muzyka i kompozytora <a href=\"https:\/\/pl.wikipedia.org\/wiki\/Jerzy_Stachurski\">Jerzego Stachurskiego<\/a>. W\u00a0latach 2004-2007 uczy\u0142a si\u0119 w I Liceum Og\u00f3lnokszta\u0142c\u0105cym im. <a href=\"https:\/\/pl.wikipedia.org\/wiki\/Hieronim_Derdowski\">Hieronima Derdowskiego<\/a> w\u00a0Kartuzach. Tam te\u017c zda\u0142a matur\u0119. W roku 2010 obroni\u0142a prac\u0119 licencjack\u0105 na kierunku <a href=\"https:\/\/pl.wikipedia.org\/wiki\/Pedagogika\">pedagogika<\/a>, specjalizacja edukacja wczesnoszkolna. Pracowa\u0142a jako dziennikarka w tygodniku &#8222;G\u0142os Kaszub&#8221;, portalu internetowym Kartuzy.info i w tygodniku opinii &#8222;<a href=\"https:\/\/pl.wikipedia.org\/wiki\/Go%C5%9B%C4%87_Niedzielny\">Go\u015b\u0107 Niedzielny<\/a>&#8222;. W\u00a02009 roku wysz\u0142a za m\u0105\u017c za Marcina Kaszubowskiego. Maj\u0105 czworo dzieci. Jest cz\u0142onkini\u0105 Ochotniczej Stra\u017cy Po\u017carnej w Pomieczynie, Stowarzyszenia Rodzina Kolpinga w Pomieczynie, <a href=\"https:\/\/pl.wikipedia.org\/wiki\/Ko%C5%82o_gospody%C5%84_wiejskich\">Ko\u0142a Gospody\u0144 Wiejskich<\/a> Zar\u0105biste Babki w R\u0119bie i <a href=\"https:\/\/pl.wikipedia.org\/wiki\/Zrzeszenie_Kaszubsko-Pomorskie\">Zrzeszenia Kaszubsko-Pomorskiego<\/a> oddzia\u0142 w <a href=\"https:\/\/pl.wikipedia.org\/wiki\/Banino\">Baninie<\/a>. Pisze artyku\u0142y kaszubskoj\u0119zyczne do magazynu spo\u0142eczno-kulturalnego &#8222;<a href=\"https:\/\/pl.wikipedia.org\/wiki\/Pomerania_(miesi%C4%99cznik)\">Pomerania<\/a>&#8221; oraz kaszubskoj\u0119zyczne wiersze i opowiadania w dodatku literackim &#8222;Stegna&#8221;. Interesuje si\u0119 kaszubsk\u0105 histori\u0105, kultur\u0105 i j\u0119zykiem. Wraz ze Stowarzyszeniem Rodzina Kolpinga w Pomieczynie zaj\u0119\u0142a si\u0119 spisaniem wspomnie\u0144 mieszka\u0144c\u00f3w Pomieczyna pami\u0119taj\u0105cych marsz ewakuacyjny obozu koncentracyjnego Stutthof zim\u0105 roku 1945. Publikacja ta wydana w roku 2017 pt. &#8222;Stutthof jidze&#8221; odbi\u0142a si\u0119 szerokim echem w Polsce i\u00a0zainspirowa\u0142a re\u017cysera Andrzeja Dudzi\u0144skiego oraz reportera Tomasza S\u0142omczy\u0144skiego do zrealizowania filmu dokumentalnego &#8222;Wie\u015b Sprawiedliwych. \u015awiadkowie&#8221;. Jest laureatk\u0105 konkurs\u00f3w literackich oraz autork\u0105 ksi\u0105\u017cek z literatury faktu i powie\u015bci obyczajowych, r\u00f3wnie\u017c z histori\u0105 w tle oraz powie\u015bci dla dzieci. W 2023 i 2024 roku ukaza\u0142o si\u0119 jej autorstwa a\u017c 12 ksi\u0105\u017cek, to ogromny sukces. W tym roku wyda\u0142a ju\u017c 2 pozycje, i ci\u0105gle pisze. Saga Kaszubska w rankingu najcz\u0119\u015bciej czytanych Biblioteki Publicznej Gminy Szemud w roku 2024 zaj\u0119\u0142a 1 miejsce. Dla nas Kaszub\u00f3w, my\u015bl\u0119 \u017ce to wa\u017cne, \u017ce w tak pi\u0119knej formie pokazuje wszystkim nasz\u0105 kultur\u0119, tradycj\u0119, histori\u0119 i\u00a0mow\u0119 kaszubsk\u0105. Za to ogromne gratulacje i podzi\u0119kowania dla p. Darii.<\/p>\n<p>\u00a0<\/p>\n<p>\u00a0<\/p>\n\n\n\n[ngg src=&#8221;galleries&#8221; ids=&#8221;2171&#8243; display=&#8221;basic_thumbnail&#8221;]\n","protected":false},"excerpt":{"rendered":"<div class=\"mh-excerpt\"><p>W sobot\u0119 5 lipca, podczas XXVI \u015awiatowego Zjazdu Kaszub\u00f3w, Biblioteka Publiczna Gminy Szemud wraz ze Zrzeszeniem Kaszubsko-Pomorskim zaprosili uczestnik\u00f3w na wyj\u0105tkowe wydarzenie literackie \u2014 Ogrody <a class=\"mh-excerpt-more\" href=\"https:\/\/biblioteka.szemud.pl\/index.php\/2025\/07\/15\/ogrody-literatury-podczas-xxvi-swiatowego-zjazdu-kaszubow\/\" title=\"Ogrody Literatury podczas XXVI \u015awiatowego Zjazdu Kaszub\u00f3w\">[&#8230;]<\/a><\/p>\n<\/div>","protected":false},"author":10,"featured_media":68698,"comment_status":"closed","ping_status":"closed","sticky":false,"template":"","format":"standard","meta":{"_price":"","_stock":"","_tribe_ticket_header":"","_tribe_default_ticket_provider":"","_tribe_ticket_capacity":"0","_ticket_start_date":"","_ticket_end_date":"","_tribe_ticket_show_description":"","_tribe_ticket_show_not_going":false,"_tribe_ticket_use_global_stock":"","_tribe_ticket_global_stock_level":"","_global_stock_mode":"","_global_stock_cap":"","_tribe_rsvp_for_event":"","_tribe_ticket_going_count":"","_tribe_ticket_not_going_count":"","_tribe_tickets_list":"[]","_tribe_ticket_has_attendee_info_fields":false,"footnotes":""},"categories":[1],"tags":[],"class_list":["post-68695","post","type-post","status-publish","format-standard","has-post-thumbnail","hentry","category-bez-kategorii"],"_links":{"self":[{"href":"https:\/\/biblioteka.szemud.pl\/index.php\/wp-json\/wp\/v2\/posts\/68695","targetHints":{"allow":["GET"]}}],"collection":[{"href":"https:\/\/biblioteka.szemud.pl\/index.php\/wp-json\/wp\/v2\/posts"}],"about":[{"href":"https:\/\/biblioteka.szemud.pl\/index.php\/wp-json\/wp\/v2\/types\/post"}],"author":[{"embeddable":true,"href":"https:\/\/biblioteka.szemud.pl\/index.php\/wp-json\/wp\/v2\/users\/10"}],"replies":[{"embeddable":true,"href":"https:\/\/biblioteka.szemud.pl\/index.php\/wp-json\/wp\/v2\/comments?post=68695"}],"version-history":[{"count":4,"href":"https:\/\/biblioteka.szemud.pl\/index.php\/wp-json\/wp\/v2\/posts\/68695\/revisions"}],"predecessor-version":[{"id":68701,"href":"https:\/\/biblioteka.szemud.pl\/index.php\/wp-json\/wp\/v2\/posts\/68695\/revisions\/68701"}],"wp:featuredmedia":[{"embeddable":true,"href":"https:\/\/biblioteka.szemud.pl\/index.php\/wp-json\/wp\/v2\/media\/68698"}],"wp:attachment":[{"href":"https:\/\/biblioteka.szemud.pl\/index.php\/wp-json\/wp\/v2\/media?parent=68695"}],"wp:term":[{"taxonomy":"category","embeddable":true,"href":"https:\/\/biblioteka.szemud.pl\/index.php\/wp-json\/wp\/v2\/categories?post=68695"},{"taxonomy":"post_tag","embeddable":true,"href":"https:\/\/biblioteka.szemud.pl\/index.php\/wp-json\/wp\/v2\/tags?post=68695"}],"curies":[{"name":"wp","href":"https:\/\/api.w.org\/{rel}","templated":true}]}}