{"id":67896,"date":"2025-06-24T15:30:39","date_gmt":"2025-06-24T13:30:39","guid":{"rendered":"https:\/\/biblioteka.szemud.pl\/?p=67896"},"modified":"2025-06-25T08:09:26","modified_gmt":"2025-06-25T06:09:26","slug":"biblioteka-a-dzialania-kaszubskie","status":"publish","type":"post","link":"https:\/\/biblioteka.szemud.pl\/index.php\/2025\/06\/24\/biblioteka-a-dzialania-kaszubskie\/","title":{"rendered":"Biblioteka, a dzia\u0142ania kaszubskie."},"content":{"rendered":"\n<p>Cho\u0107 dzia\u0142alno\u015b\u0107 Ceynowy zapocz\u0105tkowa\u0142a okres narodowego odrodzenia na rzecz narodu kaszubskiego, to jednak owoce jego pracy widoczne sta\u0142y si\u0119 dopiero w XX wieku. Do jego idei nawi\u0105zywali cz\u0119\u015bciowo M\u0142odokaszubi, czyli pokolenie dzia\u0142aczy skupionych wok\u00f3\u0142 powsta\u0142ego w 1908 r. czasopisma \u201eGryf\u201d. M\u0142odokaszubi za sw\u00f3j g\u0142\u00f3wny cel uznali prac\u0119 nad <em>podniesieniem Kaszub\u00f3w-Pomorzan pod wzgl\u0119dem kulturalnym, politycznym i&nbsp;ekonomicznym.<\/em> Dostosowali oni has\u0142a Ceynowy do reali\u00f3w czas\u00f3w im wsp\u00f3\u0142czesnych. <br>My, jako Biblioteka Publiczna funkcjonuj\u0105ca w regionie kaszubskim, od samego pocz\u0105tku swego dzia\u0142ania uwzgl\u0119dniali\u015bmy w swej pracy zadania podnosz\u0105ce i utrwalaj\u0105ce rang\u0119 zwyczaj\u00f3w i obyczaj\u00f3w oraz j\u0119zyka i kultury kaszubskiej. Dowodem tego dzia\u0142ania jest to, \u017ce cztery nasze biblioteki na przestrzeni lat otrzyma\u0142y imi\u0119 zas\u0142u\u017conych dzia\u0142aczy kaszubskich a&nbsp;mianowicie:<\/p>\n<ul>\n<li style=\"text-align: justify;\">Biblioteka Publiczna Gminy Szemud \u2013 nosi imi\u0119 ks. dr. Leona Heyke<\/li>\n<li>Filia w Kielnie &#8211; Alojzego Nagla<\/li>\n<li>Filia w \u0141ebnie \u2013 Jana Piepki<\/li>\n<li>Filia w Bojanie \u2013 Boles\u0142awa Borka<\/li>\n<\/ul>\n<p><strong>&nbsp;<\/strong><\/p>\n<p><strong>Ks. dr Leon Heyke \u2013 patron Biblioteki Publicznej Gminy&nbsp; Szemud<\/strong><\/p>\n<p><strong>&nbsp;<\/strong><\/p>\n<p style=\"text-align: justify;\">Ksi\u0105dz dr Leon Heyke jest &nbsp;przyk\u0142adem intelektualisty, kt\u00f3ry mocno tkwi\u0105c w epoce budzenia si\u0119 kaszubskiej to\u017csamo\u015bci na prze\u0142omie XIX i XX stulecia, stara\u0142 si\u0119 zachowywa\u0107 przynale\u017cny cz\u0142owiekowi pi\u00f3ra i nauki rozs\u0105dny dystans oraz perspektyw\u0119 szerszego widzenia spraw ziemi kaszubskiej.<strong> Pochodz\u0105cy z Nordy pisarz i poeta, nazywany pie\u015bniarzem p\u00f3\u0142nocy, wsp\u00f3lnie z Aleksandrem Majkowskim i Janem Karnowskim, zaliczany jest do wielkiej tr\u00f3jcy \u201em\u0142odokaszub\u00f3w\u201d i g\u0142\u00f3wnych tw\u00f3rc\u00f3w literatury kaszubskiej. Przez 20 lat zwi\u0105zany by\u0142 z Ko\u015bcierzyn\u0105, gdzie pe\u0142ni\u0105c pos\u0142ug\u0119 duszpastersk\u0105 zas\u0142yn\u0105\u0142 jako wychowawca m\u0142odzie\u017cy, kt\u00f3ry zara\u017ca\u0142 swoich uczni\u00f3w zami\u0142owaniem do kaszubszczyzny.<\/strong><\/p>\n<p style=\"text-align: justify;\"><strong>8 czerwca 1992 r. Biblioteka Publiczna Gminy Szemud przyj\u0119\u0142a imi\u0119 ksi\u0119dza dr. Leona Heyke (10.10.1885- 16.10.1939) na patrona swojej biblioteki.<\/strong><\/p>\n<p style=\"text-align: justify;\">Nadanie Bibliotece imienia odby\u0142o si\u0119 na uroczystej sesji Rady Gminy. Fakt nadania imienia upami\u0119tnia tablica pami\u0105tkowa wykonana w drewnie d\u0119bowym, kt\u00f3ra umieszczona jest &nbsp;przy wej\u015bciu do biblioteki. Uroczystego aktu ods\u0142oni\u0119cia tablicy dokona\u0142a siostrzenica ksi\u0119dza Leona Heyke, pani Helena Wolska zamieszka\u0142a w Kowalewie (Gmina Szemud).<\/p>\n<p style=\"text-align: justify;\"><strong>Biblioteka w Szemudzie nosi dumnie Jego imi\u0119 i stara si\u0119 jeszcze bardziej od tej pory poprzez swoje dzia\u0142ania kultywowa\u0107 zwyczaje, obyczaje, a przede wszystkim literatur\u0119 przedstawicieli ziemi kaszubskiej. <\/strong><\/p>\n<p style=\"text-align: justify;\"><strong>Rok 2015 zosta\u0142 og\u0142oszony,<\/strong><strong> dzi\u0119ki Zrzeszeniu Kaszubsko-Pomorskiemu, Rokiem Leona Heykego.&nbsp; R\u00f3wnie\u017c w naszej bibliotece ten rok zosta\u0142 uwie\u0144czony intensywnymi formami pracy, promuj\u0105cymi naszego patrona zar\u00f3wno w\u015br\u00f3d m\u0142odych odbiorc\u00f3w, jak i ludzi starszych. <\/strong><strong>D<\/strong><strong>nia 20 pa\u017adziernika 2015 r. zorganizowali\u015bmy Wielk\u0105 Gal\u0119 zwi\u0105zan\u0105 z&nbsp;obchodami 130 Urodzin ks. dr. Leona Heyke i Rokiem M\u0142odokaszuby. <\/strong><\/p>\n<p style=\"text-align: justify;\"><strong>Wa\u017cnym elementem tej uroczysto\u015bci by\u0142a promocja wydanej publikacji. Z inicjatywy naszej Biblioteki, a we wsp\u00f3\u0142pracy z Muzeum Kaszubsko-Pomorskim w Wejherowie oraz Wydawnictwem Region wydali\u015bmy <\/strong><strong>\u201eSwiat Kasz\u00ebbsczi. Kasz\u00ebbscz\u00e9 poezje i p\u00f2dania.\u201d<\/strong> <strong>Leona Heyke.<\/strong><\/p>\n<p style=\"text-align: justify;\">W tym roku obchodzi\u0107 b\u0119dziemy <strong>140 rocznic\u0119 urodzin naszego g\u0142\u00f3wnego patrona Ks. dr. Leona Heyke<\/strong>, gdzie na t\u0119 okoliczno\u015b\u0107 r\u00f3wnie\u017c we wsp\u00f3\u0142pracy z Wyd. Region przygotowali\u015bmy nowe wydanie o ks. Heyke z wybranymi poezjami przet\u0142umaczonymi na j\u0119zyk polski, tak aby\u015bmy mogli dotrze\u0107 do coraz liczniejszej grupy mieszka\u0144c\u00f3w przybywaj\u0105cych na nasze tereny.<\/p>\n<p style=\"text-align: justify;\">Od kilku ju\u017c lat w\u0142a\u015bnie w m-cu pa\u017adzierniku organizujemy <strong>Gminny Konkurs Plastyczny \u201eLeon Heyke oczami m\u0142odego czytelnika\u201d<\/strong>. Konkurs skierowany jest do uczni\u00f3w Szk\u00f3\u0142 Podstawowych. Jego g\u0142\u00f3wnym celem jest m.in.: propagowanie wiedzy o tw\u00f3rcach kaszubskich; propagowanie wiedzy o patronie Biblioteki; promowanie literatury i tradycji kaszubskich. Przygotowane prace musz\u0105 ukazywa\u0107 wizerunek patrona biblioteki \u2013 ks. dr. Leona Heyke lub nawi\u0105zywa\u0107 do jego tw\u00f3rczo\u015bci. Konkurs z roku na rok ma coraz wi\u0119cej odbiorc\u00f3w w\u015br\u00f3d naszych dzieci i m\u0142odzie\u017cy.<\/p>\n<p><strong>&nbsp;<\/strong><\/p>\n<p><strong>Alojzy Nagel \u2013 patron Biblioteki Publicznej Gminy Szemud Filia w Kielnie<\/strong><\/p>\n<p><strong>&nbsp;<\/strong><\/p>\n<p style=\"text-align: justify;\">Alojzy Nagel jeden z najwa\u017cniejszych i najwybitniejszych tw\u00f3rc\u00f3w kaszubskich \u2013 poeta, prozaik, autor doskona\u0142ych opowiada\u0144 i bajek dla dzieci oraz wspomnie\u0144.<br>Na ka\u017cdym etapie swojej tw\u00f3rczo\u015bci podkre\u015bla\u0142 zwi\u0105zek z kaszubszczyzn\u0105 oraz pochwala\u0142 wszelkie dzia\u0142ania zmierzaj\u0105ce ku jej popularyzacji. Sam za\u015b pisa\u0142 dla odbiorcy &#8211; Kaszuba, prostego cz\u0142owieka, o niewyszukanych gustach, prostolinijnego mieszka\u0144ca wsi. Poniewa\u017c adresatem jego tw\u00f3rczo\u015bci jest w\u0142a\u015bnie osoba o takiej, a nie innej mentalno\u015bci autor pisa\u0142 utwory proste, sp\u00f3jne w tre\u015bci i rytmie. Napisane s\u0105 one przejrzy\u015bcie, prostym i&nbsp;dost\u0119pnym j\u0119zykiem.<\/p>\n<p><strong>&nbsp;&nbsp;&nbsp;&nbsp;&nbsp;&nbsp;&nbsp;&nbsp;&nbsp;&nbsp;&nbsp; Dnia 26 maja 2010 roku, w rocznic\u0119 80 urodzin Alojzego Nagla,<\/strong> Bibliotece w&nbsp;Kielnie nadane zosta\u0142o imi\u0119 tego nieprzeci\u0119tnego, no i przede wszystkim naszego tw\u00f3rcy.<\/p>\n<p style=\"text-align: justify;\">W bibliotece, odby\u0142o si\u0119 uroczyste ods\u0142oni\u0119cie portretu Alojzego Nagla, przez osob\u0119 szczeg\u00f3lnie mu blisk\u0105, a szcz\u0119\u015bliw\u0105 w tym dniu siostr\u0119 pisarza \u2013 Iren\u0119 Naczk. Wa\u017cnym punktem tej uroczysto\u015bci by\u0142a tak\u017ce prezentacja ksi\u0105\u017cki, kt\u00f3rej dokona\u0142 redaktor naczelny Wydawnictwa Region, pan&nbsp; Jaros\u0142aw Ellwart, wydanej specjalnie z tej okazji, a&nbsp;mianowicie <strong><em>Poezje zebrane Alojzego Nagla \u201eM\u00f2je wi\u00e9rzt\u00eb\u201d.<\/em><\/strong> Pomys\u0142odawc\u0105 stworzenia tego typu ksi\u0105\u017cki by\u0142a Biblioteka, a nieocenion\u0105 pomoc\u0105 przy jej wydaniu s\u0142u\u017cy\u0142 nam pan Tomasz Fopke, kt\u00f3ry wraz z&nbsp;panem Romanem Drze\u017cd\u017conem dokona\u0142 korekty zamieszczanych w&nbsp;ksi\u0105\u017cce utwor\u00f3w.<\/p>\n<p style=\"text-align: justify;\">&nbsp;&nbsp;&nbsp;&nbsp;&nbsp;&nbsp;&nbsp;&nbsp;&nbsp;&nbsp;&nbsp; W 2018 r. w 20 rocznic\u0119 \u015bmierci pisarza po raz pierwszy zorganizowali\u015bmy <strong>Powiatowy Konkurs Recytatorski Tw\u00f3rczo\u015bci Alojzego Nagla.<\/strong> Konkurs skierowany jest do dzieci i&nbsp;m\u0142odzie\u017cy z terenu Powiatu Wejherowskiego, odbywa si\u0119 w czterech kategoriach wiekowych: przedszkole i \u201e0\u201d; klasy I-III; klasy IV- VI; klasy VII, VIII. &nbsp;Celem konkursu jest m.in.: popularyzacja tw\u00f3rczo\u015bci Alojzego Nagla; dostarczanie uczestnikom dozna\u0144 poznawczych, estetycznych i emocjonalnych wyp\u0142ywaj\u0105cych z utwor\u00f3w pisarza. W tym roku by\u0142a ju\u017c VII edycja tego\u017c konkursu, kt\u00f3ry to z roku na rok gromadzi coraz wi\u0119cej uczestnik\u00f3w, a by\u0142o ich ponad 50.<\/p>\n<p><em>&nbsp;<\/em><\/p>\n<p><strong>Jan Piepka \u2013 patron Biblioteki Publicznej Gminy Szemud Filia w \u0141ebnie<\/strong><\/p>\n<p>&nbsp;&nbsp;&nbsp;&nbsp;&nbsp;&nbsp;&nbsp;&nbsp;&nbsp;&nbsp;&nbsp;<\/p>\n<p style=\"text-align: justify;\">Jan Piepka szczeg\u00f3lnie umi\u0142owa\u0142 ziemi\u0119 kaszubsk\u0105. Umia\u0142 wytworzy\u0107 mi\u0142\u0105, serdeczn\u0105 atmosfer\u0119 sprzyjaj\u0105c\u0105 wspania\u0142ym rozmowom szczeg\u00f3lnie o Kaszubach. Sam lubi\u0142 przebywa\u0107 w\u015br\u00f3d Kaszub\u00f3w, ale i tych ludzi, kt\u00f3rzy potrafili dyskutowa\u0107 na tzw. tematy \u017cyciowe. Zawsze u\u015bmiechni\u0119ty i s\u0142uchaj\u0105cy drugiego cz\u0142owieka. R\u00f3wnie\u017c podczas tych rozm\u00f3w cz\u0119sto podkre\u015bla\u0142, \u017ce Jego wol\u0105 jest wr\u00f3ci\u0107 do miejsc, z kt\u00f3rych pochodzi\u0142.<\/p>\n<p>Sam to sprecyzowa\u0142 w s\u0142owach:<\/p>\n<p>&nbsp;<strong><em>\u201eM\u00f2je&nbsp; stron\u00eb,-M\u00f2je&nbsp; stron\u00eb,-S\u0105 n\u00f4lepsz\u0117 z wsz\u00ebstczich str\u00f3n.- W m\u00f2j\u00ebch stronach,<\/em><\/strong><\/p>\n<p><strong><em>&#8211; W m\u00f2j\u00ebch stronach,- chc\u00f4\u0142b\u00ebm sp\u00f2cz\u0105c, czej mdze zg\u00f3n.<\/em><\/strong><\/p>\n<p style=\"text-align: justify;\">Pragnieniem Jana Piepki by\u0142o pozostawienie po sobie pami\u0105tek dla spo\u0142ecze\u0144stwa \u0141ebna i ca\u0142ej Gminy Szemud. Zar\u00f3wno pisarz jak i jego ksi\u0105\u017cki nierozerwalnie wi\u0105za\u0142y si\u0119 z&nbsp;bibliotek\u0105. Dlatego <strong>Izba Pami\u0119ci Jana Piepki powsta\u0142a w 2003 r. w\u0142a\u015bnie przy bibliotece w&nbsp;\u0141ebnie<\/strong>, w\u015br\u00f3d ciszy kt\u00f3r\u0105 uwielbia\u0142. W&nbsp;Izbie Pami\u0119ci zosta\u0142 zgromadzony jego dorobek literacki \u0142\u0105cznie z r\u0119kopisami. Zosta\u0142y te\u017c zgromadzone rzeczy, kt\u00f3rymi si\u0119 otacza\u0142 pod koniec swojego \u017cycia. Dzia\u0142alno\u015b\u0107 Izby to przede wszystkim funkcja muzealna. Pe\u0142ni obecnie&nbsp; tak\u017ce funkcj\u0119 kulturaln\u0105 polegaj\u0105c\u0105 na organizowaniu spotka\u0144 o pisarzu, g\u0142\u00f3wnie dla dzieci i&nbsp;m\u0142odzie\u017cy z naszej gminy.<\/p>\n<p style=\"text-align: justify;\">Uroczyste nadanie imienia Jana Piepki Bibliotece Publicznej Gminy Szemud \u2013 Filii w&nbsp;\u0141ebnie mia\u0142o miejsce <strong>20 czerwca 2012<\/strong>. W bibliotece nast\u0105pi\u0142o uroczyste ods\u0142oni\u0119cie portretu Jana Piepki, kt\u00f3ry to ods\u0142oni\u0142 syn pisarza \u2013 Miros\u0142aw Piepka. Na t\u0119 uroczysto\u015b\u0107 wsp\u00f3lnie z Wydawnictwem Region wydali\u015bmy bardzo obszerny tomik utwor\u00f3w zebranych. Tytu\u0142 tej publikacji nie m\u00f3g\u0142 by\u0107 inny ni\u017c &#8211;&nbsp; <strong><em>\u201eM\u00f2je stron\u00eb\u201d.<\/em><\/strong><\/p>\n<p style=\"text-align: justify;\">Na pocz\u0105tku 2016 r. zwr\u00f3cili\u015bmy si\u0119 do Rady Gminy Szemud, <strong>by w 90 rocznic\u0119 Urodzin i&nbsp;15 rocznic\u0119 \u015bmierci Jana Piepki<\/strong> godnie ten fakt uczci\u0107 i og\u0142osi\u0107 w Gminie Szemud &#8211; <strong>Rok 2016 Rokiem Jana Piepki<\/strong>. Pomys\u0142 ten spotka\u0142 si\u0119 z ogromn\u0105 aprobat\u0105 ze strony w\u0142adz i dnia 18 marca Rada Gminy Szemud uchwali\u0142a Rok 2016 Rokiem Jana Piepki w Gminie Szemud. Ten rok by\u0142 dla nas wszystkich ukierunkowany na wspomnienia i przybli\u017cenie Jego osoby i&nbsp;Jego tw\u00f3rczo\u015bci. Od tego roku organizowali\u015bmy pocz\u0105tkowo Gminny <strong>Konkurs Recytatorski Poezji Jana Piepki<\/strong>, a w 2022 r. odby\u0142a si\u0119 I edycja na szczeblu powiatowym. Tak jak w przypadku konkursu Alojzego Nagla przy\u015bwiecaj\u0105 nam te same cele, g\u0142\u00f3wnie, aby naszych tw\u00f3rc\u00f3w pokazywa\u0107 m\u0142odemu pokoleniu.<\/p>\n<p>&nbsp;<\/p>\n<p><strong>Boles\u0142aw Bork \u2013 patron Biblioteki Publicznej Gminy Szemud Filia w&nbsp;Bojanie<\/strong><\/p>\n<p><strong>&nbsp;<\/strong><\/p>\n<p style=\"text-align: justify;\">Doceniaj\u0105c wielkie zas\u0142ugi Boles\u0142awa Borka na polu nauki, kultury, a szczeg\u00f3lnie regionalizmu Biblioteka Publiczna Gminy Szemud Filia w Bojanie zarz\u0105dzeniem dyrektora z&nbsp;dn. 29 marca 2023 r. w dniu 12 kwietnia przyj\u0119\u0142a imi\u0119 tego\u017c zas\u0142u\u017conego dla naszej gminy pisarza, dzia\u0142acza kaszubskiego. Poprzez nadanie imienia chcemy przybli\u017ca\u0107 wszystkim u\u017cytkownikom Biblioteki posta\u0107 Boles\u0142awa Borka oraz jego dzia\u0142alno\u015b\u0107 spo\u0142eczno-kulturaln\u0105 i&nbsp;o\u015bwiatow\u0105. Chcemy przybli\u017ca\u0107 tak\u017ce jego pogl\u0105dy na proz\u0119 dnia codziennego, umi\u0142owanie przyrody i rol\u0119 j\u0119zyka kaszubskiego w \u017cyciu. Piel\u0119gnuj\u0105c bowiem tradycj\u0119, pami\u0119tamy nie tylko o zabytkach, ale przede wszystkim o ludziach, kt\u00f3rzy rozs\u0142awili nasze \u015brodowisko. Takim cz\u0142owiekiem by\u0142 i pozostanie Boles\u0142aw Bork.<\/p>\n<p style=\"text-align: justify;\">29.02.2024 r. w&nbsp; 80 rocznic\u0119 walk Partyzant\u00f3w Zgrupowania \u201eGryf Pomorski\u201d z Koleczkowa i&nbsp;Bojana nad Sle\u017c\u0105, z inicjatywy biblioteki mia\u0142a miejsce promocja ksi\u0105\u017cki Boles\u0142awa Borka \u201eNad Sle\u017c\u0105. Zarys walk Kaszub\u00f3w lesockich.\u201d wznowienie wydania publikacji z&nbsp;1978 r.<\/p>\n<p>&nbsp;<\/p>\n<p style=\"text-align: justify;\">Jako Biblioteka Publiczna Gminy Szemud jeste\u015bmy dumni z naszych patron\u00f3w, naszych tw\u00f3rc\u00f3w, pisarzy. Biblioteki nasze w swojej codziennej pracy systematycznie podkre\u015blaj\u0105 kaszubski charakter&nbsp; plac\u00f3wek bibliotecznych. Wsp\u00f3\u0142pracujemy bardzo \u015bci\u015ble z Zrzeszeniem Kaszubsko \u2013Pomorskim organizuj\u0105c wsp\u00f3lne zaj\u0119cia, spotkania. R\u00f3wnie\u017c za\u0142o\u017cone w 2009r.&nbsp;&nbsp; Stowarzyszenie LESOK ma charakter kultywowania kaszubszczyzny, z kt\u00f3rym wsp\u00f3\u0142pracujemy pod k\u0105tem umacniania wi\u0119zi mi\u0119dzypokoleniowej i przekazywania warto\u015bci kultury kaszubskiej m\u0142odemu pokoleniu. Jeste\u015bmy inicjatorami i corocznymi organizatorami gminnych eliminacji <strong>Konkursu Recytatorskiego Literatury Kaszubskiej \u201eRODN\u00d4 M\u00d2WA\u201d,<\/strong> kt\u00f3ry ma znaczenie bardzo wa\u017cne zar\u00f3wno dla dzieci i m\u0142odzie\u017cy, jak i dla doros\u0142ych oraz instytucji o\u015bwiatowych.<\/p>\n<p style=\"text-align: justify;\">Ponadto organizowane s\u0105&nbsp; w bibliotece spotkania z ciekawymi lud\u017ami &#8211; regionalistami, tw\u00f3rcami kultury kaszubskiej, a przekazywane przez nich do\u015bwiadczenia s\u0105 inspiracj\u0105 dla m\u0142odego pokolenie. <strong>Uwa\u017camy bowiem, \u017ce naszym obowi\u0105zkiem jest zar\u00f3wno indywidualnie, jak i&nbsp;poprzez instytucj\u0119 jak\u0105 jest biblioteka przekazywanie warto\u015bci danego \u015brodowiska. <\/strong><\/p>\n<p>&nbsp;&nbsp;&nbsp;<\/p>\n<p style=\"text-align: center;\">Zapraszamy do odwiedzania naszych bibliotek oraz naszej strony internetowej:<\/p>\n<p style=\"text-align: center;\"><a href=\"http:\/\/www.biblioteka.szemud.pl\">www.biblioteka.szemud.pl<\/a><\/p>\n<p>&nbsp;&nbsp;&nbsp;&nbsp;&nbsp;&nbsp;&nbsp;&nbsp;&nbsp;&nbsp;&nbsp;&nbsp;&nbsp;&nbsp;&nbsp;&nbsp;&nbsp;&nbsp;&nbsp;&nbsp;&nbsp;&nbsp;&nbsp;&nbsp;&nbsp;&nbsp;&nbsp;&nbsp;&nbsp;&nbsp;&nbsp;&nbsp;&nbsp;&nbsp;&nbsp;&nbsp;&nbsp;&nbsp;&nbsp;&nbsp;&nbsp;&nbsp;&nbsp;&nbsp;&nbsp;&nbsp;&nbsp;&nbsp;&nbsp;&nbsp;&nbsp;&nbsp;&nbsp;&nbsp;&nbsp;&nbsp;&nbsp;&nbsp;&nbsp;&nbsp;&nbsp;&nbsp;&nbsp;&nbsp;&nbsp;&nbsp;&nbsp;&nbsp;&nbsp;&nbsp;&nbsp;&nbsp;&nbsp;&nbsp;&nbsp;&nbsp;&nbsp;&nbsp;&nbsp;&nbsp;&nbsp;&nbsp;&nbsp;&nbsp;&nbsp;&nbsp;&nbsp;&nbsp;&nbsp;&nbsp;&nbsp;&nbsp;&nbsp;&nbsp;&nbsp;&nbsp;&nbsp;&nbsp;&nbsp;&nbsp;&nbsp;&nbsp;&nbsp;&nbsp;&nbsp;<em>&nbsp; &nbsp; &nbsp; &nbsp; &nbsp; &nbsp; &nbsp; &nbsp; &nbsp; &nbsp; &nbsp; &nbsp; &nbsp; &nbsp; &nbsp; &nbsp; <\/em><\/p>\n<p><em>&nbsp; &nbsp; &nbsp; &nbsp; &nbsp; &nbsp; &nbsp; &nbsp; &nbsp; &nbsp; &nbsp; &nbsp; &nbsp; &nbsp; &nbsp; &nbsp; &nbsp; &nbsp; &nbsp; &nbsp; &nbsp; &nbsp; &nbsp; &nbsp; &nbsp; &nbsp; &nbsp; &nbsp; &nbsp; &nbsp; &nbsp; &nbsp; &nbsp; &nbsp; &nbsp; &nbsp; &nbsp; &nbsp; &nbsp; &nbsp; &nbsp; &nbsp; &nbsp; &nbsp; &nbsp; &nbsp; &nbsp; &nbsp; &nbsp; &nbsp; &nbsp; &nbsp; &nbsp; &nbsp; &nbsp; &nbsp; &nbsp; &nbsp; &nbsp; &nbsp; &nbsp; &nbsp; &nbsp; &nbsp; &nbsp; &nbsp; &nbsp;I.Piastowska<\/em><\/p>\n<p>&nbsp;<\/p>\n\n\n\n<figure class=\"wp-block-image size-large is-resized\"><img loading=\"lazy\" decoding=\"async\" width=\"768\" height=\"1024\" src=\"https:\/\/biblioteka.szemud.pl\/wp-content\/uploads\/2025\/06\/IMG-20250617-WA0003-768x1024.jpg\" alt=\"\" class=\"wp-image-67922\" style=\"aspect-ratio:0.75;width:838px;height:auto\" srcset=\"https:\/\/biblioteka.szemud.pl\/wp-content\/uploads\/2025\/06\/IMG-20250617-WA0003-768x1024.jpg 768w, https:\/\/biblioteka.szemud.pl\/wp-content\/uploads\/2025\/06\/IMG-20250617-WA0003-225x300.jpg 225w, https:\/\/biblioteka.szemud.pl\/wp-content\/uploads\/2025\/06\/IMG-20250617-WA0003-1152x1536.jpg 1152w, https:\/\/biblioteka.szemud.pl\/wp-content\/uploads\/2025\/06\/IMG-20250617-WA0003.jpg 1200w\" sizes=\"auto, (max-width: 768px) 100vw, 768px\" \/><\/figure>\n\n\n\n\n\n<figure class=\"wp-block-image size-large is-resized\"><img loading=\"lazy\" decoding=\"async\" width=\"771\" height=\"1024\" src=\"https:\/\/biblioteka.szemud.pl\/wp-content\/uploads\/2025\/06\/1000039571-771x1024.jpg\" alt=\"\" class=\"wp-image-67924\" style=\"aspect-ratio:0.7529296875;width:840px;height:auto\" srcset=\"https:\/\/biblioteka.szemud.pl\/wp-content\/uploads\/2025\/06\/1000039571-771x1024.jpg 771w, https:\/\/biblioteka.szemud.pl\/wp-content\/uploads\/2025\/06\/1000039571-226x300.jpg 226w, https:\/\/biblioteka.szemud.pl\/wp-content\/uploads\/2025\/06\/1000039571-768x1021.jpg 768w, https:\/\/biblioteka.szemud.pl\/wp-content\/uploads\/2025\/06\/1000039571-1156x1536.jpg 1156w, https:\/\/biblioteka.szemud.pl\/wp-content\/uploads\/2025\/06\/1000039571.jpg 1204w\" sizes=\"auto, (max-width: 771px) 100vw, 771px\" \/><\/figure>\n\n\n\n<figure class=\"wp-block-image size-large is-resized\"><img loading=\"lazy\" decoding=\"async\" width=\"768\" height=\"1024\" src=\"https:\/\/biblioteka.szemud.pl\/wp-content\/uploads\/2025\/06\/20250617_093847-768x1024.jpg\" alt=\"\" class=\"wp-image-67926\" style=\"aspect-ratio:0.75;width:839px;height:auto\" srcset=\"https:\/\/biblioteka.szemud.pl\/wp-content\/uploads\/2025\/06\/20250617_093847-768x1024.jpg 768w, https:\/\/biblioteka.szemud.pl\/wp-content\/uploads\/2025\/06\/20250617_093847-225x300.jpg 225w, https:\/\/biblioteka.szemud.pl\/wp-content\/uploads\/2025\/06\/20250617_093847-1152x1536.jpg 1152w, https:\/\/biblioteka.szemud.pl\/wp-content\/uploads\/2025\/06\/20250617_093847-1536x2048.jpg 1536w, https:\/\/biblioteka.szemud.pl\/wp-content\/uploads\/2025\/06\/20250617_093847-scaled.jpg 1920w\" sizes=\"auto, (max-width: 768px) 100vw, 768px\" \/><\/figure>\n\n\n\n<figure class=\"wp-block-image size-full\"><img loading=\"lazy\" decoding=\"async\" width=\"1920\" height=\"2560\" src=\"https:\/\/biblioteka.szemud.pl\/wp-content\/uploads\/2025\/06\/20250617_093138-1-scaled.jpg\" alt=\"\" class=\"wp-image-67929\"\/><\/figure>\n","protected":false},"excerpt":{"rendered":"<div class=\"mh-excerpt\"><p>Cho\u0107 dzia\u0142alno\u015b\u0107 Ceynowy zapocz\u0105tkowa\u0142a okres narodowego odrodzenia na rzecz narodu kaszubskiego, to jednak owoce jego pracy widoczne sta\u0142y si\u0119 dopiero w XX wieku. Do jego <a class=\"mh-excerpt-more\" href=\"https:\/\/biblioteka.szemud.pl\/index.php\/2025\/06\/24\/biblioteka-a-dzialania-kaszubskie\/\" title=\"Biblioteka, a dzia\u0142ania kaszubskie.\">[&#8230;]<\/a><\/p>\n<\/div>","protected":false},"author":10,"featured_media":67934,"comment_status":"closed","ping_status":"closed","sticky":false,"template":"","format":"standard","meta":{"_price":"","_stock":"","_tribe_ticket_header":"","_tribe_default_ticket_provider":"","_tribe_ticket_capacity":"0","_ticket_start_date":"","_ticket_end_date":"","_tribe_ticket_show_description":"","_tribe_ticket_show_not_going":false,"_tribe_ticket_use_global_stock":"","_tribe_ticket_global_stock_level":"","_global_stock_mode":"","_global_stock_cap":"","_tribe_rsvp_for_event":"","_tribe_ticket_going_count":"","_tribe_ticket_not_going_count":"","_tribe_tickets_list":"[]","_tribe_ticket_has_attendee_info_fields":false,"footnotes":""},"categories":[1],"tags":[],"class_list":["post-67896","post","type-post","status-publish","format-standard","has-post-thumbnail","hentry","category-bez-kategorii"],"_links":{"self":[{"href":"https:\/\/biblioteka.szemud.pl\/index.php\/wp-json\/wp\/v2\/posts\/67896","targetHints":{"allow":["GET"]}}],"collection":[{"href":"https:\/\/biblioteka.szemud.pl\/index.php\/wp-json\/wp\/v2\/posts"}],"about":[{"href":"https:\/\/biblioteka.szemud.pl\/index.php\/wp-json\/wp\/v2\/types\/post"}],"author":[{"embeddable":true,"href":"https:\/\/biblioteka.szemud.pl\/index.php\/wp-json\/wp\/v2\/users\/10"}],"replies":[{"embeddable":true,"href":"https:\/\/biblioteka.szemud.pl\/index.php\/wp-json\/wp\/v2\/comments?post=67896"}],"version-history":[{"count":6,"href":"https:\/\/biblioteka.szemud.pl\/index.php\/wp-json\/wp\/v2\/posts\/67896\/revisions"}],"predecessor-version":[{"id":67944,"href":"https:\/\/biblioteka.szemud.pl\/index.php\/wp-json\/wp\/v2\/posts\/67896\/revisions\/67944"}],"wp:featuredmedia":[{"embeddable":true,"href":"https:\/\/biblioteka.szemud.pl\/index.php\/wp-json\/wp\/v2\/media\/67934"}],"wp:attachment":[{"href":"https:\/\/biblioteka.szemud.pl\/index.php\/wp-json\/wp\/v2\/media?parent=67896"}],"wp:term":[{"taxonomy":"category","embeddable":true,"href":"https:\/\/biblioteka.szemud.pl\/index.php\/wp-json\/wp\/v2\/categories?post=67896"},{"taxonomy":"post_tag","embeddable":true,"href":"https:\/\/biblioteka.szemud.pl\/index.php\/wp-json\/wp\/v2\/tags?post=67896"}],"curies":[{"name":"wp","href":"https:\/\/api.w.org\/{rel}","templated":true}]}}