{"id":67893,"date":"2025-06-24T14:42:48","date_gmt":"2025-06-24T12:42:48","guid":{"rendered":"https:\/\/biblioteka.szemud.pl\/?p=67893"},"modified":"2025-06-24T14:42:48","modified_gmt":"2025-06-24T12:42:48","slug":"tworczo-kolorowo-i-z-pasja-podsumowanie-warsztatow-kolek-zainteresowan-w-bibliotekach-publicznych-gminy-szemud","status":"publish","type":"post","link":"https:\/\/biblioteka.szemud.pl\/index.php\/2025\/06\/24\/tworczo-kolorowo-i-z-pasja-podsumowanie-warsztatow-kolek-zainteresowan-w-bibliotekach-publicznych-gminy-szemud\/","title":{"rendered":"Tw\u00f3rczo, kolorowo i z pasj\u0105 \u2013 podsumowanie warsztat\u00f3w, k\u00f3\u0142ek zainteresowa\u0144 w Bibliotekach Publicznych Gminy Szemud."},"content":{"rendered":"\n<p style=\"text-align: justify;\">Ko\u0144c\u00f3wka roku szkolnego to doskona\u0142y moment, by spojrze\u0107 wstecz i podsumowa\u0107 wszystkie dzia\u0142ania, kt\u00f3re przez ostatnie miesi\u0105ce t\u0119tni\u0142y \u017cyciem w Bibliotekach Publicznych Gminy Szemud. Przestrzenie te ju\u017c dawno przesta\u0142y by\u0107 jedynie miejscem wypo\u017cyczania ksi\u0105\u017cek \u2013 sta\u0142y si\u0119 wa\u017cnym centrum spotka\u0144, nauki, rozwoju zainteresowa\u0144 i integracji mi\u0119dzypokoleniowej. W mijaj\u0105cym sezonie uczestnicy warsztat\u00f3w i k\u00f3\u0142ek zainteresowa\u0144 mogli rozwija\u0107 si\u0119 w wielu kierunkach \u2013 od nowoczesnych technologii, przez r\u0119kodzie\u0142o, a\u017c po wsp\u00f3lne dzia\u0142ania artystyczne.<\/p>\n<p style=\"text-align: justify;\">Biblioteki w Gminie Szemud od lat pe\u0142ni\u0105 wa\u017cn\u0105 rol\u0119 kulturotw\u00f3rcz\u0105 i edukacyjn\u0105. Dzi\u0119ki wsparciu lokalnych w\u0142adz oraz zaanga\u017cowaniu bibliotekarzy, ich rola zosta\u0142a poszerzona o\u00a0nowoczesne formy nauki. Zaj\u0119cia z programowania doskonale wpisuj\u0105 si\u0119 w ide\u0119 biblioteki jako miejsca otwartego na nowe technologie i rozw\u00f3j cyfrowy spo\u0142eczno\u015bci lokalnej. W\u015br\u00f3d najbardziej anga\u017cuj\u0105cych zaj\u0119\u0107, znalaz\u0142y si\u0119 warsztaty programowania z Lego Mindstorms oraz kodowania z wykorzystaniem robot\u00f3w Photon. Dzieci, cz\u0119sto po raz pierwszy, zetkn\u0119\u0142y si\u0119 z\u00a0podstawami programowania i robotyki w formie zabawy, kt\u00f3ra jednocze\u015bnie uczy\u0142a logicznego my\u015blenia, analizowania problem\u00f3w i szukania kreatywnych rozwi\u0105za\u0144. Dzi\u0119ki zestawom Lego Mindstorms uczestnicy mogli samodzielnie konstruowa\u0107 inteligentne maszyny, a nast\u0119pnie je programowa\u0107, sprawiaj\u0105c, \u017ce urz\u0105dzenie reagowa\u0142o na polecenia, porusza\u0142o si\u0119, a nawet unika\u0142o przeszk\u00f3d. Roboty Photon, z kolei, umo\u017cliwia\u0142y prac\u0119 z aplikacj\u0105 i nauk\u0119 kodowania poprzez interaktywne scenariusze \u2013 dzieci uczy\u0142y si\u0119 sterowania ruchem, \u015bwiat\u0142em, d\u017awi\u0119kiem i sensoryk\u0105, a wszystko to w przyst\u0119pnej i atrakcyjnej formie. Zaj\u0119cia z\u00a0robotyki, prowadzone przez wspania\u0142e Panie: Gra\u017cynk\u0119 i Renatk\u0119, cieszy\u0142y si\u0119 ogromnym zainteresowaniem i by\u0142y nie tylko edukacyjne, ale te\u017c dawa\u0142y mn\u00f3stwo rado\u015bci i satysfakcji z\u00a0tworzenia czego\u015b w\u0142asnor\u0119cznie.<\/p>\n<p style=\"text-align: justify;\">Obok technologii, r\u00f3wnie siln\u0105 reprezentacj\u0119 mia\u0142y zaj\u0119cia z zakresu r\u0119kodzie\u0142a. W ramach cyklu &#8222;Szyde\u0142ko dla dzieci&#8221; uczestniczki poznawa\u0142y tajniki tej wymagaj\u0105cej, ale bardzo wdzi\u0119cznej techniki. Pod czujnym okiem Pani Natalii uczy\u0142y si\u0119 podstawowych splot\u00f3w, tworz\u0105c swoje pierwsze prace: torebki, breloczki, dynie, a nawet maskotki. Zaj\u0119cia te rozwija\u0142y nie tylko zdolno\u015bci manualne, ale r\u00f3wnie\u017c cierpliwo\u015b\u0107, koncentracj\u0119 i wytrwa\u0142o\u015b\u0107 w d\u0105\u017ceniu do celu. Dziewczynki z dum\u0105 prezentowa\u0142y efekty swojej pracy, a atmosfera wsp\u00f3lnego tworzenia sprzyja\u0142a budowaniu pewno\u015bci siebie i ch\u0119ci dalszego dzia\u0142ania.<\/p>\n<p style=\"text-align: justify;\">Doro\u015bli mieszka\u0144cy gminy tak\u017ce mieli swoje miejsce w bogatej ofercie bibliotecznych zaj\u0119\u0107. Spotkania po\u015bwi\u0119cone szyde\u0142kowaniu i makramie przyci\u0105ga\u0142y osoby w r\u00f3\u017cnym wieku \u2013 od m\u0142odych mam, przez \u201epasjonatki DIY\u201d, po seniorki ch\u0119tne do dzielenia si\u0119 swoim do\u015bwiadczeniem. W atmosferze spokoju i wzajemnego wsparcia, g\u0142\u00f3wnie pod czujnym okiem Natalii- naszej mentorki, powstawa\u0142y pi\u0119kne dzie\u0142a: chusty, torebki, serwetki, czapki, a tak\u017ce koszyczki i dekoracje \u015bwi\u0105teczne. Zaj\u0119cia te by\u0142y nie tylko nauk\u0105 techniki, ale tak\u017ce przestrzeni\u0105 do rozm\u00f3w, wymiany do\u015bwiadcze\u0144, wsp\u00f3lnego \u015bmiechu i tworzenia relacji. Uczestniczki bardzo ceni\u0142y sobie te spotkania jako chwil\u0119 wytchnienia od codziennych obowi\u0105zk\u00f3w i okazj\u0119 do rozwoju osobistego.<\/p>\n<p style=\"text-align: justify;\">Na zako\u0144czenie sezonu zaj\u0119\u0107 odby\u0142o si\u0119 wyj\u0105tkowe spotkanie podsumowuj\u0105ce dzia\u0142alno\u015b\u0107 k\u00f3\u0142ek zainteresowa\u0144 prowadzonych przez Pani\u0105 Karin\u0119 Treder \u2013 k\u00f3\u0142ka plastycznego oraz gitarowego. Szczeg\u00f3lnym momentem wydarzenia by\u0142 mini koncert przygotowany przez uczestnik\u00f3w k\u00f3\u0142ka gitarowego. Dzieci z ogromnym zaanga\u017cowaniem wykona\u0142y utwory, nad kt\u00f3rymi pracowa\u0142y podczas zaj\u0119\u0107 \u2013 dla wielu z nich by\u0142 to pierwszy publiczny wyst\u0119p, kt\u00f3remu towarzyszy\u0142y zar\u00f3wno emocje, jak i ogromna rado\u015b\u0107. Wyst\u0119p spotka\u0142 si\u0119 z ciep\u0142ym przyj\u0119ciem i gromkimi brawami ze strony publiczno\u015bci, w\u015br\u00f3d kt\u00f3rej nie zabrak\u0142o rodzic\u00f3w, opiekun\u00f3w i\u00a0zaproszonych go\u015bci. Ca\u0142e wydarzenie przebieg\u0142o w niezwykle serdecznej atmosferze i by\u0142o pi\u0119knym zwie\u0144czeniem ca\u0142orocznej pracy oraz wsp\u00f3lnej pasji rozwijanej pod czujnym i\u00a0\u017cyczliwym okiem Pani Kariny.<\/p>\n<p style=\"text-align: justify;\">Biblioteki Publiczne Gminy Szemud po raz kolejny udowodni\u0142y, \u017ce s\u0105 miejscem wyj\u0105tkowym \u2013 otwartym, inspiruj\u0105cym i dostosowanym do potrzeb lokalnej spo\u0142eczno\u015bci. Dzi\u0119ki zaanga\u017cowaniu bibliotekarzy, jak i samych uczestnik\u00f3w uda\u0142o si\u0119 stworzy\u0107 przestrze\u0144, w kt\u00f3rej ka\u017cdy \u2013 bez wzgl\u0119du na wiek czy zainteresowania \u2013 m\u00f3g\u0142 odnale\u017a\u0107 co\u015b dla siebie, rozwija\u0107 pasje, nawi\u0105zywa\u0107 relacje i sp\u0119dza\u0107 czas w warto\u015bciowy spos\u00f3b. Tegoroczne warsztaty i k\u00f3\u0142ka zainteresowa\u0144 pozostawi\u0142y po sobie mn\u00f3stwo pi\u0119knych wspomnie\u0144, a tak\u017ce realnych efekt\u00f3w \u2013 od pierwszych program\u00f3w komputerowych, przez r\u0119cznie wykonane ozdoby, a\u017c po koncertowe wzruszenia.<\/p>\n<p style=\"text-align: justify;\">Serdeczne podzi\u0119kowania kierujemy do wszystkich, kt\u00f3rzy w jakikolwiek spos\u00f3b przyczynili si\u0119 do sukcesu tegorocznych dzia\u0142a\u0144 \u2013 prowadz\u0105cych, uczestnik\u00f3w, rodzic\u00f3w i wszystkich sympatyk\u00f3w biblioteki. Wasza obecno\u015b\u0107, pasja i zaanga\u017cowanie sprawiaj\u0105, \u017ce te miejsca \u017cyj\u0105 i\u00a0s\u0105 wa\u017cnym elementem \u017cycia naszej gminy. Do zobaczenia w nowym sezonie \u2013 z jeszcze wi\u0119ksz\u0105 dawk\u0105 inspiracji, kreatywno\u015bci i dobrej energii!<\/p>\n<p>\u00a0<\/p>\n<p style=\"text-align: right;\"><em>Bibliotekarze<\/em><\/p>\n<p>\u00a0<\/p>\n\n\n\n[ngg src=&#8221;galleries&#8221; ids=&#8221;2127,2130,2132,2139,2141,2142,2143,2144,2148,2149,2154,2157,2159&#8243; display=&#8221;basic_thumbnail&#8221;]\n","protected":false},"excerpt":{"rendered":"<div class=\"mh-excerpt\"><p>Ko\u0144c\u00f3wka roku szkolnego to doskona\u0142y moment, by spojrze\u0107 wstecz i podsumowa\u0107 wszystkie dzia\u0142ania, kt\u00f3re przez ostatnie miesi\u0105ce t\u0119tni\u0142y \u017cyciem w Bibliotekach Publicznych Gminy Szemud. Przestrzenie <a class=\"mh-excerpt-more\" href=\"https:\/\/biblioteka.szemud.pl\/index.php\/2025\/06\/24\/tworczo-kolorowo-i-z-pasja-podsumowanie-warsztatow-kolek-zainteresowan-w-bibliotekach-publicznych-gminy-szemud\/\" title=\"Tw\u00f3rczo, kolorowo i z pasj\u0105 \u2013 podsumowanie warsztat\u00f3w, k\u00f3\u0142ek zainteresowa\u0144 w Bibliotekach Publicznych Gminy Szemud.\">[&#8230;]<\/a><\/p>\n<\/div>","protected":false},"author":10,"featured_media":67894,"comment_status":"closed","ping_status":"closed","sticky":false,"template":"","format":"standard","meta":{"_price":"","_stock":"","_tribe_ticket_header":"","_tribe_default_ticket_provider":"","_tribe_ticket_capacity":"0","_ticket_start_date":"","_ticket_end_date":"","_tribe_ticket_show_description":"","_tribe_ticket_show_not_going":false,"_tribe_ticket_use_global_stock":"","_tribe_ticket_global_stock_level":"","_global_stock_mode":"","_global_stock_cap":"","_tribe_rsvp_for_event":"","_tribe_ticket_going_count":"","_tribe_ticket_not_going_count":"","_tribe_tickets_list":"[]","_tribe_ticket_has_attendee_info_fields":false,"footnotes":""},"categories":[11],"tags":[],"class_list":["post-67893","post","type-post","status-publish","format-standard","has-post-thumbnail","hentry","category-inne"],"_links":{"self":[{"href":"https:\/\/biblioteka.szemud.pl\/index.php\/wp-json\/wp\/v2\/posts\/67893","targetHints":{"allow":["GET"]}}],"collection":[{"href":"https:\/\/biblioteka.szemud.pl\/index.php\/wp-json\/wp\/v2\/posts"}],"about":[{"href":"https:\/\/biblioteka.szemud.pl\/index.php\/wp-json\/wp\/v2\/types\/post"}],"author":[{"embeddable":true,"href":"https:\/\/biblioteka.szemud.pl\/index.php\/wp-json\/wp\/v2\/users\/10"}],"replies":[{"embeddable":true,"href":"https:\/\/biblioteka.szemud.pl\/index.php\/wp-json\/wp\/v2\/comments?post=67893"}],"version-history":[{"count":1,"href":"https:\/\/biblioteka.szemud.pl\/index.php\/wp-json\/wp\/v2\/posts\/67893\/revisions"}],"predecessor-version":[{"id":67895,"href":"https:\/\/biblioteka.szemud.pl\/index.php\/wp-json\/wp\/v2\/posts\/67893\/revisions\/67895"}],"wp:featuredmedia":[{"embeddable":true,"href":"https:\/\/biblioteka.szemud.pl\/index.php\/wp-json\/wp\/v2\/media\/67894"}],"wp:attachment":[{"href":"https:\/\/biblioteka.szemud.pl\/index.php\/wp-json\/wp\/v2\/media?parent=67893"}],"wp:term":[{"taxonomy":"category","embeddable":true,"href":"https:\/\/biblioteka.szemud.pl\/index.php\/wp-json\/wp\/v2\/categories?post=67893"},{"taxonomy":"post_tag","embeddable":true,"href":"https:\/\/biblioteka.szemud.pl\/index.php\/wp-json\/wp\/v2\/tags?post=67893"}],"curies":[{"name":"wp","href":"https:\/\/api.w.org\/{rel}","templated":true}]}}