{"id":67424,"date":"2025-06-12T13:51:21","date_gmt":"2025-06-12T11:51:21","guid":{"rendered":"https:\/\/biblioteka.szemud.pl\/?p=67424"},"modified":"2025-06-12T13:51:21","modified_gmt":"2025-06-12T11:51:21","slug":"rodno-mowa-2","status":"publish","type":"post","link":"https:\/\/biblioteka.szemud.pl\/index.php\/2025\/06\/12\/rodno-mowa-2\/","title":{"rendered":"Rodn\u00f4 M\u00f2wa"},"content":{"rendered":"\n<p style=\"text-align: justify;\">Ju\u017c po raz 54. odby\u0142 si\u0119 fina\u0142 konkursu, kt\u00f3rego pocz\u0105tki si\u0119gaj\u0105 roku 1972. To wtedy w&nbsp;Borzestowie z inicjatywy Izabeli Trojanowskiej, Lecha B\u0105dkowskiego, Brunona Cirockiego i Huberta Lewny, po raz pierwszy dzieci recytowa\u0142y wiersze i proz\u0119 w j\u0119zyku kaszubskim. Tak narodzi\u0142 si\u0119 Konkurs Recytatorski Literatury Kaszubskiej \u201eRodn\u00f4 M\u00f2wa\u201d.<\/p>\n<p style=\"text-align: justify;\">Fina\u0142 konkursu ju\u017c tradycyjnie ma miejsce w go\u015bcinnych progach Domu Kultury w Chmielnie. Uczestnicy, zanim dotr\u0105 do fina\u0142u, musz\u0105 przej\u015b\u0107 weryfikacj\u0119 na poziomie szko\u0142y, gminy, powiatu i na zako\u0144czenie stan\u0105\u0107 przed komisj\u0105 wojew\u00f3dzk\u0105. W tym roku w komisji zasiedli: ks. pra\u0142at prof. dr hab. Jan Preszon, dr Tomasz Fopke, dr Karolina Keler, dr Bo\u017cena Ugowska i dr Dariusz Majkowski. Uczestnicy oceniani byli w sze\u015bciu kategoriach wiekowych poczynaj\u0105c od grupy przedszkolnej do doros\u0142ych.<\/p>\n<p style=\"text-align: justify;\">Nas szczeg\u00f3lnie cieszy sukces Joanny Czarnockiej, kt\u00f3ra zaj\u0119\u0142a pierwsze miejsce w kategorii klas I-III szk\u00f3\u0142 podstawowych. Joanna jest uczennic\u0105 szko\u0142y w Bojanie, gdzie pod czujnym okiem pana Gracjana Fopke zg\u0142\u0119bia tajniki i zawi\u0142o\u015bci kaszubskiego j\u0119zyka. W trakcie tegorocznego fina\u0142u wyr\u00f3\u017cniona zosta\u0142a r\u00f3wnie\u017c Oliwia Bojke ze Szko\u0142y Podstawowej w Kielnie. W tym momencie warto przypomnie\u0107 zesz\u0142oroczny sukces mieszkanki naszej gminy pani Marty Lidzbarskiej, kt\u00f3ra zwyci\u0119\u017cy\u0142a w kategorii doros\u0142ych, prezentuj\u0105c tekst w\u0142asnego autorstwa. Podczas tegorocznej edycji ufundowano r\u00f3wnie\u017c nagrody specjalne za najlepsz\u0105 recytacj\u0119 utwor\u00f3w o r\u00f3\u017cnej tematyce. W\u00f3jt Gminy Szemud p. Ryszard Kalkowski ufundowa\u0142 nagrod\u0119 w postaci Diabelskich Skrzypiec dla najlepszego wykonawcy utworu Alojzego Nagla. Nagrod\u0119 otrzyma\u0142a Aleksandra H\u00f6hn ze SP w&nbsp; Swornychgaciach. W imieniu w\u00f3jta wr\u0119czy\u0142 j\u0105 Prezes ZKP Gminy Szemud Kazimierz Hermann, kt\u00f3ry korzystaj\u0105c z okazji zaprosi\u0142 uczestnik\u00f3w spotkania na XXVI \u015awiatowy Zjazd Kaszub\u00f3w do Szemuda. Patronem roku 2025 ustanowionym przez Rad\u0119 Naczeln\u0105 ZKP jest dr hab. Jerzy Samp, wybitny badacz i rzecznik spraw kaszubskich. Jego s\u0142owa \u201eNigle staniesz s\u00e3 niemi w m\u00f2wie stark\u00f3w\u201d (Zanim staniesz si\u0119 niemy w&nbsp;mowie ojc\u00f3w) by\u0142y my\u015bl\u0105 przewodni\u0105 tegorocznego wydarzenia.<\/p>\n<p>&nbsp;<\/p>\n<p>&nbsp;&nbsp;&nbsp;&nbsp;&nbsp;&nbsp;&nbsp;&nbsp;&nbsp;&nbsp;&nbsp;&nbsp;&nbsp;&nbsp;&nbsp;&nbsp;&nbsp;&nbsp;&nbsp;&nbsp;&nbsp;&nbsp;&nbsp;&nbsp;&nbsp;&nbsp;&nbsp;&nbsp;&nbsp;&nbsp;&nbsp;&nbsp;&nbsp;&nbsp;&nbsp;&nbsp;&nbsp;&nbsp;&nbsp;&nbsp;&nbsp;&nbsp;&nbsp;&nbsp;&nbsp;&nbsp;&nbsp;&nbsp;&nbsp;&nbsp;&nbsp;&nbsp;&nbsp;&nbsp; &nbsp;&nbsp;&nbsp;&nbsp;&nbsp;&nbsp;&nbsp;&nbsp;&nbsp;&nbsp;&nbsp;&nbsp;&nbsp;&nbsp;&nbsp;&nbsp;&nbsp;&nbsp;&nbsp;&nbsp;&nbsp;&nbsp;&nbsp;&nbsp;&nbsp;&nbsp;&nbsp;&nbsp;&nbsp;&nbsp;&nbsp;&nbsp;&nbsp;&nbsp;&nbsp;&nbsp;&nbsp;&nbsp;&nbsp;&nbsp;&nbsp;&nbsp;&nbsp;&nbsp;&nbsp;&nbsp;&nbsp;&nbsp;&nbsp;&nbsp;&nbsp;&nbsp;&nbsp;&nbsp;&nbsp;&nbsp;&nbsp;&nbsp;&nbsp;&nbsp;&nbsp;&nbsp;&nbsp;&nbsp;&nbsp;&nbsp;&nbsp;&nbsp;&nbsp;&nbsp;&nbsp;&nbsp;&nbsp; &nbsp;&nbsp;<em>J\u00f3zef Baszanowski<\/em><\/p>\n\n\n\n[ngg src=&#8221;galleries&#8221; ids=&#8221;2138&#8243; display=&#8221;basic_thumbnail&#8221;]\n","protected":false},"excerpt":{"rendered":"<div class=\"mh-excerpt\"><p>Ju\u017c po raz 54. odby\u0142 si\u0119 fina\u0142 konkursu, kt\u00f3rego pocz\u0105tki si\u0119gaj\u0105 roku 1972. To wtedy w&nbsp;Borzestowie z inicjatywy Izabeli Trojanowskiej, Lecha B\u0105dkowskiego, Brunona Cirockiego i <a class=\"mh-excerpt-more\" href=\"https:\/\/biblioteka.szemud.pl\/index.php\/2025\/06\/12\/rodno-mowa-2\/\" title=\"Rodn\u00f4 M\u00f2wa\">[&#8230;]<\/a><\/p>\n<\/div>","protected":false},"author":8,"featured_media":67425,"comment_status":"closed","ping_status":"closed","sticky":false,"template":"","format":"standard","meta":{"_price":"","_stock":"","_tribe_ticket_header":"","_tribe_default_ticket_provider":"","_tribe_ticket_capacity":"0","_ticket_start_date":"","_ticket_end_date":"","_tribe_ticket_show_description":"","_tribe_ticket_show_not_going":false,"_tribe_ticket_use_global_stock":"","_tribe_ticket_global_stock_level":"","_global_stock_mode":"","_global_stock_cap":"","_tribe_rsvp_for_event":"","_tribe_ticket_going_count":"","_tribe_ticket_not_going_count":"","_tribe_tickets_list":"[]","_tribe_ticket_has_attendee_info_fields":false,"footnotes":""},"categories":[31],"tags":[],"class_list":["post-67424","post","type-post","status-publish","format-standard","has-post-thumbnail","hentry","category-konkurs"],"_links":{"self":[{"href":"https:\/\/biblioteka.szemud.pl\/index.php\/wp-json\/wp\/v2\/posts\/67424","targetHints":{"allow":["GET"]}}],"collection":[{"href":"https:\/\/biblioteka.szemud.pl\/index.php\/wp-json\/wp\/v2\/posts"}],"about":[{"href":"https:\/\/biblioteka.szemud.pl\/index.php\/wp-json\/wp\/v2\/types\/post"}],"author":[{"embeddable":true,"href":"https:\/\/biblioteka.szemud.pl\/index.php\/wp-json\/wp\/v2\/users\/8"}],"replies":[{"embeddable":true,"href":"https:\/\/biblioteka.szemud.pl\/index.php\/wp-json\/wp\/v2\/comments?post=67424"}],"version-history":[{"count":1,"href":"https:\/\/biblioteka.szemud.pl\/index.php\/wp-json\/wp\/v2\/posts\/67424\/revisions"}],"predecessor-version":[{"id":67426,"href":"https:\/\/biblioteka.szemud.pl\/index.php\/wp-json\/wp\/v2\/posts\/67424\/revisions\/67426"}],"wp:featuredmedia":[{"embeddable":true,"href":"https:\/\/biblioteka.szemud.pl\/index.php\/wp-json\/wp\/v2\/media\/67425"}],"wp:attachment":[{"href":"https:\/\/biblioteka.szemud.pl\/index.php\/wp-json\/wp\/v2\/media?parent=67424"}],"wp:term":[{"taxonomy":"category","embeddable":true,"href":"https:\/\/biblioteka.szemud.pl\/index.php\/wp-json\/wp\/v2\/categories?post=67424"},{"taxonomy":"post_tag","embeddable":true,"href":"https:\/\/biblioteka.szemud.pl\/index.php\/wp-json\/wp\/v2\/tags?post=67424"}],"curies":[{"name":"wp","href":"https:\/\/api.w.org\/{rel}","templated":true}]}}