{"id":66324,"date":"2025-05-26T10:44:48","date_gmt":"2025-05-26T08:44:48","guid":{"rendered":"https:\/\/biblioteka.szemud.pl\/?p=66324"},"modified":"2025-05-26T10:44:48","modified_gmt":"2025-05-26T08:44:48","slug":"biblioteka-lubie-tu-byc-tydzien-bibliotek","status":"publish","type":"post","link":"https:\/\/biblioteka.szemud.pl\/index.php\/2025\/05\/26\/biblioteka-lubie-tu-byc-tydzien-bibliotek\/","title":{"rendered":"BIBLIOTEKA. Lubi\u0119 tu by\u0107. Tydzie\u0144 Bibliotek"},"content":{"rendered":"\n<p style=\"text-align: justify;\">Pierwsze informacje o zawodzie bibliotekarza pochodz\u0105 jeszcze z czas\u00f3w staro\u017cytnych. \u015awi\u0119to zainicjowane zosta\u0142o natomiast przez Stowarzyszenie Bibliotekarzy Polskich &#8211; obchodzone jest ka\u017cdego roku w dniu 8 maja. Jest to \u015bwi\u0119to podsumowuj\u0105ce prac\u0119, osi\u0105gni\u0119cia zawodowe i budowania wizerunku bibliotek, a tak\u017ce samych bibliotekarzy. Dzie\u0144 ten rozpoczyna Tydzie\u0144 Bibliotek obchodzony co roku w dniach 8&nbsp;-15 maja. Wydarzenie to ma og\u00f3lnopolski charakter. Celem akcji jest promowanie czytelnictwa, bibliotek i bibliotekarzy. Organizowana jest od 2004 r. przez Stowarzyszenie Bibliotekarzy Polskich. Has\u0142o Tygodnia Bibliotek 2025 roku brzmia\u0142o \u201eBiblioteka. Lubi\u0119 tu by\u0107\u201d. Jego autork\u0105 jest Agnieszka Marcinkowska z&nbsp;Poczytajki \u2013 biblioteki szkolnej Zespo\u0142u Szkolno-Przedszkolnego w Turce. Oto jak uzasadni\u0142a sw\u00f3j pomys\u0142: \u201eObecnie biblioteka to nie tylko wypo\u017cyczalnia ksi\u0105\u017cek\/lektur. To miejsce spotka\u0144, rozm\u00f3w, warsztat\u00f3w. To ju\u017c nie jest ciche miejsce. To miejsce, w kt\u00f3rym mo\u017cna ciekawie i&nbsp;kreatywnie sp\u0119dza\u0107 czas. To miejsce, w kt\u00f3rym lubi si\u0119 by\u0107. Ze sob\u0105, z ksi\u0105\u017ck\u0105, z przyjaci\u00f3\u0142mi, z innymi.\u201d<\/p>\n<p style=\"text-align: justify;\">Biblioteki Publiczne Gminy Szemud przygotowa\u0142y wiele r\u00f3\u017cnorodnych wydarze\u0144 w tym wyj\u0105tkowym tygodniu, a mo\u017cna nawet powiedzie\u0107 w ca\u0142ym miesi\u0105cu. Og\u0142osili\u015bmy dla naszych czytelnik\u00f3w po raz pierwszy dwie akcje, kt\u00f3re my\u015blimy na sta\u0142e z nami zostan\u0105, i tak: <strong>MAJ BEZ KAR.<\/strong> Przez ca\u0142y miesi\u0105c czytelnicy, kt\u00f3rzy przetrzymali ksi\u0105\u017cki wypo\u017cyczone z naszych bibliotek mogli je odda\u0107 bez obawy o naliczenie kary finansowej. By\u0142a to \u015bwietna okazja, by uregulowa\u0107 swoje zobowi\u0105zania wobec bibliotek i na nowo rozpocz\u0105\u0107 przygod\u0119 z czytaniem. Kolejna akcja: <strong>Co my\u015blisz o swojej bibliotece? <\/strong>\u2013 mia\u0142a ona na celu podzielenie si\u0119 z nami bibliotekarzami, opiniami na temat naszych bibliotek, za co lubi\u0105 przychodzi\u0107 do biblioteki, czy to po ulubion\u0105 lektur\u0119, czy to na r\u00f3\u017cne spotkania, warsztaty, koncerty itp. I tak panie z naszych bibliotek wytypowa\u0142y wypowiedzi, kt\u00f3re chwyci\u0142y nas za serce: <strong>Biblioteka w Bojanie<\/strong> \u2013 Anna Tokaj: <strong>Biblioteka w Kielnie<\/strong> &#8211; &nbsp;Jakub Domaga\u0142a, Izabela Piepi\u00f3rka-\u017bminkowska, Przemys\u0142aw Karasi\u0144ski, Monika Gros-Domaga\u0142a, Beata Bara\u0144ska, Daria Cz\u0105stka: <strong>Biblioteka w Szemudzie <\/strong>&#8211; Bo\u017cena Fr\u0105ckowiak; Adam i Ewa Galant; Ma\u0142gorzata Rychcik; Marzena Janicka; Monika Walentynowicz; Urszula Hallmann; Teresa Or\u0142owska; J\u00f3zef Baszanowski; Angelika Zaj\u0105czkowska: <strong>Biblioteka w&nbsp;\u0141ebnie<\/strong> &#8211; Maja Bladowska, Magdalena Konkol, Monika Kanka, Ewelina Lis, Filip Trojanowski, Agnieszka Leyk, \u0141ucja Kowalewska, Danuta Damps, Julia K\u0105kol, Lena Waldowska, Agnieszka Chustak, Agata Dosz, Manuela Kuczkowska, Amelia Chustak. Dzi\u0119kujemy z&nbsp;ca\u0142ego serca wszystkim za tyle ciep\u0142ych s\u0142\u00f3w, za pokazanie nam, jak jeste\u015bmy potrzebni w&nbsp;naszym \u015brodowisku. Po tej akcji widzimy, \u017ce biblioteki \u2013 czy to pod k\u0105tem doboru literatury, czy oferty kulturalnej spe\u0142niaj\u0105 Pa\u0144stwa oczekiwania. Zrobimy wszystko, aby tak pozosta\u0142o.<\/p>\n<p style=\"text-align: justify;\">W ramach bogatej oferty naszych spotka\u0144, biblioteka zaprosi\u0142a do naszej gminy p. Jacka \u0141api\u0144skiego, kt\u00f3ry odwiedzi\u0142 m\u0142odzie\u017c z klas VII i VIII w szko\u0142ach w \u0141ebnie, Szemudzie, Kielnie i&nbsp;Bojanie. By\u0142y to bardzo ciekawe spotkania, w trakcie kt\u00f3rych p. Jacek przekonywa\u0142 uczestnik\u00f3w, \u017ce czytanie to bardzo fajna zabawa, \u017ce czytanie pozytywnie wp\u0142ywa na styl my\u015blenia i dzia\u0142ania. Pan Jacek jest autorem ksi\u0105\u017cek w\u0142a\u015bnie na ten temat: \u201eO czytaniu na weso\u0142o.\u201d; \u201eDlaczego warto czyta\u0107?!\u201d; \u201eZ u\u015bmiechem Ci do twarzy! Dobry humor to lepsze \u017cycie.\u201d Wszystkie te ksi\u0105\u017cki s\u0105 oczywi\u015bcie dost\u0119pne w naszych bibliotekach.<\/p>\n<p style=\"text-align: justify;\">We wszystkich bibliotekach odby\u0142y si\u0119 ju\u017c po raz 10 eliminacje w konkursie na <strong>Mistrza Pi\u0119knego Czytania<\/strong> dla uczni\u00f3w klas I-III SP. Wyniki w poszczeg\u00f3lnych plac\u00f3wkach wygl\u0105da\u0142y nast\u0119puj\u0105co: <strong>Biblioteka Szemud<\/strong> \u2013 kl. I Jan Ellwart; kl. II Jan Kos; kl. III Jakub Zajdzikowski; <strong>Biblioteka Kielno<\/strong> \u2013 kl. I Pola Rzepnicka; kl. II Rozalia Cz\u0105stka i Jan Jackiewicz; kl. III Hanna Pilch; <strong>Biblioteka Bojano<\/strong> \u2013 kl. I Zuzanna Fularczyk; kl. II Joanna Czarnocka; kl. III Maja Karwacka; <strong>Biblioteka \u0141ebno<\/strong> \u2013 kl. I Klara Brzozowska i Wiktoria Zimna; kl. II Tymon Stenka i Antonina Kreft; kl. III Klaudiusz Hallmann i Dominika Konkol.<\/p>\n<p style=\"text-align: justify;\">Nast\u0119pnie w Szemudzie po raz 9 dokonano wyboru <strong>Gminnych Mistrz\u00f3w Pi\u0119knego Czytania klasy I, II oraz III. <\/strong>Wszyscy uczestnicy przepi\u0119knie czytali, a komisja nie mia\u0142a \u0142atwego zadania, maj\u0105c oceni\u0107 m.in. bezb\u0142\u0119dno\u015b\u0107 i p\u0142ynno\u015b\u0107 czytania, intonacj\u0119, a tak\u017ce dob\u00f3r repertuaru.<\/p>\n<p style=\"text-align: justify;\">Jury w sk\u0142adzie: Maria Chustak; El\u017cbieta Dargacz oraz Teresa Sendacka orzek\u0142o, \u017ce Mistrzem Pi\u0119knego Czytania w Gminie Szemud w 2025 roku zosta\u0142\/a:<\/p>\n<p>klasa I&nbsp;&nbsp;&nbsp;&nbsp;&nbsp;&nbsp;&nbsp;&nbsp;&nbsp;&nbsp;&nbsp;&nbsp; <strong>Pola Rzepnicka<\/strong><\/p>\n<p>klasa II &nbsp;&nbsp;&nbsp;&nbsp;&nbsp;&nbsp;&nbsp;&nbsp;&nbsp;&nbsp;&nbsp; <strong>Jan Kos<\/strong><\/p>\n<p>klasa III&nbsp;&nbsp;&nbsp;&nbsp;&nbsp;&nbsp;&nbsp;&nbsp;&nbsp;&nbsp; <strong>Hanna Pilch<\/strong><\/p>\n<p style=\"text-align: justify;\">We wszystkich bibliotekach odby\u0142y si\u0119 r\u00f3wnie\u017c uroczyste <strong>pasowania na czytelnik\u00f3w uczni\u00f3w klas pierwszych<\/strong>. Chcemy w&nbsp;dzieciach rozbudzi\u0107 ch\u0119ci czytania i&nbsp;wyrobienia prawid\u0142owych nawyk\u00f3w czytelniczych, poszanowania ksi\u0105\u017cek oraz traktowania czytania jako \u015bwietnej rozrywki. Uczniowie w nagrod\u0119 otrzymali dyplomy, zak\u0142adki, kolorowanki oraz zobowi\u0105zania do bibliotek, aby od tej chwili sta\u0107 si\u0119 pe\u0142noprawnymi czytelnikami.<\/p>\n<p style=\"text-align: justify;\">W ca\u0142ym m-cu maju w ka\u017cdej naszej plac\u00f3wce, odwiedzi\u0142o nas wiele dzieci zar\u00f3wno z&nbsp;przedszkoli, jak i szk\u00f3\u0142 \u2013 nazwali\u015bmy te spotkania <strong>\u201eRozpoczynamy czytelnicz\u0105 podr\u00f3\u017c\u201d<\/strong>. W&nbsp;trakcie takiej wizyty pokazujemy dzieciom nasze biblioteki, t\u0142umaczymy zasady wypo\u017cyczania, opowiadamy o zaj\u0119ciach, jakie si\u0119 u nas odbywaj\u0105. W Szemudzie dodatkowo oprowadzamy dzieci po Centrum Samorz\u0105dowym, pokazuj\u0105c im jak dzia\u0142a ten wielofunkcyjny budynek, dzieci odwiedzaj\u0105 pana W\u00f3jta, kt\u00f3ry zawsze mi\u0142o ich przyjmuje, opowiada o swojej pracy. Ciesz\u0105 nas te wizyty, dzieci z wielkim zaanga\u017cowaniem s\u0142uchaj\u0105 i ch\u0142on\u0105 przekazan\u0105 im wiedz\u0119.<\/p>\n<p style=\"text-align: justify;\">Warto te\u017c wspomnie\u0107 o dniu 8 maja &#8211; wszyscy pracownicy zostali zaproszeni przez Starost\u0119 Wejherowskiego, jak i Dyrektora Powiatowej Biblioteki Publicznej w Wejherowie&nbsp; na <strong>Powiatowy Dzie\u0144 Bibliotekarza<\/strong>, kt\u00f3ry w tym roku odby\u0142 si\u0119 w Gniewinie. Jednak zanim wyruszyli\u015bmy do Gniewina odwiedzi\u0142 nas W\u00f3jt Gminy Szemud Ryszard Kalkowski z \u017cyczeniami i&nbsp;dobr\u0105 nowin\u0105 o nowej bibliotece w Bojanie. By\u0142a to najlepsza wiadomo\u015b\u0107 tego pi\u0119knego dnia, dzi\u0119kujemy za \u017cyczenia i dobre s\u0142owo. W Gniewinie spotkali\u015bmy si\u0119 z wszystkimi pracownikami bibliotek z ca\u0142ego powiatu, by\u0142o bardzo uroczy\u015bcie, wys\u0142uchali\u015bmy pi\u0119knego koncertu. Takie spotkania i docenienie naszej pracy przez w\u0142adze samorz\u0105dowe&nbsp; s\u0105&nbsp; bardzo mi\u0142e. Us\u0142yszeli\u015bmy tego dnia wiele ciep\u0142ych s\u0142\u00f3w o naszej pracy, o naszym zaanga\u017cowaniu w szerzeniu czytelnictwa, jak i szeroko poj\u0119tej kultury.<\/p>\n<p style=\"text-align: justify;\">Serdecznie dzi\u0119kujemy za udzia\u0142 we wszystkich spotkaniach i konkursach \u2013 miesi\u0105c maj obfitowa\u0142 w czytelnicze i kulturalne akcje, a wszystkich uczestnik\u00f3w tych\u017ce spotka\u0144 naliczyli\u015bmy oko\u0142o <strong>1300<\/strong>. Cieszymy si\u0119, \u017ce jeste\u015bcie z nami i zapraszamy do korzystania z oferty Bibliotek Publicznych Gminy Szemud.<\/p>\n<p>&nbsp;<\/p>\n<p>&nbsp;&nbsp;&nbsp;&nbsp;&nbsp;&nbsp;&nbsp;&nbsp;&nbsp;&nbsp;&nbsp;&nbsp;&nbsp;&nbsp;&nbsp;&nbsp;&nbsp;&nbsp;&nbsp;&nbsp;&nbsp;&nbsp;&nbsp;&nbsp;&nbsp;&nbsp;&nbsp;&nbsp;&nbsp;&nbsp;&nbsp;&nbsp;&nbsp;&nbsp;&nbsp;&nbsp;&nbsp;&nbsp;&nbsp;&nbsp;&nbsp;&nbsp;&nbsp;&nbsp;&nbsp;&nbsp;&nbsp;&nbsp;&nbsp;&nbsp;&nbsp;&nbsp;&nbsp;&nbsp;&nbsp;&nbsp;&nbsp;&nbsp;&nbsp;&nbsp;&nbsp;&nbsp;&nbsp;&nbsp;&nbsp;&nbsp;&nbsp;&nbsp;&nbsp;&nbsp;&nbsp;&nbsp;&nbsp;&nbsp;&nbsp;&nbsp;&nbsp;&nbsp;&nbsp;&nbsp;&nbsp;&nbsp;&nbsp;&nbsp;&nbsp;&nbsp;&nbsp;&nbsp;&nbsp;&nbsp;&nbsp;&nbsp;&nbsp;&nbsp;&nbsp;&nbsp;&nbsp;&nbsp;&nbsp;&nbsp;&nbsp;&nbsp;&nbsp;&nbsp;&nbsp;&nbsp;&nbsp;&nbsp;&nbsp;&nbsp;&nbsp;&nbsp;&nbsp;&nbsp;&nbsp;&nbsp;&nbsp; <em>&nbsp;&nbsp;&nbsp;&nbsp;&nbsp;&nbsp;&nbsp;&nbsp;&nbsp;&nbsp; Bibliotekarze<\/em><\/p>\n<p>&nbsp;<\/p>\n\n\n\n[ngg src=&#8221;albums&#8221; ids=&#8221;187,188,189,190&#8243; display=&#8221;compact_album&#8221;]\n","protected":false},"excerpt":{"rendered":"<div class=\"mh-excerpt\"><p>Pierwsze informacje o zawodzie bibliotekarza pochodz\u0105 jeszcze z czas\u00f3w staro\u017cytnych. \u015awi\u0119to zainicjowane zosta\u0142o natomiast przez Stowarzyszenie Bibliotekarzy Polskich &#8211; obchodzone jest ka\u017cdego roku w dniu <a class=\"mh-excerpt-more\" href=\"https:\/\/biblioteka.szemud.pl\/index.php\/2025\/05\/26\/biblioteka-lubie-tu-byc-tydzien-bibliotek\/\" title=\"BIBLIOTEKA. Lubi\u0119 tu by\u0107. Tydzie\u0144 Bibliotek\">[&#8230;]<\/a><\/p>\n<\/div>","protected":false},"author":8,"featured_media":66325,"comment_status":"closed","ping_status":"closed","sticky":false,"template":"","format":"standard","meta":{"_price":"","_stock":"","_tribe_ticket_header":"","_tribe_default_ticket_provider":"","_tribe_ticket_capacity":"0","_ticket_start_date":"","_ticket_end_date":"","_tribe_ticket_show_description":"","_tribe_ticket_show_not_going":false,"_tribe_ticket_use_global_stock":"","_tribe_ticket_global_stock_level":"","_global_stock_mode":"","_global_stock_cap":"","_tribe_rsvp_for_event":"","_tribe_ticket_going_count":"","_tribe_ticket_not_going_count":"","_tribe_tickets_list":"[]","_tribe_ticket_has_attendee_info_fields":false,"footnotes":""},"categories":[11],"tags":[],"class_list":["post-66324","post","type-post","status-publish","format-standard","has-post-thumbnail","hentry","category-inne"],"_links":{"self":[{"href":"https:\/\/biblioteka.szemud.pl\/index.php\/wp-json\/wp\/v2\/posts\/66324","targetHints":{"allow":["GET"]}}],"collection":[{"href":"https:\/\/biblioteka.szemud.pl\/index.php\/wp-json\/wp\/v2\/posts"}],"about":[{"href":"https:\/\/biblioteka.szemud.pl\/index.php\/wp-json\/wp\/v2\/types\/post"}],"author":[{"embeddable":true,"href":"https:\/\/biblioteka.szemud.pl\/index.php\/wp-json\/wp\/v2\/users\/8"}],"replies":[{"embeddable":true,"href":"https:\/\/biblioteka.szemud.pl\/index.php\/wp-json\/wp\/v2\/comments?post=66324"}],"version-history":[{"count":1,"href":"https:\/\/biblioteka.szemud.pl\/index.php\/wp-json\/wp\/v2\/posts\/66324\/revisions"}],"predecessor-version":[{"id":66326,"href":"https:\/\/biblioteka.szemud.pl\/index.php\/wp-json\/wp\/v2\/posts\/66324\/revisions\/66326"}],"wp:featuredmedia":[{"embeddable":true,"href":"https:\/\/biblioteka.szemud.pl\/index.php\/wp-json\/wp\/v2\/media\/66325"}],"wp:attachment":[{"href":"https:\/\/biblioteka.szemud.pl\/index.php\/wp-json\/wp\/v2\/media?parent=66324"}],"wp:term":[{"taxonomy":"category","embeddable":true,"href":"https:\/\/biblioteka.szemud.pl\/index.php\/wp-json\/wp\/v2\/categories?post=66324"},{"taxonomy":"post_tag","embeddable":true,"href":"https:\/\/biblioteka.szemud.pl\/index.php\/wp-json\/wp\/v2\/tags?post=66324"}],"curies":[{"name":"wp","href":"https:\/\/api.w.org\/{rel}","templated":true}]}}