{"id":66095,"date":"2025-05-22T13:01:29","date_gmt":"2025-05-22T11:01:29","guid":{"rendered":"https:\/\/biblioteka.szemud.pl\/?p=66095"},"modified":"2025-05-22T13:01:29","modified_gmt":"2025-05-22T11:01:29","slug":"wyniki-konkursu-plastycznego-ksiazki-mowia-na-okladke-ulubionej-ksiazki-3","status":"publish","type":"post","link":"https:\/\/biblioteka.szemud.pl\/index.php\/2025\/05\/22\/wyniki-konkursu-plastycznego-ksiazki-mowia-na-okladke-ulubionej-ksiazki-3\/","title":{"rendered":"Wyniki Konkursu Plastycznego &#8221;Ksi\u0105\u017cki m\u00f3wi\u0105&#8221; na ok\u0142adk\u0119 ulubionej ksi\u0105\u017cki"},"content":{"rendered":"\n<p style=\"text-align: justify;\">Dnia 21.05.2025r. w Bibliotece Publicznej Gminy Szemud, komisja konkursowa w\u00a0sk\u0142adzie:<\/p>\n<p>Karina Treder- przewodnicz\u0105ca<\/p>\n<p>Iwona Piastowska, Renata Czoska, Ma\u0142gorzata Kowalewska\u00a0\u00a0\u00a0\u00a0\u00a0\u00a0\u00a0<\/p>\n<p style=\"text-align: justify;\">rozstrzygn\u0119\u0142a i wytypowa\u0142a laureat\u00f3w konkursu \u201eKsi\u0105\u017cki M\u00f3wi\u0105\u201d. Komisja mia\u0142a bardzo trudne zadanie, poniewa\u017c wszystkie prace by\u0142y pomys\u0142owe, pi\u0119kne i\u00a0barwne.<\/p>\n<p><strong>Kategoria klas I-III (10 prac)<\/strong><\/p>\n<p>I miejsce\u00a0\u00a0\u00a0\u00a0\u00a0\u00a0\u00a0\u00a0 Matylda Bro\u017cnowicz\u00a0 \u00a0\u00a0\u00a0\u00a0\u00a0\u00a0\u00a0\u00a0\u00a0\u00a0\u00a0<\/p>\n<p>II miejsce\u00a0\u00a0\u00a0\u00a0\u00a0\u00a0\u00a0 Zofia Oczk<\/p>\n<p>III miejsce\u00a0\u00a0\u00a0\u00a0\u00a0\u00a0 Klaudiusz Hallmann ex aequo Kajetan Miotk<\/p>\n<p><strong>Wyr\u00f3\u017cnienia:<\/strong><\/p>\n<p>Kacper Marci\u0144ski; Weronika Rzeszut; Apolonia Lamparska; Helena Krauze; Milena Pranszke; Patrycja Karasi\u0144ska<\/p>\n<p><strong>Kategoria klas IV-VI (5 prac)<\/strong><\/p>\n<p>I miejsce\u00a0\u00a0\u00a0\u00a0\u00a0\u00a0\u00a0\u00a0 Maja Bladowska<\/p>\n<p>II miejsce\u00a0\u00a0\u00a0\u00a0\u00a0\u00a0\u00a0 Aleksandra Ga\u0142\u0119ziewska<\/p>\n<p>III miejsce\u00a0\u00a0\u00a0\u00a0\u00a0\u00a0 Wiktoria Rzeszut<\/p>\n<p><strong>Wyr\u00f3\u017cnienia:<\/strong><\/p>\n<p>Eliza Waldowska; Magdalena Kupc<\/p>\n<p><strong>Kategoria klas VII-VIII (4 prace)<\/strong><\/p>\n<p>II miejsce\u00a0\u00a0\u00a0\u00a0\u00a0\u00a0\u00a0 Kacper Szwaba<\/p>\n<p><strong>Wyr\u00f3\u017cnienia:<\/strong><\/p>\n<p>Daria Nowicka; Iwo Gruba; Aleksander Baranowski<\/p>\n<p style=\"text-align: justify;\">Zapraszamy wszystkich laureat\u00f3w na wr\u0119czenie nagr\u00f3d w <strong>dniu 03.06. (wtorek) godzina 16:00 do Biblioteki Publicznej w Szemudzie (czytelnia) ul. Samorz\u0105dowa 1.<\/strong><\/p>\n<p>\u00a0<\/p>\n","protected":false},"excerpt":{"rendered":"<div class=\"mh-excerpt\"><p>Dnia 21.05.2025r. w Bibliotece Publicznej Gminy Szemud, komisja konkursowa w\u00a0sk\u0142adzie: Karina Treder- przewodnicz\u0105ca Iwona Piastowska, Renata Czoska, Ma\u0142gorzata Kowalewska\u00a0\u00a0\u00a0\u00a0\u00a0\u00a0\u00a0 rozstrzygn\u0119\u0142a i wytypowa\u0142a laureat\u00f3w konkursu \u201eKsi\u0105\u017cki <a class=\"mh-excerpt-more\" href=\"https:\/\/biblioteka.szemud.pl\/index.php\/2025\/05\/22\/wyniki-konkursu-plastycznego-ksiazki-mowia-na-okladke-ulubionej-ksiazki-3\/\" title=\"Wyniki Konkursu Plastycznego &#8221;Ksi\u0105\u017cki m\u00f3wi\u0105&#8221; na ok\u0142adk\u0119 ulubionej ksi\u0105\u017cki\">[&#8230;]<\/a><\/p>\n<\/div>","protected":false},"author":10,"featured_media":17503,"comment_status":"closed","ping_status":"closed","sticky":false,"template":"","format":"standard","meta":{"_price":"","_stock":"","_tribe_ticket_header":"","_tribe_default_ticket_provider":"","_tribe_ticket_capacity":"0","_ticket_start_date":"","_ticket_end_date":"","_tribe_ticket_show_description":"","_tribe_ticket_show_not_going":false,"_tribe_ticket_use_global_stock":"","_tribe_ticket_global_stock_level":"","_global_stock_mode":"","_global_stock_cap":"","_tribe_rsvp_for_event":"","_tribe_ticket_going_count":"","_tribe_ticket_not_going_count":"","_tribe_tickets_list":"[]","_tribe_ticket_has_attendee_info_fields":false,"footnotes":""},"categories":[31],"tags":[],"class_list":["post-66095","post","type-post","status-publish","format-standard","has-post-thumbnail","hentry","category-konkurs"],"_links":{"self":[{"href":"https:\/\/biblioteka.szemud.pl\/index.php\/wp-json\/wp\/v2\/posts\/66095","targetHints":{"allow":["GET"]}}],"collection":[{"href":"https:\/\/biblioteka.szemud.pl\/index.php\/wp-json\/wp\/v2\/posts"}],"about":[{"href":"https:\/\/biblioteka.szemud.pl\/index.php\/wp-json\/wp\/v2\/types\/post"}],"author":[{"embeddable":true,"href":"https:\/\/biblioteka.szemud.pl\/index.php\/wp-json\/wp\/v2\/users\/10"}],"replies":[{"embeddable":true,"href":"https:\/\/biblioteka.szemud.pl\/index.php\/wp-json\/wp\/v2\/comments?post=66095"}],"version-history":[{"count":1,"href":"https:\/\/biblioteka.szemud.pl\/index.php\/wp-json\/wp\/v2\/posts\/66095\/revisions"}],"predecessor-version":[{"id":66096,"href":"https:\/\/biblioteka.szemud.pl\/index.php\/wp-json\/wp\/v2\/posts\/66095\/revisions\/66096"}],"wp:featuredmedia":[{"embeddable":true,"href":"https:\/\/biblioteka.szemud.pl\/index.php\/wp-json\/wp\/v2\/media\/17503"}],"wp:attachment":[{"href":"https:\/\/biblioteka.szemud.pl\/index.php\/wp-json\/wp\/v2\/media?parent=66095"}],"wp:term":[{"taxonomy":"category","embeddable":true,"href":"https:\/\/biblioteka.szemud.pl\/index.php\/wp-json\/wp\/v2\/categories?post=66095"},{"taxonomy":"post_tag","embeddable":true,"href":"https:\/\/biblioteka.szemud.pl\/index.php\/wp-json\/wp\/v2\/tags?post=66095"}],"curies":[{"name":"wp","href":"https:\/\/api.w.org\/{rel}","templated":true}]}}