{"id":64787,"date":"2025-05-10T09:08:05","date_gmt":"2025-05-10T07:08:05","guid":{"rendered":"https:\/\/biblioteka.szemud.pl\/?p=64787"},"modified":"2025-05-26T13:23:06","modified_gmt":"2025-05-26T11:23:06","slug":"gminny-konkurs-recytatorski-literatury-kaszubskiej-rodno-mowa-szemud-2025","status":"publish","type":"post","link":"https:\/\/biblioteka.szemud.pl\/index.php\/2025\/05\/10\/gminny-konkurs-recytatorski-literatury-kaszubskiej-rodno-mowa-szemud-2025\/","title":{"rendered":"Gminny Konkurs Recytatorski Literatury Kaszubskiej \u201eRodn\u00f4 M\u00f2wa\u201d Szemud 2025"},"content":{"rendered":"\n<p style=\"text-align: justify;\"><strong>Organizatorem tego konkursu <\/strong>od wielu ju\u017c lat jest Biblioteka Publiczna Gminy Szemud; Urz\u0105d Gminy Szemud oraz Zrzeszenie Kaszubsko Pomorskie.<\/p>\n<p style=\"text-align: justify;\"><strong>Celem&nbsp; konkursu<\/strong> jest poznawanie i popularyzacja literatury, tradycji i folkloru kaszubskiego oraz piel\u0119gnowanie mowy kaszubskiej. Konkurs stwarza dzieciom i m\u0142odzie\u017cy okazj\u0119 do indywidualnej wypowiedzi artystycznej, a tak\u017ce pog\u0142\u0119bienie wra\u017cliwo\u015bci na urod\u0119 literatury kaszubskiej.<\/p>\n<p style=\"text-align: justify;\">Uczestnik\u00f3w ocenia\u0142y osoby bardzo dobrze znaj\u0105ce j\u0119zyk kaszubski oraz prezentowan\u0105 literatur\u0119, a mianowicie Pani Tatiana Slowi \u2013 przewodnicz\u0105ca; Pan Tadeusz Dargacz oraz Pan Kazimierz Hermann. Jurorzy oceniali wyst\u0119py pod wzgl\u0119dem: doboru repertuaru; interpretacji utwor\u00f3w; kultury s\u0142owa oraz&nbsp; og\u00f3lnego wyrazu artystycznej prezentacji.<\/p>\n<p style=\"text-align: justify;\">&nbsp;&nbsp;&nbsp;&nbsp;&nbsp;&nbsp;&nbsp;&nbsp;&nbsp;&nbsp;&nbsp; <strong>W tym roku konkurs odby\u0142 si\u0119 w Centrum Samorz\u0105dowym w Szemudzie 7 maja.<\/strong> Zreszt\u0105 od rana ju\u017c by\u0142o wida\u0107, \u017ce jest to \u015bwi\u0119to Kaszub\u00f3w, poniewa\u017c prawie wszyscy uczestnicy byli ubrani w stroje regionalne &#8211; kaszubskie. Dzieci i m\u0142odzie\u017c oraz nauczyciele, opiekunowie ubrani w stroje kaszubskie, b\u0105d\u017a w elementy ubioru z haftem kaszubskim. Otwarcia konkursu dokona\u0142 W\u00f3jt Gminy Szemud Ryszard Kalkowski, dzi\u0119kowa\u0142 naszym uczestnikom, \u017ce chc\u0105 szerzy\u0107 nasz\u0105 pi\u0119kn\u0105 mow\u0119 kaszubsk\u0105, dzi\u0119kowa\u0142 nauczycielom, rodzicom za przygotowanie uczni\u00f3w i \u017cyczy\u0142 powodzenia w 54 konkursie &#8211; recytatorskim literatury kaszubskiej \u201eRodn\u00f4 M\u00f2wa\u201d. Wysi\u0142ki uczestnik\u00f3w zosta\u0142y ocenione rzetelnie przez juror\u00f3w, a m\u0142odzie\u017c nagrodzona dyplomami i nagrodami. Walorem dodatkowym zmaga\u0144, jak ju\u017c wspomnia\u0142am, jest fakt ubioru uczestnik\u00f3w w stroje kaszubskie. Serdecznie za to dzi\u0119kujemy zar\u00f3wno rodzicom jak i nauczycielom, \u017ce dbaj\u0105 r\u00f3wnie\u017c o ten element charakteryzuj\u0105cy uczestnictwo w konkursie.<\/p>\n<p>A oto wyniki zmaga\u0144&nbsp; :<\/p>\n<p><strong>Kategoria wiekowa przedszkole i \u201e0\u201d (8 uczestnik\u00f3w)<\/strong><\/p>\n<p>I miejsce&nbsp;&nbsp;&nbsp;&nbsp;&nbsp;&nbsp;&nbsp;&nbsp;&nbsp;&nbsp;&nbsp;&nbsp;&nbsp;&nbsp;&nbsp;&nbsp;&nbsp;&nbsp;&nbsp;&nbsp; Liliana Podhorodecka &nbsp;&nbsp;&nbsp;&nbsp;&nbsp;&nbsp;&nbsp;&nbsp;&nbsp;&nbsp; ZSP Szemud<\/p>\n<p>II miejsce&nbsp;&nbsp;&nbsp;&nbsp;&nbsp;&nbsp;&nbsp;&nbsp;&nbsp;&nbsp;&nbsp;&nbsp;&nbsp;&nbsp;&nbsp;&nbsp;&nbsp;&nbsp;&nbsp; Stanis\u0142aw Bach &nbsp;&nbsp;&nbsp;&nbsp;&nbsp;&nbsp;&nbsp;&nbsp;&nbsp;&nbsp;&nbsp;&nbsp;&nbsp;&nbsp;&nbsp;&nbsp;&nbsp;&nbsp;&nbsp;&nbsp;&nbsp; Przedszkole Weso\u0142a Kraina Kielno<\/p>\n<p>III miejsce&nbsp;&nbsp;&nbsp;&nbsp;&nbsp;&nbsp;&nbsp;&nbsp;&nbsp;&nbsp;&nbsp;&nbsp;&nbsp;&nbsp;&nbsp;&nbsp;&nbsp;&nbsp; Antoni Myszk &nbsp;&nbsp;&nbsp;&nbsp;&nbsp;&nbsp;&nbsp;&nbsp;&nbsp;&nbsp;&nbsp;&nbsp;&nbsp;&nbsp;&nbsp;&nbsp;&nbsp;&nbsp;&nbsp;&nbsp;&nbsp;&nbsp;&nbsp;&nbsp; ZSP Szemud<\/p>\n<p>Wyr\u00f3\u017cnienie&nbsp;&nbsp;&nbsp;&nbsp;&nbsp;&nbsp;&nbsp;&nbsp;&nbsp;&nbsp;&nbsp;&nbsp;&nbsp;&nbsp; Maja Maciejewska&nbsp;&nbsp;&nbsp;&nbsp;&nbsp;&nbsp;&nbsp;&nbsp;&nbsp;&nbsp;&nbsp;&nbsp;&nbsp;&nbsp;&nbsp; SP \u0141ebie\u0144ska Huta<\/p>\n<p>&nbsp;&nbsp;&nbsp;&nbsp;&nbsp;&nbsp;&nbsp;&nbsp;&nbsp;&nbsp;&nbsp;&nbsp;&nbsp;&nbsp;&nbsp;&nbsp;&nbsp;&nbsp;&nbsp;&nbsp;&nbsp;&nbsp;&nbsp;&nbsp;&nbsp;&nbsp;&nbsp;&nbsp;&nbsp;&nbsp;&nbsp;&nbsp;&nbsp;&nbsp; Klementyna Wojewska&nbsp;&nbsp;&nbsp;&nbsp;&nbsp;&nbsp;&nbsp;&nbsp;&nbsp; SP \u0141ebie\u0144ska Huta<\/p>\n<p>&nbsp;&nbsp;&nbsp;&nbsp;&nbsp;&nbsp;&nbsp;&nbsp;&nbsp;&nbsp;&nbsp;&nbsp;&nbsp;&nbsp;&nbsp;&nbsp;&nbsp;&nbsp;&nbsp;&nbsp;&nbsp;&nbsp;&nbsp;&nbsp;&nbsp;&nbsp;&nbsp;&nbsp;&nbsp;&nbsp;&nbsp;&nbsp;&nbsp;&nbsp; Tymoteusz Brzeski &nbsp;&nbsp;&nbsp;&nbsp;&nbsp;&nbsp;&nbsp;&nbsp;&nbsp;&nbsp;&nbsp;&nbsp;&nbsp;&nbsp;&nbsp; SP Cz\u0119stkowo<\/p>\n<p>&nbsp;&nbsp;&nbsp;&nbsp;&nbsp;&nbsp;&nbsp;&nbsp;&nbsp;&nbsp;&nbsp;&nbsp;&nbsp;&nbsp;&nbsp;&nbsp;&nbsp;&nbsp;&nbsp;&nbsp;&nbsp;&nbsp;&nbsp;&nbsp;&nbsp;&nbsp;&nbsp;&nbsp;&nbsp;&nbsp;&nbsp;&nbsp;&nbsp;&nbsp; Karolina Kwidzi\u0144ska&nbsp;&nbsp;&nbsp;&nbsp;&nbsp;&nbsp;&nbsp;&nbsp;&nbsp;&nbsp;&nbsp;&nbsp;&nbsp;&nbsp; SP Cz\u0119stkowo<\/p>\n<p><strong>Kategoria wiekowa klas I-III (11 uczestnik\u00f3w)<\/strong><\/p>\n<p>I miejsce&nbsp;&nbsp;&nbsp;&nbsp;&nbsp;&nbsp;&nbsp;&nbsp;&nbsp;&nbsp;&nbsp;&nbsp;&nbsp;&nbsp;&nbsp;&nbsp;&nbsp;&nbsp;&nbsp;&nbsp; Milena Pranszke&nbsp;&nbsp;&nbsp;&nbsp;&nbsp;&nbsp;&nbsp;&nbsp;&nbsp;&nbsp;&nbsp;&nbsp;&nbsp;&nbsp;&nbsp;&nbsp;&nbsp;&nbsp;&nbsp; ZSP Szemud<\/p>\n<p>II miejsce&nbsp;&nbsp;&nbsp;&nbsp;&nbsp;&nbsp;&nbsp;&nbsp;&nbsp;&nbsp;&nbsp;&nbsp;&nbsp;&nbsp;&nbsp;&nbsp;&nbsp;&nbsp;&nbsp; Joanna Czarnocka &nbsp;&nbsp;&nbsp;&nbsp;&nbsp;&nbsp;&nbsp;&nbsp;&nbsp;&nbsp;&nbsp;&nbsp;&nbsp;&nbsp;&nbsp;&nbsp; SP Bojano<\/p>\n<p>III miejsce&nbsp;&nbsp;&nbsp;&nbsp;&nbsp;&nbsp;&nbsp;&nbsp;&nbsp;&nbsp;&nbsp;&nbsp;&nbsp;&nbsp;&nbsp;&nbsp;&nbsp;&nbsp; Hanna Pilch &nbsp;&nbsp;&nbsp;&nbsp;&nbsp;&nbsp;&nbsp;&nbsp;&nbsp;&nbsp;&nbsp;&nbsp;&nbsp;&nbsp;&nbsp;&nbsp;&nbsp;&nbsp;&nbsp;&nbsp;&nbsp;&nbsp;&nbsp;&nbsp;&nbsp;&nbsp; SSP Karczemki<\/p>\n<p>Wyr\u00f3\u017cnienie&nbsp;&nbsp;&nbsp;&nbsp;&nbsp;&nbsp;&nbsp;&nbsp;&nbsp;&nbsp;&nbsp;&nbsp;&nbsp;&nbsp; Jan Bach&nbsp;&nbsp;&nbsp;&nbsp;&nbsp;&nbsp;&nbsp;&nbsp;&nbsp;&nbsp;&nbsp;&nbsp;&nbsp;&nbsp;&nbsp;&nbsp;&nbsp;&nbsp;&nbsp;&nbsp;&nbsp;&nbsp;&nbsp;&nbsp;&nbsp;&nbsp;&nbsp;&nbsp;&nbsp;&nbsp;&nbsp;&nbsp; SP \u0141ebie\u0144ska Huta<\/p>\n<p>Szymon Schroeder&nbsp;&nbsp;&nbsp;&nbsp;&nbsp;&nbsp;&nbsp;&nbsp;&nbsp;&nbsp;&nbsp;&nbsp;&nbsp;&nbsp;&nbsp;&nbsp; SP Kielno<\/p>\n<p><strong>Kategoria wiekowa klas IV \u2013 VI (13 uczestnik\u00f3w)<\/strong><\/p>\n<p>I miejsce&nbsp;&nbsp;&nbsp;&nbsp;&nbsp;&nbsp;&nbsp;&nbsp;&nbsp;&nbsp;&nbsp;&nbsp;&nbsp;&nbsp;&nbsp;&nbsp;&nbsp;&nbsp;&nbsp;&nbsp; Aleksandra Dampc &nbsp;&nbsp;&nbsp;&nbsp;&nbsp;&nbsp;&nbsp;&nbsp;&nbsp;&nbsp;&nbsp;&nbsp;&nbsp;&nbsp;&nbsp; SP Bojano<\/p>\n<p>II miejsce&nbsp;&nbsp;&nbsp;&nbsp;&nbsp;&nbsp;&nbsp;&nbsp;&nbsp;&nbsp;&nbsp;&nbsp;&nbsp;&nbsp;&nbsp;&nbsp;&nbsp;&nbsp;&nbsp; Lena Osojca &nbsp;&nbsp;&nbsp;&nbsp;&nbsp;&nbsp;&nbsp;&nbsp;&nbsp;&nbsp;&nbsp;&nbsp;&nbsp;&nbsp;&nbsp;&nbsp;&nbsp;&nbsp;&nbsp;&nbsp;&nbsp;&nbsp;&nbsp;&nbsp;&nbsp; SP Bojano<\/p>\n<p>III miejsce&nbsp;&nbsp;&nbsp;&nbsp;&nbsp;&nbsp;&nbsp;&nbsp;&nbsp;&nbsp;&nbsp;&nbsp;&nbsp;&nbsp;&nbsp;&nbsp;&nbsp;&nbsp; Rozalia Wojewska &nbsp;&nbsp;&nbsp;&nbsp;&nbsp;&nbsp;&nbsp;&nbsp;&nbsp;&nbsp;&nbsp;&nbsp;&nbsp;&nbsp;&nbsp;&nbsp; SP \u0141ebie\u0144ska Huta<\/p>\n<p>Wyr\u00f3\u017cnienie&nbsp;&nbsp;&nbsp;&nbsp;&nbsp;&nbsp;&nbsp;&nbsp;&nbsp;&nbsp;&nbsp;&nbsp;&nbsp;&nbsp; Eliza Waldowska&nbsp;&nbsp;&nbsp;&nbsp;&nbsp;&nbsp;&nbsp;&nbsp;&nbsp;&nbsp;&nbsp;&nbsp;&nbsp;&nbsp;&nbsp;&nbsp;&nbsp;&nbsp;&nbsp; SP \u0141ebno<\/p>\n<p>&nbsp;&nbsp;&nbsp;&nbsp;&nbsp;&nbsp;&nbsp;&nbsp;&nbsp;&nbsp;&nbsp;&nbsp;&nbsp;&nbsp;&nbsp;&nbsp;&nbsp;&nbsp;&nbsp;&nbsp;&nbsp;&nbsp;&nbsp;&nbsp;&nbsp;&nbsp;&nbsp;&nbsp;&nbsp;&nbsp;&nbsp;&nbsp;&nbsp;&nbsp; Szymon Sirocki&nbsp;&nbsp;&nbsp;&nbsp;&nbsp;&nbsp;&nbsp;&nbsp;&nbsp;&nbsp;&nbsp;&nbsp;&nbsp;&nbsp;&nbsp;&nbsp;&nbsp;&nbsp;&nbsp;&nbsp;&nbsp;&nbsp; SP Jele\u0144ska Huta<\/p>\n<p>&nbsp;<\/p>\n<p><strong>Kategoria wiekowa klas VII \u2013 VIII (6 uczestnik\u00f3w)<\/strong><\/p>\n<p>I miejsce&nbsp;&nbsp;&nbsp;&nbsp;&nbsp;&nbsp;&nbsp;&nbsp;&nbsp;&nbsp;&nbsp;&nbsp;&nbsp;&nbsp;&nbsp;&nbsp;&nbsp;&nbsp;&nbsp;&nbsp; Kamil Richter &nbsp;&nbsp;&nbsp;&nbsp;&nbsp;&nbsp;&nbsp;&nbsp;&nbsp;&nbsp;&nbsp;&nbsp;&nbsp;&nbsp;&nbsp;&nbsp;&nbsp;&nbsp;&nbsp;&nbsp;&nbsp;&nbsp;&nbsp; SP Jele\u0144ska Huta<\/p>\n<p>II miejsce&nbsp;&nbsp;&nbsp;&nbsp;&nbsp;&nbsp;&nbsp;&nbsp;&nbsp;&nbsp;&nbsp;&nbsp;&nbsp;&nbsp;&nbsp;&nbsp;&nbsp;&nbsp;&nbsp; Oliwia Bojke &nbsp;&nbsp;&nbsp;&nbsp;&nbsp;&nbsp;&nbsp;&nbsp;&nbsp;&nbsp;&nbsp;&nbsp;&nbsp;&nbsp;&nbsp;&nbsp;&nbsp;&nbsp;&nbsp;&nbsp;&nbsp;&nbsp;&nbsp;&nbsp;&nbsp; SP Kielno<\/p>\n<p>III miejsce&nbsp;&nbsp;&nbsp;&nbsp;&nbsp;&nbsp;&nbsp;&nbsp;&nbsp;&nbsp;&nbsp;&nbsp;&nbsp;&nbsp;&nbsp;&nbsp;&nbsp;&nbsp; Tatiana Domarus &nbsp;&nbsp;&nbsp;&nbsp;&nbsp;&nbsp;&nbsp;&nbsp;&nbsp;&nbsp;&nbsp;&nbsp;&nbsp;&nbsp;&nbsp;&nbsp;&nbsp; SP \u0141ebie\u0144ska Huta<\/p>\n<p>&nbsp;<\/p>\n<p style=\"text-align: justify;\">Konkurs podsumowa\u0142a przewodnicz\u0105ca komisji p. Tatiana, kt\u00f3ra na co dzie\u0144 pracuje ze s\u0142owem \u017cywym jako dziennikarka radiowa, udzieli\u0142a uczestnikom kilku cennych rad. Wszystkim laureatom gratulujemy, a &nbsp;zwyci\u0119zcom I i II miejsca \u017cyczymy powodzenia na eliminacjach powiatowych. &nbsp;Dzi\u0119kujemy wszystkim uczestnikom, nauczycielom i komisji za pi\u0119kny dzie\u0144, kt\u00f3ry obfitowa\u0142 w pi\u0119kn\u0105 mow\u0119 kaszubsk\u0105.<\/p>\n<p style=\"text-align: justify;\">23 maja odby\u0142y si\u0119 eliminacje powiatowe, nasi laureaci bardzo dobrze wypadli i&nbsp;reprezentowali Gmin\u0119 Szemud, i tak: <strong>Kat. I \u2013 III<\/strong> Joanna Czarnocka zaj\u0119\u0142a I miejsce, a Milena Pranszke III miejsce; <strong>Kat. IV-VI<\/strong> Aleksandra Dampc zaj\u0119\u0142a II miejsce; <strong>Kat VII-VIII<\/strong>&nbsp; Oliwia Bojke zaj\u0119\u0142a I miejsce, za\u015b Kamil Richter zaj\u0105\u0142 II miejsce. Do fina\u0142u wojew\u00f3dzkiego, kt\u00f3ry 7-8 czerwca odb\u0119dzie si\u0119 w Chmielnie jad\u0105 tylko I miejsca, czyli z naszej gminy jad\u0105 a\u017c 2 osoby, bardzo nas ten fakt cieszy i \u017cyczymy kolejnych wygranych naszym laureatom.<\/p>\n<p style=\"text-align: justify;\"><em>&nbsp; &nbsp; &nbsp; &nbsp; &nbsp; &nbsp; &nbsp; &nbsp; &nbsp; &nbsp; &nbsp; &nbsp; &nbsp; &nbsp; &nbsp; &nbsp; &nbsp; &nbsp; &nbsp; &nbsp; &nbsp; &nbsp; &nbsp; &nbsp; &nbsp; &nbsp; &nbsp; &nbsp; &nbsp; &nbsp; &nbsp; &nbsp; &nbsp; &nbsp; &nbsp; &nbsp; &nbsp; &nbsp; &nbsp; &nbsp; &nbsp; &nbsp; &nbsp; &nbsp; &nbsp; &nbsp; &nbsp; &nbsp; &nbsp; &nbsp; &nbsp; &nbsp; &nbsp; &nbsp; &nbsp; &nbsp; &nbsp; &nbsp; &nbsp; &nbsp; &nbsp; &nbsp; &nbsp; &nbsp; &nbsp;I.Piastowska<\/em><\/p>\n<p>&nbsp;<\/p>\n<p>&nbsp;&nbsp;&nbsp;&nbsp;&nbsp;&nbsp;&nbsp;&nbsp;&nbsp;&nbsp;&nbsp;&nbsp;&nbsp;&nbsp;&nbsp;&nbsp;&nbsp;&nbsp;&nbsp;&nbsp;&nbsp;&nbsp;&nbsp;&nbsp;&nbsp;&nbsp;&nbsp;&nbsp;&nbsp;&nbsp;&nbsp;&nbsp;&nbsp;&nbsp;&nbsp;&nbsp;&nbsp;&nbsp;&nbsp;&nbsp;&nbsp;&nbsp;&nbsp;&nbsp;&nbsp;&nbsp;&nbsp;&nbsp;&nbsp;&nbsp;&nbsp;&nbsp;&nbsp;&nbsp;&nbsp;&nbsp;&nbsp;&nbsp;&nbsp;&nbsp;&nbsp;&nbsp;&nbsp;&nbsp;&nbsp;&nbsp;&nbsp;&nbsp;&nbsp;&nbsp;&nbsp;&nbsp;&nbsp;&nbsp;&nbsp;&nbsp;&nbsp;&nbsp;&nbsp;&nbsp;&nbsp;&nbsp;&nbsp;&nbsp;&nbsp;&nbsp;&nbsp;&nbsp;&nbsp;&nbsp;&nbsp;&nbsp;&nbsp;&nbsp;&nbsp;&nbsp;&nbsp;&nbsp;&nbsp;&nbsp;&nbsp;&nbsp;&nbsp;&nbsp;&nbsp;&nbsp;&nbsp;&nbsp;&nbsp;&nbsp;&nbsp;&nbsp;&nbsp;&nbsp;&nbsp;&nbsp;&nbsp; <em>&nbsp;<\/em><\/p>\n<p>&nbsp;&nbsp;<\/p>\n<p>&nbsp;<\/p>\n<p>&nbsp;<\/p>\n\n\n\n[ngg src=&#8221;galleries&#8221; ids=&#8221;2077&#8243; display=&#8221;basic_thumbnail&#8221;]\n","protected":false},"excerpt":{"rendered":"<div class=\"mh-excerpt\"><p>Organizatorem tego konkursu od wielu ju\u017c lat jest Biblioteka Publiczna Gminy Szemud; Urz\u0105d Gminy Szemud oraz Zrzeszenie Kaszubsko Pomorskie. Celem&nbsp; konkursu jest poznawanie i popularyzacja <a class=\"mh-excerpt-more\" href=\"https:\/\/biblioteka.szemud.pl\/index.php\/2025\/05\/10\/gminny-konkurs-recytatorski-literatury-kaszubskiej-rodno-mowa-szemud-2025\/\" title=\"Gminny Konkurs Recytatorski Literatury Kaszubskiej \u201eRodn\u00f4 M\u00f2wa\u201d Szemud 2025\">[&#8230;]<\/a><\/p>\n<\/div>","protected":false},"author":8,"featured_media":64788,"comment_status":"closed","ping_status":"closed","sticky":false,"template":"","format":"standard","meta":{"_price":"","_stock":"","_tribe_ticket_header":"","_tribe_default_ticket_provider":"","_tribe_ticket_capacity":"0","_ticket_start_date":"","_ticket_end_date":"","_tribe_ticket_show_description":"","_tribe_ticket_show_not_going":false,"_tribe_ticket_use_global_stock":"","_tribe_ticket_global_stock_level":"","_global_stock_mode":"","_global_stock_cap":"","_tribe_rsvp_for_event":"","_tribe_ticket_going_count":"","_tribe_ticket_not_going_count":"","_tribe_tickets_list":"[]","_tribe_ticket_has_attendee_info_fields":false,"footnotes":""},"categories":[31],"tags":[],"class_list":["post-64787","post","type-post","status-publish","format-standard","has-post-thumbnail","hentry","category-konkurs"],"_links":{"self":[{"href":"https:\/\/biblioteka.szemud.pl\/index.php\/wp-json\/wp\/v2\/posts\/64787","targetHints":{"allow":["GET"]}}],"collection":[{"href":"https:\/\/biblioteka.szemud.pl\/index.php\/wp-json\/wp\/v2\/posts"}],"about":[{"href":"https:\/\/biblioteka.szemud.pl\/index.php\/wp-json\/wp\/v2\/types\/post"}],"author":[{"embeddable":true,"href":"https:\/\/biblioteka.szemud.pl\/index.php\/wp-json\/wp\/v2\/users\/8"}],"replies":[{"embeddable":true,"href":"https:\/\/biblioteka.szemud.pl\/index.php\/wp-json\/wp\/v2\/comments?post=64787"}],"version-history":[{"count":2,"href":"https:\/\/biblioteka.szemud.pl\/index.php\/wp-json\/wp\/v2\/posts\/64787\/revisions"}],"predecessor-version":[{"id":66345,"href":"https:\/\/biblioteka.szemud.pl\/index.php\/wp-json\/wp\/v2\/posts\/64787\/revisions\/66345"}],"wp:featuredmedia":[{"embeddable":true,"href":"https:\/\/biblioteka.szemud.pl\/index.php\/wp-json\/wp\/v2\/media\/64788"}],"wp:attachment":[{"href":"https:\/\/biblioteka.szemud.pl\/index.php\/wp-json\/wp\/v2\/media?parent=64787"}],"wp:term":[{"taxonomy":"category","embeddable":true,"href":"https:\/\/biblioteka.szemud.pl\/index.php\/wp-json\/wp\/v2\/categories?post=64787"},{"taxonomy":"post_tag","embeddable":true,"href":"https:\/\/biblioteka.szemud.pl\/index.php\/wp-json\/wp\/v2\/tags?post=64787"}],"curies":[{"name":"wp","href":"https:\/\/api.w.org\/{rel}","templated":true}]}}