{"id":63621,"date":"2025-04-08T11:23:07","date_gmt":"2025-04-08T09:23:07","guid":{"rendered":"https:\/\/biblioteka.szemud.pl\/?p=63621"},"modified":"2025-04-08T11:25:38","modified_gmt":"2025-04-08T09:25:38","slug":"gminny-konkurs-poezji-polskiej","status":"publish","type":"post","link":"https:\/\/biblioteka.szemud.pl\/index.php\/2025\/04\/08\/gminny-konkurs-poezji-polskiej\/","title":{"rendered":"Gminny Konkurs Poezji Polskiej\u00a0"},"content":{"rendered":"\n<p style=\"text-align: justify;\">28 marca 2025 r. w Centrum Samorz\u0105dowym w Szemudzie odby\u0142 si\u0119 GMINNY KONKURS POEZJI POLSKIEJ, organizowany od wielu lat przez Bibliotek\u0119 Publiczn\u0105 Gminy Szemud. Konkurs ten przeznaczony jest dla uczni\u00f3w szk\u00f3\u0142 podstawowych z terenu ca\u0142ej Gminy Szemud, jednak w&nbsp;tym roku zaprosili\u015bmy r\u00f3wnie\u017c po raz pierwszy dzieci przedszkolne i kl. 0. Dzieci i&nbsp;m\u0142odzie\u017c uczestnicz\u0105cy w konkursie przybyli wraz ze swoimi opiekunami, kt\u00f3rzy bardzo ich wspierali przed indywidualnymi wyst\u0119pami.<\/p>\n<p style=\"text-align: justify;\">Jak co roku zar\u00f3wno uczestnicy, jak i ich opiekunowie wcze\u015bniej zapoznali si\u0119 z&nbsp;obowi\u0105zuj\u0105cym regulaminem. Do konkursu mogli przyst\u0105pi\u0107 uczniowie, recytuj\u0105c poezj\u0119 odpowiednio dobran\u0105 do wieku lub uczestniczy\u0107 w kategorii poezji \u015bpiewanej. W regulaminie r\u00f3wnie\u017c okre\u015blono ilo\u015b\u0107 utwor\u00f3w i czas prezentowanych utwor\u00f3w.<\/p>\n<p>&nbsp;Komisja, kt\u00f3ra podj\u0119\u0142a si\u0119 ocenia\u0107 uczestnik\u00f3w to: &nbsp;&nbsp;&nbsp;&nbsp;&nbsp;&nbsp;&nbsp;&nbsp;&nbsp;&nbsp;&nbsp;&nbsp;&nbsp;&nbsp;&nbsp;&nbsp;&nbsp;&nbsp;&nbsp;&nbsp;&nbsp;&nbsp;&nbsp;&nbsp;&nbsp;<\/p>\n<p>* Pani Aleksandra Perz (przewodnicz\u0105ca) oraz<\/p>\n<p>* Pani Iwona Zaj\u0105c<\/p>\n<p>* Pani Barbara Gusman<\/p>\n<p>* Pan Damian Podbielski<\/p>\n<p>Podczas oceny uczestnik\u00f3w cz\u0142onkowie komisji kierowali si\u0119 takimi kryteriami jak:<\/p>\n<p style=\"text-align: justify;\">&nbsp;&#8211; dob\u00f3r repertuaru, kultura s\u0142owa, interpretacja utworu, a tak\u017ce zwracano uwag\u0119 na og\u00f3lny wyraz artystyczny przedstawianych przez uczni\u00f3w utwor\u00f3w.<\/p>\n<p style=\"text-align: justify;\">Wszystkie szko\u0142y z naszej Gminy wytypowa\u0142y swoich najlepszych reprezentant\u00f3w, kt\u00f3rych by\u0142o a\u017c 64, co bardzo cieszy nas jako organizator\u00f3w, \u017ce poezja polska ma tylu zwolennik\u00f3w.<\/p>\n<p style=\"text-align: justify;\">Dzieci bardzo si\u0119 stara\u0142y jak najlepiej zaprezentowa\u0107 tw\u00f3rczo\u015b\u0107 wybranego pisarza, lecz jurorzy mogli wybra\u0107 tylko tych najlepszych.<\/p>\n<p>&nbsp;<\/p>\n<p><strong>Oto wyniki w poszczeg\u00f3lnych kategoriach&nbsp; :<\/strong><\/p>\n<p><strong>Grupa przedszkolna i kl. \u201e0\u201d (7 uczestnik\u00f3w)<\/strong><\/p>\n<p style=\"text-align: justify;\">I miejsce&nbsp;&nbsp;&nbsp;&nbsp;&nbsp;&nbsp;&nbsp;&nbsp; Zofia Kotowska&nbsp; &nbsp; &nbsp; &nbsp; &nbsp; &nbsp; &nbsp; &nbsp; &nbsp; &nbsp; &nbsp; SP Bojano<\/p>\n<p>II miejsce&nbsp;&nbsp;&nbsp;&nbsp;&nbsp;&nbsp;&nbsp; Klaudia Sarniak&nbsp; &nbsp; &nbsp; &nbsp; &nbsp; &nbsp; &nbsp; &nbsp; &nbsp; &nbsp; &nbsp;SP Bojano<\/p>\n<p>III miejsce&nbsp;&nbsp;&nbsp;&nbsp;&nbsp; Nikola Trepczyk&nbsp; &nbsp; &nbsp; &nbsp; &nbsp; &nbsp; &nbsp; &nbsp; &nbsp; &nbsp; &nbsp; SP \u0141ebno<\/p>\n<p>Wyr\u00f3\u017cnienie&nbsp;&nbsp; Amelia Philipp&nbsp; &nbsp; &nbsp; &nbsp; &nbsp; &nbsp; &nbsp; &nbsp; &nbsp; &nbsp; &nbsp; &nbsp;SP \u0141ebno<\/p>\n<p><strong>Klasy I \u2013 III (20 uczestnik\u00f3w)<\/strong><\/p>\n<p>I miejsce&nbsp;&nbsp;&nbsp;&nbsp;&nbsp;&nbsp;&nbsp;&nbsp; Marcelina Siejka&nbsp;&nbsp;&nbsp;&nbsp;&nbsp;&nbsp;&nbsp;&nbsp; &nbsp;&nbsp;&nbsp;&nbsp;&nbsp;&nbsp;&nbsp;&nbsp;&nbsp;&nbsp;&nbsp; SP Bojano<\/p>\n<p>II miejsce&nbsp;&nbsp;&nbsp;&nbsp;&nbsp;&nbsp;&nbsp; Klaudia Matyjasik&nbsp; &nbsp; &nbsp; &nbsp; &nbsp; &nbsp; &nbsp; &nbsp; &nbsp; &nbsp;SP \u0141ebno<\/p>\n<p>III miejsce&nbsp;&nbsp;&nbsp;&nbsp;&nbsp; Laura Malinowska&nbsp; &nbsp; &nbsp; &nbsp; &nbsp; &nbsp; &nbsp; &nbsp; &nbsp; &nbsp;SP Kielno<\/p>\n<p>Wyr\u00f3\u017cnienie&nbsp;&nbsp; Zuzanna Fularczyk&nbsp;&nbsp;&nbsp;&nbsp; &nbsp;&nbsp;&nbsp;&nbsp;&nbsp;&nbsp;&nbsp;&nbsp;&nbsp;&nbsp;&nbsp; SP Bojano<\/p>\n<p>Wyr\u00f3\u017cnienie&nbsp;&nbsp; Przemys\u0142aw Konkol&nbsp; &nbsp; &nbsp; &nbsp; &nbsp; &nbsp; &nbsp; &nbsp;ZSP Szemud<\/p>\n<p>Wyr\u00f3\u017cnienie&nbsp;&nbsp; Paulina Derkowska&nbsp;&nbsp;&nbsp; &nbsp;&nbsp;&nbsp;&nbsp;&nbsp;&nbsp;&nbsp;&nbsp;&nbsp;&nbsp;&nbsp; SP \u0141ebno<\/p>\n<p><strong>Klasy IV \u2013 VI (22 uczestnik\u00f3w)<\/strong><\/p>\n<p>I miejsce&nbsp;&nbsp;&nbsp;&nbsp;&nbsp;&nbsp;&nbsp;&nbsp; Paulina Heland&nbsp; &nbsp; &nbsp; &nbsp; &nbsp; &nbsp; &nbsp; &nbsp; &nbsp; &nbsp; &nbsp; SP Kielno<\/p>\n<p>II miejsce&nbsp;&nbsp;&nbsp;&nbsp;&nbsp;&nbsp;&nbsp; Ignacy Kreft&nbsp;&nbsp;&nbsp;&nbsp;&nbsp;&nbsp;&nbsp;&nbsp;&nbsp;&nbsp;&nbsp;&nbsp;&nbsp;&nbsp; &nbsp;&nbsp;&nbsp;&nbsp;&nbsp;&nbsp;&nbsp;&nbsp;&nbsp;&nbsp;&nbsp; SP \u0141ebie\u0144ska Huta<\/p>\n<p>III miejsce&nbsp;&nbsp;&nbsp;&nbsp;&nbsp; Wiktoria Rzeszut&nbsp;&nbsp;&nbsp;&nbsp;&nbsp;&nbsp;&nbsp; &nbsp;&nbsp;&nbsp;&nbsp;&nbsp;&nbsp;&nbsp;&nbsp;&nbsp;&nbsp;&nbsp; SP Bojano<\/p>\n<p>Wyr\u00f3\u017cnienie&nbsp;&nbsp; Filip Stankowski&nbsp;&nbsp;&nbsp;&nbsp;&nbsp;&nbsp;&nbsp;&nbsp;&nbsp;&nbsp;&nbsp;&nbsp;&nbsp;&nbsp;&nbsp;&nbsp;&nbsp;&nbsp;&nbsp; SP \u0141ebie\u0144ska Huta<\/p>\n<p>Wyr\u00f3\u017cnienie&nbsp;&nbsp; Amelia Meyer&nbsp;&nbsp;&nbsp;&nbsp;&nbsp;&nbsp;&nbsp;&nbsp;&nbsp;&nbsp;&nbsp;&nbsp;&nbsp;&nbsp;&nbsp;&nbsp;&nbsp;&nbsp;&nbsp;&nbsp;&nbsp;&nbsp;&nbsp; SP Kielno<\/p>\n<p>Wyr\u00f3\u017cnienie&nbsp;&nbsp; Grzegorz Klanczkowski&nbsp; &nbsp; &nbsp; &nbsp; &nbsp; ZSP Szemud<\/p>\n<p><strong>Klasy VII \u2013 VIII (11 uczestnik\u00f3w)<\/strong><\/p>\n<p>I miejsce&nbsp;&nbsp;&nbsp;&nbsp;&nbsp;&nbsp;&nbsp;&nbsp; Wiktor Gruba&nbsp;&nbsp;&nbsp;&nbsp;&nbsp;&nbsp;&nbsp;&nbsp;&nbsp;&nbsp;&nbsp;&nbsp;&nbsp;&nbsp;&nbsp;&nbsp;&nbsp;&nbsp;&nbsp;&nbsp;&nbsp;&nbsp;&nbsp;&nbsp; SP Kielno<\/p>\n<p>II miejsce&nbsp;&nbsp;&nbsp;&nbsp;&nbsp;&nbsp;&nbsp; Aleksandra \u017bywicka&nbsp;&nbsp;&nbsp;&nbsp;&nbsp;&nbsp;&nbsp;&nbsp;&nbsp;&nbsp;&nbsp;&nbsp;&nbsp; SP Cz\u0119stkowo<\/p>\n<p>III miejsce&nbsp;&nbsp;&nbsp;&nbsp;&nbsp; Aleksandra Damps&nbsp;&nbsp;&nbsp;&nbsp;&nbsp;&nbsp;&nbsp;&nbsp;&nbsp;&nbsp;&nbsp;&nbsp;&nbsp;&nbsp;&nbsp;&nbsp; SP Cz\u0119stkowo<\/p>\n<p>Wyr\u00f3\u017cnienie&nbsp;&nbsp; Alicja Labudda&nbsp;&nbsp;&nbsp;&nbsp;&nbsp;&nbsp;&nbsp;&nbsp;&nbsp;&nbsp;&nbsp;&nbsp;&nbsp;&nbsp;&nbsp;&nbsp;&nbsp;&nbsp;&nbsp;&nbsp;&nbsp; SP Kielno<\/p>\n<p><strong>Poezja \u015apiewana (4 uczestniczki)<\/strong><\/p>\n<p>I miejsce&nbsp;&nbsp;&nbsp;&nbsp;&nbsp;&nbsp;&nbsp;&nbsp; Agata Andryskowska&nbsp;&nbsp;&nbsp;&nbsp;&nbsp;&nbsp;&nbsp;&nbsp;&nbsp;&nbsp;&nbsp; SP Jele\u0144ska Huta<\/p>\n<p>II miejsce&nbsp;&nbsp;&nbsp;&nbsp;&nbsp;&nbsp;&nbsp; Zuzanna W\u00f3jtowicz&nbsp;&nbsp;&nbsp;&nbsp;&nbsp;&nbsp;&nbsp;&nbsp;&nbsp;&nbsp;&nbsp;&nbsp;&nbsp;&nbsp; SP Bojano<\/p>\n<p>III miejsce&nbsp;&nbsp;&nbsp;&nbsp;&nbsp; Agata Zaborowska&nbsp;&nbsp;&nbsp;&nbsp;&nbsp;&nbsp;&nbsp;&nbsp;&nbsp;&nbsp;&nbsp;&nbsp;&nbsp;&nbsp;&nbsp;&nbsp; SP Cz\u0119stkowo<\/p>\n<p><strong>Gratulujemy uczestnikom!<\/strong><\/p>\n<p style=\"text-align: justify;\">Trzeba zaznaczy\u0107, \u017ce&nbsp; przygotowanie uczestnik\u00f3w by\u0142o bardzo dobre oraz doceni\u0107 ich nale\u017cyt\u0105 swobod\u0119 wyst\u0119powania, poprawn\u0105, wyra\u017an\u0105 wymow\u0119 i dykcj\u0119.<\/p>\n<p style=\"text-align: justify;\">Pani Aleksandra &#8211; przewodnicz\u0105ca komisji, podsumowa\u0142a konkurs &#8211; skierowa\u0142a do wszystkich uczestnik\u00f3w konkursu ciep\u0142e, a jednocze\u015bnie mobilizuj\u0105ce do dalszej pracy s\u0142owa. Komisja wsp\u00f3lnie z Panem W\u00f3jtem Ryszardem Kalkowskim og\u0142osili wyniki i&nbsp;wr\u0119czyli dyplomy oraz nagrody dla zwyci\u0119zc\u00f3w, jak i dla ka\u017cdego uczestnika. Pan W\u00f3jt gratulowa\u0142 zwyci\u0119zcom oraz dzi\u0119kowa\u0142 opiekunom za wk\u0142ad pracy w ukierunkowanie dzieci i&nbsp;m\u0142odzie\u017cy w stron\u0119 literatury.<\/p>\n<p style=\"text-align: justify;\">&nbsp;&nbsp;&nbsp;&nbsp;&nbsp;&nbsp;&nbsp;&nbsp;&nbsp;&nbsp;&nbsp; Serdeczne podzi\u0119kowania kierujemy do Pani Iwony Zaj\u0105c za ufundowanie nagr\u00f3d dla dzieci, czyli dla kategorii przedszkole i kl. 0 oraz klas I \u2013 III. Bardzo dzi\u0119kujemy.<\/p>\n<p><em>&nbsp;<\/em><\/p>\n<p><em>&nbsp;&nbsp; &nbsp;&nbsp;&nbsp;&nbsp;&nbsp;&nbsp;&nbsp;&nbsp;&nbsp;&nbsp;&nbsp;&nbsp;&nbsp;&nbsp;&nbsp;&nbsp;&nbsp;&nbsp;&nbsp;&nbsp;&nbsp;&nbsp;&nbsp;&nbsp;&nbsp;&nbsp;&nbsp;&nbsp;&nbsp;&nbsp;&nbsp; &nbsp;&nbsp;&nbsp;&nbsp;&nbsp;&nbsp;&nbsp;&nbsp;&nbsp;&nbsp;&nbsp;&nbsp;&nbsp;&nbsp;&nbsp;&nbsp;&nbsp;&nbsp;&nbsp;&nbsp;&nbsp;&nbsp;&nbsp;&nbsp;&nbsp;&nbsp;&nbsp;&nbsp;&nbsp;&nbsp;&nbsp;&nbsp;&nbsp;&nbsp;&nbsp;&nbsp;&nbsp;&nbsp;&nbsp;&nbsp;&nbsp;&nbsp;&nbsp;&nbsp;&nbsp;&nbsp;&nbsp;&nbsp;&nbsp;&nbsp;&nbsp;&nbsp;&nbsp;&nbsp;&nbsp;&nbsp;&nbsp;&nbsp;&nbsp;&nbsp;&nbsp;&nbsp;&nbsp;&nbsp;&nbsp;&nbsp;&nbsp;&nbsp;&nbsp;&nbsp;&nbsp;&nbsp;&nbsp;&nbsp;&nbsp;&nbsp;&nbsp;&nbsp;&nbsp;&nbsp;&nbsp; &nbsp;&nbsp;&nbsp;&nbsp;&nbsp;&nbsp;&nbsp;&nbsp;&nbsp;&nbsp;&nbsp; I.Piastowska&nbsp;&nbsp;&nbsp; <\/em>&nbsp;&nbsp;&nbsp;&nbsp;&nbsp;&nbsp;&nbsp;&nbsp;&nbsp;&nbsp;&nbsp;&nbsp;&nbsp;&nbsp;&nbsp;&nbsp;&nbsp;&nbsp;&nbsp;&nbsp;&nbsp;&nbsp;&nbsp; &nbsp;&nbsp;&nbsp;&nbsp;&nbsp;&nbsp;&nbsp;&nbsp;&nbsp;&nbsp;&nbsp;&nbsp;&nbsp;&nbsp;&nbsp;&nbsp;&nbsp;&nbsp;&nbsp;&nbsp;&nbsp;&nbsp;&nbsp;&nbsp;&nbsp;&nbsp;&nbsp;&nbsp;&nbsp;&nbsp;&nbsp;&nbsp;&nbsp;&nbsp;&nbsp;&nbsp;&nbsp;&nbsp;&nbsp;&nbsp;&nbsp;&nbsp;&nbsp;&nbsp;&nbsp;&nbsp;<\/p>\n\n\n\n[ngg src=&#8221;galleries&#8221; ids=&#8221;2027&#8243; display=&#8221;basic_thumbnail&#8221;]\n","protected":false},"excerpt":{"rendered":"<div class=\"mh-excerpt\"><p>28 marca 2025 r. w Centrum Samorz\u0105dowym w Szemudzie odby\u0142 si\u0119 GMINNY KONKURS POEZJI POLSKIEJ, organizowany od wielu lat przez Bibliotek\u0119 Publiczn\u0105 Gminy Szemud. Konkurs <a class=\"mh-excerpt-more\" href=\"https:\/\/biblioteka.szemud.pl\/index.php\/2025\/04\/08\/gminny-konkurs-poezji-polskiej\/\" title=\"Gminny Konkurs Poezji Polskiej\u00a0\">[&#8230;]<\/a><\/p>\n<\/div>","protected":false},"author":8,"featured_media":63632,"comment_status":"closed","ping_status":"closed","sticky":false,"template":"","format":"standard","meta":{"_price":"","_stock":"","_tribe_ticket_header":"","_tribe_default_ticket_provider":"","_tribe_ticket_capacity":"0","_ticket_start_date":"","_ticket_end_date":"","_tribe_ticket_show_description":"","_tribe_ticket_show_not_going":false,"_tribe_ticket_use_global_stock":"","_tribe_ticket_global_stock_level":"","_global_stock_mode":"","_global_stock_cap":"","_tribe_rsvp_for_event":"","_tribe_ticket_going_count":"","_tribe_ticket_not_going_count":"","_tribe_tickets_list":"[]","_tribe_ticket_has_attendee_info_fields":false,"footnotes":""},"categories":[31],"tags":[],"class_list":["post-63621","post","type-post","status-publish","format-standard","has-post-thumbnail","hentry","category-konkurs"],"_links":{"self":[{"href":"https:\/\/biblioteka.szemud.pl\/index.php\/wp-json\/wp\/v2\/posts\/63621","targetHints":{"allow":["GET"]}}],"collection":[{"href":"https:\/\/biblioteka.szemud.pl\/index.php\/wp-json\/wp\/v2\/posts"}],"about":[{"href":"https:\/\/biblioteka.szemud.pl\/index.php\/wp-json\/wp\/v2\/types\/post"}],"author":[{"embeddable":true,"href":"https:\/\/biblioteka.szemud.pl\/index.php\/wp-json\/wp\/v2\/users\/8"}],"replies":[{"embeddable":true,"href":"https:\/\/biblioteka.szemud.pl\/index.php\/wp-json\/wp\/v2\/comments?post=63621"}],"version-history":[{"count":4,"href":"https:\/\/biblioteka.szemud.pl\/index.php\/wp-json\/wp\/v2\/posts\/63621\/revisions"}],"predecessor-version":[{"id":63636,"href":"https:\/\/biblioteka.szemud.pl\/index.php\/wp-json\/wp\/v2\/posts\/63621\/revisions\/63636"}],"wp:featuredmedia":[{"embeddable":true,"href":"https:\/\/biblioteka.szemud.pl\/index.php\/wp-json\/wp\/v2\/media\/63632"}],"wp:attachment":[{"href":"https:\/\/biblioteka.szemud.pl\/index.php\/wp-json\/wp\/v2\/media?parent=63621"}],"wp:term":[{"taxonomy":"category","embeddable":true,"href":"https:\/\/biblioteka.szemud.pl\/index.php\/wp-json\/wp\/v2\/categories?post=63621"},{"taxonomy":"post_tag","embeddable":true,"href":"https:\/\/biblioteka.szemud.pl\/index.php\/wp-json\/wp\/v2\/tags?post=63621"}],"curies":[{"name":"wp","href":"https:\/\/api.w.org\/{rel}","templated":true}]}}