{"id":62112,"date":"2025-03-12T09:34:09","date_gmt":"2025-03-12T08:34:09","guid":{"rendered":"https:\/\/biblioteka.szemud.pl\/?p=62112"},"modified":"2025-03-12T09:42:37","modified_gmt":"2025-03-12T08:42:37","slug":"24-rocznica-smierci-jana-piepki","status":"publish","type":"post","link":"https:\/\/biblioteka.szemud.pl\/index.php\/2025\/03\/12\/24-rocznica-smierci-jana-piepki\/","title":{"rendered":"24 ROCZNICA \u015aMIERCI JANA PIEPKI"},"content":{"rendered":"\n<p><strong>\u201eJe\u015bli warto komu\u015b i czemu\u015b po\u015bwi\u0119ci\u0107 jedno, jedyne \u017cycie &#8211; to tylko cz\u0142owiekowi, kt\u00f3ry pokocha\u0142 g\u0142o\u015bno na jawie, ze \u015bpiewem, nie skrycie!<\/strong><\/p>\n<p><strong>\u00a0\u00a0\u00a0\u00a0\u00a0\u00a0\u00a0\u00a0\u00a0\u00a0\u00a0\u00a0\u00a0\u00a0\u00a0\u00a0\u00a0\u00a0\u00a0\u00a0\u00a0\u00a0\u00a0\u00a0\u00a0\u00a0\u00a0\u00a0\u00a0\u00a0\u00a0\u00a0\u00a0\u00a0\u00a0\u00a0\u00a0\u00a0\u00a0\u00a0\u00a0\u00a0\u00a0\u00a0\u00a0\u00a0\u00a0\u00a0\u00a0\u00a0\u00a0\u00a0\u00a0\u00a0\u00a0\u00a0\u00a0\u00a0\u00a0\u00a0\u00a0\u00a0\u00a0\u00a0\u00a0\u00a0\u00a0\u00a0\u00a0\u00a0 \u201e16.05.1985\u201d &#8211; <\/strong><strong>Cali m\u00f3j sk<\/strong><strong>\u00f4rb, J. Piepka<\/strong><\/p>\n<p style=\"text-align: justify;\">Dnia 8 marca 2025 roku w Bibliotece Publicznej w \u0141ebnie odby\u0142o si\u0119 wzruszaj\u0105ce spotkanie upami\u0119tniaj\u0105ce 24. rocznic\u0119 \u015bmierci Jana Piepki. Uroczysto\u015bci rozpocz\u0119\u0142y si\u0119 msz\u0105 \u015bwi\u0119t\u0105, w Ko\u015bciele Matki Bo\u017cej Kr\u00f3lowej Polski w \u0141ebnie, po kt\u00f3rej zgromadzeni go\u015bcie w\u00a0skupieniu udali si\u0119 na gr\u00f3b pisarza. W atmosferze zadumy wspominano jego \u017cycie, modlono si\u0119 oraz zapalano znicze na jego mogile.<\/p>\n<p style=\"text-align: justify;\">Go\u015bciem honorowym wydarzenia by\u0142a pani Bo\u017cena Dajnowska, autorka pracy magisterskiej <em>Pochwa\u0142a \u017cycia w tw\u00f3rczo\u015bci Jana Piepki<\/em>, kt\u00f3ra podzieli\u0142a si\u0119 refleksjami na temat dorobku literackiego upami\u0119tniaj\u0105cego tw\u00f3rc\u0119. Poezja i proza Jana Piepki wci\u0105\u017c pulsuj\u0105 \u017cyciem w sercach Kaszub, niczym echo dawnych opowie\u015bci niesione przez morskie wiatry. Jego s\u0142owa, zakorzenione w tradycji i\u00a0mi\u0142o\u015bci do rodzinnej ziemi, nie straci\u0142y blasku \u2013 wci\u0105\u017c rozbrzmiewaj\u0105 w domach, szko\u0142ach i\u00a0bibliotekach, inspiruj\u0105c kolejne pokolenia. Dzi\u0119ki pami\u0119ci tych, kt\u00f3rzy piel\u0119gnuj\u0105 jego dziedzictwo, s\u0105 one nadal mostem \u0142\u0105cz\u0105cym przesz\u0142o\u015b\u0107 z\u00a0tera\u017aniejszo\u015bci\u0105, przypominaj\u0105c o\u00a0pi\u0119knie kaszubskiej to\u017csamo\u015bci.<\/p>\n<p style=\"text-align: justify;\">Spotkanie zako\u0144czy\u0142o si\u0119 wsp\u00f3lnymi zdj\u0119ciami w Izbie Pami\u0119ci oraz wpisami do kroniki pami\u0105tkowej, co stanowi\u0142o pi\u0119kne zwie\u0144czenie tego dnia.<\/p>\n<p>\u00a0<\/p>\n<p style=\"text-align: right;\"><em>Lis Gra\u017cyna<\/em><\/p>\n\n\n\n[ngg src=&#8221;galleries&#8221; ids=&#8221;1993&#8243; display=&#8221;basic_thumbnail&#8221;]\n","protected":false},"excerpt":{"rendered":"<div class=\"mh-excerpt\"><p>\u201eJe\u015bli warto komu\u015b i czemu\u015b po\u015bwi\u0119ci\u0107 jedno, jedyne \u017cycie &#8211; to tylko cz\u0142owiekowi, kt\u00f3ry pokocha\u0142 g\u0142o\u015bno na jawie, ze \u015bpiewem, nie skrycie! \u00a0\u00a0\u00a0\u00a0\u00a0\u00a0\u00a0\u00a0\u00a0\u00a0\u00a0\u00a0\u00a0\u00a0\u00a0\u00a0\u00a0\u00a0\u00a0\u00a0\u00a0\u00a0\u00a0\u00a0\u00a0\u00a0\u00a0\u00a0\u00a0\u00a0\u00a0\u00a0\u00a0\u00a0\u00a0\u00a0\u00a0\u00a0\u00a0\u00a0\u00a0\u00a0\u00a0\u00a0\u00a0\u00a0\u00a0\u00a0\u00a0\u00a0\u00a0\u00a0\u00a0\u00a0\u00a0\u00a0\u00a0\u00a0\u00a0\u00a0\u00a0\u00a0\u00a0\u00a0\u00a0\u00a0\u00a0\u00a0\u00a0\u00a0 \u201e16.05.1985\u201d &#8211; <a class=\"mh-excerpt-more\" href=\"https:\/\/biblioteka.szemud.pl\/index.php\/2025\/03\/12\/24-rocznica-smierci-jana-piepki\/\" title=\"24 ROCZNICA \u015aMIERCI JANA PIEPKI\">[&#8230;]<\/a><\/p>\n<\/div>","protected":false},"author":10,"featured_media":62118,"comment_status":"closed","ping_status":"closed","sticky":false,"template":"","format":"standard","meta":{"_price":"","_stock":"","_tribe_ticket_header":"","_tribe_default_ticket_provider":"","_tribe_ticket_capacity":"0","_ticket_start_date":"","_ticket_end_date":"","_tribe_ticket_show_description":"","_tribe_ticket_show_not_going":false,"_tribe_ticket_use_global_stock":"","_tribe_ticket_global_stock_level":"","_global_stock_mode":"","_global_stock_cap":"","_tribe_rsvp_for_event":"","_tribe_ticket_going_count":"","_tribe_ticket_not_going_count":"","_tribe_tickets_list":"[]","_tribe_ticket_has_attendee_info_fields":false,"footnotes":""},"categories":[11],"tags":[],"class_list":["post-62112","post","type-post","status-publish","format-standard","has-post-thumbnail","hentry","category-inne"],"_links":{"self":[{"href":"https:\/\/biblioteka.szemud.pl\/index.php\/wp-json\/wp\/v2\/posts\/62112","targetHints":{"allow":["GET"]}}],"collection":[{"href":"https:\/\/biblioteka.szemud.pl\/index.php\/wp-json\/wp\/v2\/posts"}],"about":[{"href":"https:\/\/biblioteka.szemud.pl\/index.php\/wp-json\/wp\/v2\/types\/post"}],"author":[{"embeddable":true,"href":"https:\/\/biblioteka.szemud.pl\/index.php\/wp-json\/wp\/v2\/users\/10"}],"replies":[{"embeddable":true,"href":"https:\/\/biblioteka.szemud.pl\/index.php\/wp-json\/wp\/v2\/comments?post=62112"}],"version-history":[{"count":1,"href":"https:\/\/biblioteka.szemud.pl\/index.php\/wp-json\/wp\/v2\/posts\/62112\/revisions"}],"predecessor-version":[{"id":62114,"href":"https:\/\/biblioteka.szemud.pl\/index.php\/wp-json\/wp\/v2\/posts\/62112\/revisions\/62114"}],"wp:featuredmedia":[{"embeddable":true,"href":"https:\/\/biblioteka.szemud.pl\/index.php\/wp-json\/wp\/v2\/media\/62118"}],"wp:attachment":[{"href":"https:\/\/biblioteka.szemud.pl\/index.php\/wp-json\/wp\/v2\/media?parent=62112"}],"wp:term":[{"taxonomy":"category","embeddable":true,"href":"https:\/\/biblioteka.szemud.pl\/index.php\/wp-json\/wp\/v2\/categories?post=62112"},{"taxonomy":"post_tag","embeddable":true,"href":"https:\/\/biblioteka.szemud.pl\/index.php\/wp-json\/wp\/v2\/tags?post=62112"}],"curies":[{"name":"wp","href":"https:\/\/api.w.org\/{rel}","templated":true}]}}