{"id":59825,"date":"2025-02-03T12:00:28","date_gmt":"2025-02-03T11:00:28","guid":{"rendered":"https:\/\/biblioteka.szemud.pl\/?p=59825"},"modified":"2025-02-03T12:00:29","modified_gmt":"2025-02-03T11:00:29","slug":"uniwersytet-trzeciego-wieku-gminy-szemud-9","status":"publish","type":"post","link":"https:\/\/biblioteka.szemud.pl\/index.php\/2025\/02\/03\/uniwersytet-trzeciego-wieku-gminy-szemud-9\/","title":{"rendered":"UNIWERSYTET TRZECIEGO WIEKU                        GMINY SZEMUD"},"content":{"rendered":"\n<p style=\"text-align: justify;\">Za nami pierwszy miesi\u0105c nowego 2025 roku. Po kr\u00f3tkiej \u015bwi\u0105tecznej przerwie kontynuowali\u015bmy zaj\u0119cia, kt\u00f3re ciesz\u0105 si\u0119 co raz wi\u0119kszym zainteresowaniem. S\u0142uchacze UTW pokochali wr\u0119cz nauk\u0119 j\u0119zyka angielskiego. To z pewno\u015bci\u0105 wielka zas\u0142uga naszych przesympatycznych pa\u0144 prowadz\u0105cych zaj\u0119cia w spos\u00f3b, kt\u00f3ry pokochali nasi seniorzy. Zar\u00f3wno pani Danka jak i pani Marzena podchodz\u0105 do tematu na luzie i z humorem. Dzi\u0119ki temu bez stresu poch\u0142aniamy co raz wi\u0119cej nowych s\u0142\u00f3wek i zwrot\u00f3w. Wi\u0119kszo\u015b\u0107 z nas uczestniczy w zaj\u0119ciach dla pocz\u0105tkuj\u0105cych, wi\u0119c musimy r\u00f3wnie\u017c nauczy\u0107 si\u0119 odpowiedniej wymowy, nie zawsze zgodnej z\u00a0zapisem. W lepszej sytuacji jest grupa uczestnik\u00f3w zaj\u0119\u0107 dla zaawansowanych, do kt\u00f3rej mamy nadziej\u0119 do\u0142\u0105czy\u0107 po pewnym czasie. Drugi blok szkole\u0144, kt\u00f3ry jest r\u00f3wnie\u017c oblegany, to zaj\u0119cia informatyczne. Ilo\u015b\u0107 ch\u0119tnych przeros\u0142a nasze oczekiwania, ale to d\u0105\u017cenie do poznawania nowinek technicznych bardzo nas cieszy. Dzi\u0119ki panu Krystianowi poznajemy mo\u017cliwo\u015bci naszych smartfon\u00f3w. Dowiadujemy si\u0119 o wielu przydatnych funkcjach, kt\u00f3re u\u0142atwiaj\u0105 nam \u017cycie, a ich poznanie pozwoli nam na nad\u0105\u017cenie za ci\u0105g\u0142ym post\u0119pem. Nie mniej istotne s\u0105 informacje jak ustrzec si\u0119 przed zagro\u017ceniami, kt\u00f3rych w sieci internetowej nie brakuje. Kontynuowali\u015bmy r\u00f3wnie\u017c spotkania naszych senior\u00f3w z talentami artystycznymi. Zaj\u0119cia plastyczne, niezmiennie\u00a0 prowadzi pani Karina, kt\u00f3ra swoj\u0105 wiedz\u0119 stara si\u0119 przekaza\u0107 uczestnikom spotka\u0144. Z kolei na spotkaniach z panem Gracjanem dowiadujemy si\u0119 o historii Kaszub i poznajemy tajniki j\u0119zyka kaszubskiego. Spora cz\u0119\u015b\u0107 mieszka\u0144c\u00f3w naszej gminy, to osoby kt\u00f3re zamieszkuj\u0105 tu zaledwie od kilku lat i z ch\u0119ci\u0105 zaznajamiaj\u0105 si\u0119 z tym tematem. Du\u017cym zainteresowaniem ciesz\u0105 si\u0119 tak\u017ce spotkania z psychologiem, kt\u00f3re prowadzi pani Teresa. Styczniowe zaj\u0119cia nosi\u0142y tytu\u0142 \u201eStres \u2013 czy mo\u017cna bez niego przetrwa\u0107?\u201d. Z powod\u00f3w organizacyjnych zmuszeni byli\u015bmy do zrobienia przerwy z \u0107wiczeniami ruchowymi. Podobnie jak w roku ubieg\u0142ym z tymi zaj\u0119ciami ruszymy na nowo z ko\u0144cem marca. Bardzo cieszy fakt, \u017ce cz\u0119\u015b\u0107 naszych s\u0142uchaczy zdecydowa\u0142a si\u0119 w tej przerwie, na \u0107wiczenia w grupach zorganizowanych we w\u0142asnym zakresie. W styczniu mogli\u015bmy uczestniczy\u0107 r\u00f3wnie\u017c w przepi\u0119knych koncertach. Dzi\u0119kuj\u0119 wszystkim, kt\u00f3rzy anga\u017cuj\u0105 si\u0119 w dzia\u0142alno\u015b\u0107 UTW. Do zobaczenia na nast\u0119pnych zaj\u0119ciach.<\/p>\n<p>\u00a0\u00a0\u00a0\u00a0\u00a0\u00a0\u00a0\u00a0\u00a0\u00a0\u00a0\u00a0\u00a0\u00a0\u00a0\u00a0\u00a0\u00a0\u00a0\u00a0\u00a0\u00a0\u00a0\u00a0\u00a0\u00a0\u00a0\u00a0\u00a0\u00a0\u00a0\u00a0\u00a0\u00a0\u00a0\u00a0\u00a0\u00a0\u00a0\u00a0\u00a0\u00a0\u00a0\u00a0\u00a0\u00a0\u00a0\u00a0\u00a0\u00a0\u00a0\u00a0\u00a0\u00a0\u00a0\u00a0\u00a0\u00a0\u00a0\u00a0\u00a0\u00a0\u00a0\u00a0\u00a0\u00a0\u00a0\u00a0\u00a0\u00a0\u00a0\u00a0\u00a0\u00a0\u00a0\u00a0\u00a0\u00a0\u00a0\u00a0\u00a0\u00a0\u00a0\u00a0\u00a0\u00a0\u00a0\u00a0\u00a0\u00a0\u00a0\u00a0\u00a0\u00a0\u00a0\u00a0\u00a0\u00a0\u00a0 \u00a0\u00a0\u00a0\u00a0\u00a0\u00a0\u00a0\u00a0\u00a0\u00a0\u00a0\u00a0\u00a0\u00a0\u00a0\u00a0\u00a0\u00a0\u00a0\u00a0\u00a0\u00a0\u00a0\u00a0\u00a0\u00a0\u00a0\u00a0\u00a0 <em>J\u00f3zef Baszanowski<\/em><\/p>\n\n\n\n\n\n[ngg src=&#8221;galleries&#8221; ids=&#8221;1898,1899,1902,1907,1910,1921&#8243; display=&#8221;basic_thumbnail&#8221;]\n","protected":false},"excerpt":{"rendered":"<div class=\"mh-excerpt\"><p>Za nami pierwszy miesi\u0105c nowego 2025 roku. Po kr\u00f3tkiej \u015bwi\u0105tecznej przerwie kontynuowali\u015bmy zaj\u0119cia, kt\u00f3re ciesz\u0105 si\u0119 co raz wi\u0119kszym zainteresowaniem. S\u0142uchacze UTW pokochali wr\u0119cz nauk\u0119 <a class=\"mh-excerpt-more\" href=\"https:\/\/biblioteka.szemud.pl\/index.php\/2025\/02\/03\/uniwersytet-trzeciego-wieku-gminy-szemud-9\/\" title=\"UNIWERSYTET TRZECIEGO WIEKU                        GMINY SZEMUD\">[&#8230;]<\/a><\/p>\n<\/div>","protected":false},"author":10,"featured_media":59830,"comment_status":"closed","ping_status":"closed","sticky":false,"template":"","format":"standard","meta":{"_price":"","_stock":"","_tribe_ticket_header":"","_tribe_default_ticket_provider":"","_tribe_ticket_capacity":"0","_ticket_start_date":"","_ticket_end_date":"","_tribe_ticket_show_description":"","_tribe_ticket_show_not_going":false,"_tribe_ticket_use_global_stock":"","_tribe_ticket_global_stock_level":"","_global_stock_mode":"","_global_stock_cap":"","_tribe_rsvp_for_event":"","_tribe_ticket_going_count":"","_tribe_ticket_not_going_count":"","_tribe_tickets_list":"[]","_tribe_ticket_has_attendee_info_fields":false,"footnotes":""},"categories":[1],"tags":[],"class_list":["post-59825","post","type-post","status-publish","format-standard","has-post-thumbnail","hentry","category-bez-kategorii"],"_links":{"self":[{"href":"https:\/\/biblioteka.szemud.pl\/index.php\/wp-json\/wp\/v2\/posts\/59825","targetHints":{"allow":["GET"]}}],"collection":[{"href":"https:\/\/biblioteka.szemud.pl\/index.php\/wp-json\/wp\/v2\/posts"}],"about":[{"href":"https:\/\/biblioteka.szemud.pl\/index.php\/wp-json\/wp\/v2\/types\/post"}],"author":[{"embeddable":true,"href":"https:\/\/biblioteka.szemud.pl\/index.php\/wp-json\/wp\/v2\/users\/10"}],"replies":[{"embeddable":true,"href":"https:\/\/biblioteka.szemud.pl\/index.php\/wp-json\/wp\/v2\/comments?post=59825"}],"version-history":[{"count":1,"href":"https:\/\/biblioteka.szemud.pl\/index.php\/wp-json\/wp\/v2\/posts\/59825\/revisions"}],"predecessor-version":[{"id":59831,"href":"https:\/\/biblioteka.szemud.pl\/index.php\/wp-json\/wp\/v2\/posts\/59825\/revisions\/59831"}],"wp:featuredmedia":[{"embeddable":true,"href":"https:\/\/biblioteka.szemud.pl\/index.php\/wp-json\/wp\/v2\/media\/59830"}],"wp:attachment":[{"href":"https:\/\/biblioteka.szemud.pl\/index.php\/wp-json\/wp\/v2\/media?parent=59825"}],"wp:term":[{"taxonomy":"category","embeddable":true,"href":"https:\/\/biblioteka.szemud.pl\/index.php\/wp-json\/wp\/v2\/categories?post=59825"},{"taxonomy":"post_tag","embeddable":true,"href":"https:\/\/biblioteka.szemud.pl\/index.php\/wp-json\/wp\/v2\/tags?post=59825"}],"curies":[{"name":"wp","href":"https:\/\/api.w.org\/{rel}","templated":true}]}}