{"id":59822,"date":"2025-02-03T11:47:57","date_gmt":"2025-02-03T10:47:57","guid":{"rendered":"https:\/\/biblioteka.szemud.pl\/?p=59822"},"modified":"2025-02-03T11:47:59","modified_gmt":"2025-02-03T10:47:59","slug":"stowarzyszenie-lesok-swiatecznie-i-koncertowo","status":"publish","type":"post","link":"https:\/\/biblioteka.szemud.pl\/index.php\/2025\/02\/03\/stowarzyszenie-lesok-swiatecznie-i-koncertowo\/","title":{"rendered":"Stowarzyszenie Les\u00f4k &#8211; \u015bwi\u0105tecznie i koncertowo"},"content":{"rendered":"\n<p style=\"text-align: justify;\">14 stycznia zaprosili\u015bmy cz\u0142onk\u00f3w Stowarzyszenie Les\u00f4k \u2013 s\u0142uchaczy Uniwersytetu Trzeciego Wieku Gminy Szemud, wszystkich, kt\u00f3rzy chcieli prze\u017cy\u0107\u00a0 kolejne, wsp\u00f3lne spotkanie. Tym razem w klimacie \u015bwi\u0105teczno &#8211; noworocznym, wszystkich przywita\u0142a prezes Stowarzyszenia, a zaproszenie przyj\u0119li r\u00f3wnie\u017c: p. W\u00f3jt Ryszard Kalkowski, p. z-ca Michalina Kami\u0144ska; p. sekretarz Barbara Rzeszewicz, radni, Prezes ZKP Kazimierz Hermann\u00a0 oraz wyk\u0142adowcy.<\/p>\n<p style=\"text-align: justify;\">Do przygotowanej prezentacji nasz nieoceniony koordynator UTW p. J\u00f3zef Baszanowski przedstawi\u0142, a tak w\u0142a\u015bciwie przypomnia\u0142 naszym s\u0142uchaczom co dzia\u0142o si\u0119 w\u00a0ubieg\u0142ym 2024 roku.\u00a0 By\u0142o tego wszystkiego bardzo du\u017co, nie b\u0119d\u0119 tu wszystkiego wymienia\u0107, ale liczby m\u00f3wi\u0105 same za siebie: 16 r\u00f3\u017cnych tematycznie wyk\u0142ad\u00f3w; bal karnawa\u0142owy -\u015bledzik \u2013 160 uczestnik\u00f3w; 4 spotkania autorskie; koncert majowy; 6 projekcji filmowych; 9 wycieczek; aqua aerobik na basenie w Kielnie &#8211; 2 grupy licz\u0105ce 24 osoby i jedna grupa rezerwowa &#8211; 24 osoby; zaj\u0119cia ruchowe na hali sportowej w Szemudzie oraz na hali w\u00a0Bojanie (p\u00f3\u017aniej w Kielnie) &#8211; 4 grupy oko\u0142o 100 uczestnik\u00f3w; nauka j\u0119zyka angielskiego 4\u00a0grupy oko\u0142o 80 uczestnik\u00f3w; warsztaty psychologiczne oko\u0142o 50 uczestnik\u00f3w; zaj\u0119cia plastyczne 30 uczestnik\u00f3w; zaj\u0119cia informatyczne 50 uczestnik\u00f3w.<\/p>\n<p style=\"text-align: justify;\">Po prezentacji naszych dzia\u0142a\u0144, p. W\u00f3jt z\u0142o\u017cy\u0142 \u017cyczenia aktywnym seniorom i wyrazi\u0142 swoja aprobat\u0119 w stosunku do tego, co robimy, wi\u0119c liczymy na dalsze wsparcie naszego stowarzyszenia.<\/p>\n<p style=\"text-align: justify;\">\u00a0\u00a0\u00a0\u00a0\u00a0\u00a0\u00a0\u00a0\u00a0\u00a0\u00a0 G\u0142\u00f3wnym punktem programu by\u0142 koncert kol\u0119d w wykonaniu: ks. dr. hab. Roberta Kaczorowskiego i Gaofenga Wu, przy akompaniamencie p. Tomasza Beckera. Koncerty organizowane przez ks. Roberta s\u0105 bardzo dobrze odbierane przez naszych mieszka\u0144c\u00f3w. Wykonawcy, kt\u00f3rych do nas zaprasza, to profesorowie Akademii Muzycznej, jak i\u00a0doktoranci z \u201epa\u0144stwa \u015brodka\u201d i tym razem po raz pierwszy wyst\u0105pi\u0142 u nas Gaofeng Wu. Us\u0142yszeli\u015bmy nasze polskie, tradycyjne kol\u0119dy, kt\u00f3re wszyscy uczestnicy wsp\u00f3lnie \u015bpiewali. Mieli\u015bmy r\u00f3wnie\u017c mo\u017cliwo\u015b\u0107 wys\u0142uchania kol\u0119d w j\u0119zyku \u0142aci\u0144skim, niemieckim, angielskim no i\u00a0oczywi\u015bcie chi\u0144skim. Koncerty te sta\u0142y si\u0119 ulubion\u0105 form\u0105 prze\u017cywania wa\u017cnych chwil, dlatego ks. Robert wyrazi\u0142 ch\u0119\u0107 zaprezentowania nam kol\u0119d nieznanych i tak 27 stycznia odby\u0142 si\u0119 kolejny koncert, mieli\u015bmy przyjemno\u015b\u0107 wys\u0142uchania pi\u0119knych utwor\u00f3w pod melodie tradycyjnych kol\u0119d. Ksi\u0105dz proboszcz przedstawi\u0142 s\u0142uchaczom tzw. kol\u0119dy patriotyczne, kt\u00f3re powsta\u0142y w czasie powstania listopadowego (1830 r.) i styczniowego (1963 r.), na prze\u0142omie wiek\u00f3w XIX i XX, w czasie, gdy Polska cieszy\u0142a si\u0119 odzyskan\u0105 niepodleg\u0142o\u015bci\u0105 (1918 r.), z okresu I i II wojny \u015bwiatowej oraz czasu polskiej Solidarno\u015bci (1981 r.). Wykonane kol\u0119dy, cho\u0107 smutne i powa\u017cne, w swej tre\u015bci zwraca\u0142y nasz\u0105 uwag\u0119 na niezwyk\u0142e postawy polskich patriot\u00f3w, kt\u00f3rzy w trudnych chwilach istnienia i\u00a0nieistnienia Polski pisali wzruszaj\u0105ce teksty, podk\u0142adali je pod melodie znanych kol\u0119d i\u00a0w\u00a0ten spos\u00f3b wyra\u017cali swoj\u0105 nadziej\u0119, \u017ce duch w narodzie nie os\u0142abnie.<\/p>\n<p style=\"text-align: justify;\">Dzi\u0119kujemy ks. Robertowi za wykonanie tych kol\u0119d, za jego komentarze do ka\u017cdej z\u00a0nich i za to \u017ce zawsze bezinteresownie, z wielkim zaanga\u017cowaniem w\u0142\u0105cza si\u0119 w \u017cycie naszej spo\u0142eczno\u015bci. Dzi\u0119kujemy wszystkim naszym go\u015bciom, wykonawcom, za wsparcie i\u00a0zrozumienie naszych dzia\u0142a\u0144. By\u0142o to du\u017ce prze\u017cycie dla wszystkich uczestnik\u00f3w. Muzyka, \u015bpiew to najsubtelniejsza forma przekazu. Mo\u017cna powiedzie\u0107 i zauwa\u017cy\u0107, \u017ce \u017cadna dziedzina sztuki nie porusza tak mocno i dog\u0142\u0119bnie jak\u00a0 one. Taki przekaz tym bardziej \u00a0zapada w\u00a0pami\u0119\u0107 im g\u0142\u0119biej porusza emocje. A emocji \u00a0by\u0142o du\u017co.<\/p>\n<p style=\"text-align: justify;\">Do zobaczenia na kolejnych spotkaniach.<\/p>\n<p>\u00a0<\/p>\n<p style=\"text-align: right;\">\u00a0\u00a0\u00a0\u00a0\u00a0\u00a0\u00a0\u00a0\u00a0\u00a0\u00a0 \u00a0\u00a0\u00a0\u00a0\u00a0\u00a0\u00a0\u00a0\u00a0\u00a0\u00a0\u00a0\u00a0\u00a0\u00a0\u00a0\u00a0\u00a0\u00a0\u00a0\u00a0\u00a0\u00a0\u00a0\u00a0\u00a0\u00a0\u00a0\u00a0\u00a0\u00a0\u00a0\u00a0\u00a0\u00a0\u00a0\u00a0\u00a0\u00a0\u00a0\u00a0\u00a0\u00a0\u00a0\u00a0\u00a0\u00a0\u00a0\u00a0\u00a0\u00a0\u00a0\u00a0\u00a0\u00a0\u00a0\u00a0\u00a0\u00a0\u00a0\u00a0\u00a0\u00a0\u00a0\u00a0\u00a0\u00a0\u00a0\u00a0\u00a0\u00a0\u00a0\u00a0\u00a0\u00a0\u00a0\u00a0\u00a0\u00a0\u00a0\u00a0\u00a0\u00a0\u00a0\u00a0\u00a0\u00a0\u00a0\u00a0\u00a0\u00a0\u00a0\u00a0 \u00a0\u00a0\u00a0\u00a0\u00a0\u00a0\u00a0\u00a0\u00a0\u00a0\u00a0 <em>I.Piastowska<\/em><\/p>\n\n\n\n[ngg src=&#8221;galleries&#8221; ids=&#8221;1897,1914&#8243; display=&#8221;basic_thumbnail&#8221;]\n","protected":false},"excerpt":{"rendered":"<div class=\"mh-excerpt\"><p>14 stycznia zaprosili\u015bmy cz\u0142onk\u00f3w Stowarzyszenie Les\u00f4k \u2013 s\u0142uchaczy Uniwersytetu Trzeciego Wieku Gminy Szemud, wszystkich, kt\u00f3rzy chcieli prze\u017cy\u0107\u00a0 kolejne, wsp\u00f3lne spotkanie. Tym razem w klimacie \u015bwi\u0105teczno <a class=\"mh-excerpt-more\" href=\"https:\/\/biblioteka.szemud.pl\/index.php\/2025\/02\/03\/stowarzyszenie-lesok-swiatecznie-i-koncertowo\/\" title=\"Stowarzyszenie Les\u00f4k &#8211; \u015bwi\u0105tecznie i koncertowo\">[&#8230;]<\/a><\/p>\n<\/div>","protected":false},"author":10,"featured_media":59823,"comment_status":"closed","ping_status":"closed","sticky":false,"template":"","format":"standard","meta":{"_price":"","_stock":"","_tribe_ticket_header":"","_tribe_default_ticket_provider":"","_tribe_ticket_capacity":"0","_ticket_start_date":"","_ticket_end_date":"","_tribe_ticket_show_description":"","_tribe_ticket_show_not_going":false,"_tribe_ticket_use_global_stock":"","_tribe_ticket_global_stock_level":"","_global_stock_mode":"","_global_stock_cap":"","_tribe_rsvp_for_event":"","_tribe_ticket_going_count":"","_tribe_ticket_not_going_count":"","_tribe_tickets_list":"[]","_tribe_ticket_has_attendee_info_fields":false,"footnotes":""},"categories":[1],"tags":[],"class_list":["post-59822","post","type-post","status-publish","format-standard","has-post-thumbnail","hentry","category-bez-kategorii"],"_links":{"self":[{"href":"https:\/\/biblioteka.szemud.pl\/index.php\/wp-json\/wp\/v2\/posts\/59822","targetHints":{"allow":["GET"]}}],"collection":[{"href":"https:\/\/biblioteka.szemud.pl\/index.php\/wp-json\/wp\/v2\/posts"}],"about":[{"href":"https:\/\/biblioteka.szemud.pl\/index.php\/wp-json\/wp\/v2\/types\/post"}],"author":[{"embeddable":true,"href":"https:\/\/biblioteka.szemud.pl\/index.php\/wp-json\/wp\/v2\/users\/10"}],"replies":[{"embeddable":true,"href":"https:\/\/biblioteka.szemud.pl\/index.php\/wp-json\/wp\/v2\/comments?post=59822"}],"version-history":[{"count":1,"href":"https:\/\/biblioteka.szemud.pl\/index.php\/wp-json\/wp\/v2\/posts\/59822\/revisions"}],"predecessor-version":[{"id":59824,"href":"https:\/\/biblioteka.szemud.pl\/index.php\/wp-json\/wp\/v2\/posts\/59822\/revisions\/59824"}],"wp:featuredmedia":[{"embeddable":true,"href":"https:\/\/biblioteka.szemud.pl\/index.php\/wp-json\/wp\/v2\/media\/59823"}],"wp:attachment":[{"href":"https:\/\/biblioteka.szemud.pl\/index.php\/wp-json\/wp\/v2\/media?parent=59822"}],"wp:term":[{"taxonomy":"category","embeddable":true,"href":"https:\/\/biblioteka.szemud.pl\/index.php\/wp-json\/wp\/v2\/categories?post=59822"},{"taxonomy":"post_tag","embeddable":true,"href":"https:\/\/biblioteka.szemud.pl\/index.php\/wp-json\/wp\/v2\/tags?post=59822"}],"curies":[{"name":"wp","href":"https:\/\/api.w.org\/{rel}","templated":true}]}}