{"id":58746,"date":"2024-12-17T11:22:44","date_gmt":"2024-12-17T10:22:44","guid":{"rendered":"https:\/\/biblioteka.szemud.pl\/?p=58746"},"modified":"2024-12-17T11:22:44","modified_gmt":"2024-12-17T10:22:44","slug":"rozstrzygniecia-konkursow-plastycznych-ulubiony-bohater-bajkowy-swieta-rodzina-2","status":"publish","type":"post","link":"https:\/\/biblioteka.szemud.pl\/index.php\/2024\/12\/17\/rozstrzygniecia-konkursow-plastycznych-ulubiony-bohater-bajkowy-swieta-rodzina-2\/","title":{"rendered":"ROZSTRZYGNI\u0118CIA KONKURS\u00d3W PLASTYCZNYCH \u201eUlubiony bohater bajkowy\u201d; \u201e\u015awi\u0119ta Rodzina\u201d"},"content":{"rendered":"\n<p style=\"text-align: justify;\">W listopadzie, jak co roku, Biblioteka Publiczna Gminy Szemud og\u0142osi\u0142a dwa konkursy plastyczne, kt\u00f3re ciesz\u0105 si\u0119 du\u017c\u0105 popularno\u015bci\u0105. I tym razem dzieci nas nie zawiod\u0142y, to te\u017c za spraw\u0105 dobrej wsp\u00f3\u0142pracy ze szko\u0142ami. Ilo\u015b\u0107 prac jakie do nas dotar\u0142y by\u0142a imponuj\u0105ca, na oba konkursy w sumie otrzymali\u015bmy 140 prac. Komisja w sk\u0142adzie Karina Treder \u2013 przewodnicz\u0105ca oraz Iwona Piastowska, Renata Czoska i Joanna Formela, mia\u0142a bardzo trudne zadanie \u2013 m\u00f3wi\u0142a, \u017ce to by\u0142a bardzo ci\u0119\u017cka praca.<\/p>\n<p style=\"text-align: justify;\">Konkurs <strong>\u201eUlubiony bohater bajkowy\u201d <\/strong>skierowany by\u0142 do dzieci przedszkolnych i\u00a0nauczania wczesnoszkolnego, a jego cel to m.in. propagowanie tradycji obchod\u00f3w \u015awiatowego Dnia Postaci z Bajek, promowanie czytelnictwa oraz literatury dzieci\u0119cej, uwra\u017cliwianie na sztuk\u0119, pi\u0119kno, rozw\u00f3j umiej\u0119tno\u015bci plastycznych i technicznych, pobudzanie kreatywnego my\u015blenia, budowanie \u0142\u0105czno\u015bci najm\u0142odszych czytelnik\u00f3w z bibliotek\u0105. Temat przewodni konkursu to\u00a0 \u201eUlubiony bohater bajkowy\u201d; a \u00a0przygotowana praca musia\u0142a nawi\u0105zywa\u0107 do utworu literatury dzieci\u0119cej. Komisja konkursowa, kt\u00f3ra ocenia\u0142a przede wszystkim: zgodno\u015b\u0107 z tematem, oryginalno\u015b\u0107 oraz estetyk\u0119 pracy, wytypowa\u0142a laureat\u00f3w:<\/p>\n<p>\u00a0<\/p>\n<p style=\"text-align: justify;\"><strong>Kategoria I: dzieci w wieku 3 \u2013 4 lat <\/strong><\/p>\n<p>I miejsce\u00a0\u00a0\u00a0\u00a0\u00a0\u00a0\u00a0\u00a0 &#8211;\u00a0\u00a0\u00a0\u00a0\u00a0\u00a0\u00a0\u00a0\u00a0\u00a0 Filip Oczk<\/p>\n<p>II miejsce\u00a0\u00a0\u00a0\u00a0\u00a0\u00a0\u00a0 &#8211;\u00a0\u00a0\u00a0\u00a0\u00a0\u00a0\u00a0\u00a0\u00a0\u00a0 Kacper Labuda<\/p>\n<p>III miejsce \u00a0\u00a0\u00a0\u00a0\u00a0 &#8211; \u00a0\u00a0\u00a0\u00a0\u00a0\u00a0\u00a0\u00a0\u00a0 Natalia Zaj\u0105czkowska<\/p>\n<p>Wyr\u00f3\u017cnienie\u00a0\u00a0 &#8211;\u00a0\u00a0\u00a0\u00a0\u00a0\u00a0\u00a0\u00a0\u00a0\u00a0 Jagoda Hinz, Artur Ostrowski<\/p>\n<p>\u00a0<\/p>\n<p style=\"text-align: justify;\"><strong>Kategoria II: dzieci w wieku 5 \u2013 6 lat <\/strong><\/p>\n<p>I miejsce\u00a0\u00a0\u00a0\u00a0\u00a0\u00a0\u00a0\u00a0 &#8211; \u00a0\u00a0\u00a0\u00a0\u00a0\u00a0\u00a0\u00a0\u00a0 Hubert Ju\u0144ski ex aequo Maja Labudda<\/p>\n<p>II miejsce\u00a0\u00a0\u00a0\u00a0\u00a0\u00a0\u00a0 &#8211; \u00a0\u00a0\u00a0\u00a0\u00a0\u00a0\u00a0\u00a0\u00a0 Martyna Kahs<\/p>\n<p>III miejsce\u00a0\u00a0\u00a0\u00a0\u00a0\u00a0 &#8211; \u00a0\u00a0\u00a0\u00a0\u00a0\u00a0\u00a0\u00a0\u00a0 Urszula Soszy\u0144ska<\/p>\n<p>Wyr\u00f3\u017cnienie\u00a0\u00a0 &#8211;\u00a0\u00a0\u00a0\u00a0\u00a0\u00a0\u00a0\u00a0\u00a0\u00a0 Pawe\u0142 Pranczke, Patryk Dosz, Marcelina Haza, Max Komosi\u0144ski<\/p>\n<p><strong>\u00a0<\/strong><\/p>\n<p><strong>Kategoria III: dzieci w wieku 7 \u2013 9 lat<\/strong>\u00a0\u00a0\u00a0\u00a0\u00a0\u00a0\u00a0\u00a0<\/p>\n<p>I miejsce\u00a0\u00a0\u00a0\u00a0\u00a0\u00a0\u00a0\u00a0 &#8211;\u00a0\u00a0\u00a0\u00a0\u00a0\u00a0\u00a0\u00a0\u00a0\u00a0 Anna Hinz ex aequo Szymon Trojanowski<\/p>\n<p>II miejsce\u00a0\u00a0\u00a0\u00a0\u00a0\u00a0\u00a0 &#8211; \u00a0\u00a0\u00a0\u00a0\u00a0\u00a0\u00a0\u00a0\u00a0 Joanna Roda ex aequo Maja Hoppe<\/p>\n<p>III miejsce\u00a0\u00a0\u00a0\u00a0\u00a0\u00a0 &#8211;\u00a0\u00a0\u00a0\u00a0\u00a0\u00a0\u00a0\u00a0\u00a0\u00a0 Helena Krauze ex aequo Klaudia Matyjasik ex aequo Adam Szweda<\/p>\n<p>Wyr\u00f3\u017cnienie\u00a0\u00a0 &#8211;\u00a0\u00a0\u00a0\u00a0\u00a0\u00a0\u00a0\u00a0\u00a0\u00a0 Iga Grubba, Jakub Mielewczyk, Apolonia Lamparska, Tomasz\u00a0\u00a0\u00a0\u00a0 \u00a0\u00a0\u00a0\u00a0\u00a0\u00a0\u00a0\u00a0\u00a0\u00a0\u00a0\u00a0\u00a0\u00a0\u00a0\u00a0\u00a0\u00a0\u00a0\u00a0\u00a0\u00a0\u00a0\u00a0\u00a0\u00a0\u00a0\u00a0\u00a0\u00a0\u00a0\u00a0\u00a0\u00a0 Mielewczyk, Patrycja Pranczke<\/p>\n<p>\u00a0<\/p>\n<p style=\"text-align: justify;\">Konkurs <strong>\u201e\u015awi\u0119ta Rodzina\u201d <\/strong>zwi\u0105zany jest ze \u015awi\u0119tami Bo\u017cego Narodzenia, a jego tematem \u2013 \u201e\u015awi\u0119ta Rodzina\u201d. Mo\u017cna przedstawi\u0107 \u015awi\u0119t\u0105 Rodzin\u0119 z Nazaretu jako wz\u00f3r do na\u015bladowania, jak r\u00f3wnie\u017c wzorow\u0105 rodzin\u0119 dla naszych czas\u00f3w, lub swoj\u0105 w\u0142asn\u0105 rodzin\u0119. Cele konkursu to m.in. ukazanie ponadczasowych warto\u015bci, takich jak: przyja\u017a\u0144, mi\u0142o\u015b\u0107, szacunek dla ka\u017cdego cz\u0142owieka, szczeg\u00f3lnie ma\u0142ego i bezbronnego; ochrona \u017cycia od pocz\u0119cia a\u017c do naturalnej \u015bmierci; powo\u0142anie do \u015bwi\u0119to\u015bci, kt\u00f3ra jest podstawow\u0105 drog\u0105 dla ka\u017cdego; warto\u015b\u0107 ma\u0142\u017ce\u0144stwa i rodziny. Rozwijanie postaw tw\u00f3rczych i poczucia estetyki, doskonalenie umiej\u0119tno\u015bci plastycznych oraz pos\u0142ugiwania si\u0119 r\u00f3\u017cnymi technikami. Kryteria oceny przez komisj\u0119 by\u0142y nast\u0119puj\u0105ce: zgodno\u015b\u0107 z tematem, samodzielno\u015b\u0107 wykonania, oryginalno\u015b\u0107 przedstawienia, technika i walory artystyczne, estetyka. Wytypowani laureaci:<\/p>\n<p><strong>Kategoria I: Grupy przedszkolne i kl. \u201e0\u201d\u00a0 <\/strong><\/p>\n<p>I miejsce\u00a0\u00a0\u00a0\u00a0\u00a0\u00a0\u00a0\u00a0 &#8211;\u00a0\u00a0\u00a0\u00a0\u00a0\u00a0\u00a0\u00a0\u00a0\u00a0 Laura Galant<\/p>\n<p>II miejsce\u00a0\u00a0\u00a0\u00a0\u00a0\u00a0\u00a0 &#8211;\u00a0\u00a0\u00a0\u00a0\u00a0\u00a0\u00a0\u00a0\u00a0\u00a0 Kacper Labuda ex aequo Marcelina Haza<\/p>\n<p>III miejsce \u00a0\u00a0\u00a0\u00a0\u00a0 &#8211; \u00a0\u00a0\u00a0\u00a0\u00a0\u00a0\u00a0\u00a0\u00a0 Sara Waldowska ex aequo Artur Ostrowski<\/p>\n<p>Wyr\u00f3\u017cnienie:\u00a0\u00a0\u00a0\u00a0\u00a0\u00a0\u00a0\u00a0\u00a0\u00a0\u00a0\u00a0\u00a0\u00a0 Natalia Stenka, Agata Goch, Franciszek Malinowski, Dominik Baranowski,<\/p>\n<p>\u00a0\u00a0\u00a0\u00a0\u00a0\u00a0\u00a0\u00a0\u00a0\u00a0\u00a0\u00a0\u00a0\u00a0\u00a0\u00a0\u00a0\u00a0\u00a0\u00a0\u00a0\u00a0\u00a0\u00a0\u00a0\u00a0\u00a0\u00a0\u00a0\u00a0\u00a0\u00a0\u00a0\u00a0\u00a0 Julia Pranszke<\/p>\n<p><strong>\u00a0<\/strong><\/p>\n<p><strong>Kategoria II: Kl. I \u2013 III <\/strong><\/p>\n<p>I miejsce\u00a0\u00a0\u00a0\u00a0\u00a0\u00a0\u00a0\u00a0 &#8211; \u00a0\u00a0\u00a0\u00a0\u00a0\u00a0\u00a0\u00a0\u00a0 Klaudia Matyjasik<\/p>\n<p>II miejsce\u00a0\u00a0\u00a0\u00a0\u00a0\u00a0\u00a0 &#8211; \u00a0\u00a0\u00a0\u00a0\u00a0\u00a0\u00a0\u00a0\u00a0 Szymon Trojanowski ex aequo Helena Sychowska<\/p>\n<p>III miejsce\u00a0\u00a0\u00a0\u00a0\u00a0\u00a0 &#8211; \u00a0\u00a0\u00a0\u00a0\u00a0\u00a0\u00a0\u00a0\u00a0 Milena Pranszke ex aequo Laura Malinowska<\/p>\n<p>Wyr\u00f3\u017cnienie\u00a0\u00a0 &#8211;\u00a0\u00a0\u00a0\u00a0\u00a0\u00a0\u00a0\u00a0\u00a0\u00a0 Tomasz Wicki, Lena Miotke, Emila Baranowska<\/p>\n<p><strong>\u00a0<\/strong><\/p>\n<p><strong>Kategoria III: Kl. IV \u2013 VIII\u00a0\u00a0\u00a0\u00a0\u00a0\u00a0 <\/strong><\/p>\n<p>I miejsce\u00a0\u00a0\u00a0\u00a0\u00a0\u00a0\u00a0\u00a0 &#8211;\u00a0\u00a0\u00a0\u00a0\u00a0\u00a0\u00a0\u00a0\u00a0\u00a0 Filip Trojanowski ex aequo Marcin Labuda<\/p>\n<p>II miejsce\u00a0\u00a0\u00a0\u00a0\u00a0\u00a0\u00a0 &#8211; \u00a0\u00a0\u00a0\u00a0\u00a0\u00a0\u00a0\u00a0\u00a0 Wiktoria Jankowska ex aequo Paulina Kreft<\/p>\n<p>III miejsce\u00a0\u00a0\u00a0\u00a0\u00a0\u00a0 &#8211;\u00a0\u00a0\u00a0\u00a0\u00a0\u00a0\u00a0\u00a0\u00a0\u00a0 Lena Waldowska ex aequo Miko\u0142aj Miloch\u00a0<\/p>\n<p>Wyr\u00f3\u017cnienie\u00a0\u00a0 &#8211; \u00a0\u00a0\u00a0\u00a0\u00a0\u00a0\u00a0\u00a0\u00a0 Anna Szyma\u0144ska, Eliza Bia\u0142k, Paulina Haza, Alan Ostrowski,<\/p>\n<p>\u00a0\u00a0\u00a0\u00a0\u00a0\u00a0\u00a0\u00a0\u00a0\u00a0\u00a0\u00a0\u00a0\u00a0\u00a0\u00a0\u00a0\u00a0\u00a0\u00a0\u00a0\u00a0\u00a0\u00a0\u00a0\u00a0\u00a0\u00a0\u00a0\u00a0\u00a0\u00a0\u00a0\u00a0 Agata Brylowska, Jan Miotke, Hanna Kreft, Maciej Trojanowski<\/p>\n<p>\u00a0<\/p>\n<p style=\"text-align: justify;\">Wszyscy laureaci odebrali nagrody i dyplomy w Centrum Samorz\u0105dowym w Szemudzie 16\u00a0grudnia. Jeszcze raz Gratulujemy zwyci\u0119zcom i dzi\u0119kujemy wszystkim, kt\u00f3rzy wzi\u0119li udzia\u0142 w naszych konkursach. Bardzo cieszy nas fakt tak du\u017cego zainteresowania naszymi propozycjami dla naszych czytelnik\u00f3w i mieszka\u0144c\u00f3w. Mamy nadziej\u0119, \u017ce w Nowym 2025 roku, r\u00f3wnie\u017c skorzystacie z naszej oferty bibliotecznej. Serdecznie zapraszamy.<\/p>\n<p>\u00a0<\/p>\n<p style=\"text-align: right;\"><em>\u00a0\u00a0 I.Piastowska <\/em><\/p>\n<p>\u00a0\u00a0\u00a0\u00a0\u00a0\u00a0\u00a0\u00a0\u00a0\u00a0\u00a0<\/p>\n<p>\u00a0<\/p>\n\n\n\n\n\n\n\n\n\n[ngg src=&#8221;galleries&#8221; ids=&#8221;1886&#8243; display=&#8221;basic_thumbnail&#8221;]\n","protected":false},"excerpt":{"rendered":"<div class=\"mh-excerpt\"><p>W listopadzie, jak co roku, Biblioteka Publiczna Gminy Szemud og\u0142osi\u0142a dwa konkursy plastyczne, kt\u00f3re ciesz\u0105 si\u0119 du\u017c\u0105 popularno\u015bci\u0105. I tym razem dzieci nas nie zawiod\u0142y, <a class=\"mh-excerpt-more\" href=\"https:\/\/biblioteka.szemud.pl\/index.php\/2024\/12\/17\/rozstrzygniecia-konkursow-plastycznych-ulubiony-bohater-bajkowy-swieta-rodzina-2\/\" title=\"ROZSTRZYGNI\u0118CIA KONKURS\u00d3W PLASTYCZNYCH \u201eUlubiony bohater bajkowy\u201d; \u201e\u015awi\u0119ta Rodzina\u201d\">[&#8230;]<\/a><\/p>\n<\/div>","protected":false},"author":10,"featured_media":58747,"comment_status":"closed","ping_status":"closed","sticky":false,"template":"","format":"standard","meta":{"_price":"","_stock":"","_tribe_ticket_header":"","_tribe_default_ticket_provider":"","_tribe_ticket_capacity":"0","_ticket_start_date":"","_ticket_end_date":"","_tribe_ticket_show_description":"","_tribe_ticket_show_not_going":false,"_tribe_ticket_use_global_stock":"","_tribe_ticket_global_stock_level":"","_global_stock_mode":"","_global_stock_cap":"","_tribe_rsvp_for_event":"","_tribe_ticket_going_count":"","_tribe_ticket_not_going_count":"","_tribe_tickets_list":"[]","_tribe_ticket_has_attendee_info_fields":false,"footnotes":""},"categories":[31],"tags":[],"class_list":["post-58746","post","type-post","status-publish","format-standard","has-post-thumbnail","hentry","category-konkurs"],"_links":{"self":[{"href":"https:\/\/biblioteka.szemud.pl\/index.php\/wp-json\/wp\/v2\/posts\/58746","targetHints":{"allow":["GET"]}}],"collection":[{"href":"https:\/\/biblioteka.szemud.pl\/index.php\/wp-json\/wp\/v2\/posts"}],"about":[{"href":"https:\/\/biblioteka.szemud.pl\/index.php\/wp-json\/wp\/v2\/types\/post"}],"author":[{"embeddable":true,"href":"https:\/\/biblioteka.szemud.pl\/index.php\/wp-json\/wp\/v2\/users\/10"}],"replies":[{"embeddable":true,"href":"https:\/\/biblioteka.szemud.pl\/index.php\/wp-json\/wp\/v2\/comments?post=58746"}],"version-history":[{"count":1,"href":"https:\/\/biblioteka.szemud.pl\/index.php\/wp-json\/wp\/v2\/posts\/58746\/revisions"}],"predecessor-version":[{"id":58748,"href":"https:\/\/biblioteka.szemud.pl\/index.php\/wp-json\/wp\/v2\/posts\/58746\/revisions\/58748"}],"wp:featuredmedia":[{"embeddable":true,"href":"https:\/\/biblioteka.szemud.pl\/index.php\/wp-json\/wp\/v2\/media\/58747"}],"wp:attachment":[{"href":"https:\/\/biblioteka.szemud.pl\/index.php\/wp-json\/wp\/v2\/media?parent=58746"}],"wp:term":[{"taxonomy":"category","embeddable":true,"href":"https:\/\/biblioteka.szemud.pl\/index.php\/wp-json\/wp\/v2\/categories?post=58746"},{"taxonomy":"post_tag","embeddable":true,"href":"https:\/\/biblioteka.szemud.pl\/index.php\/wp-json\/wp\/v2\/tags?post=58746"}],"curies":[{"name":"wp","href":"https:\/\/api.w.org\/{rel}","templated":true}]}}