{"id":58655,"date":"2024-12-17T10:15:08","date_gmt":"2024-12-17T09:15:08","guid":{"rendered":"https:\/\/biblioteka.szemud.pl\/?p=58655"},"modified":"2024-12-17T10:16:40","modified_gmt":"2024-12-17T09:16:40","slug":"mala-ksiazka-wielki-czlowiek-w-bibliotekach","status":"publish","type":"post","link":"https:\/\/biblioteka.szemud.pl\/index.php\/2024\/12\/17\/mala-ksiazka-wielki-czlowiek-w-bibliotekach\/","title":{"rendered":"\u201eMa\u0142a ksi\u0105\u017cka \u2013 wielki cz\u0142owiek\u201d w bibliotekach"},"content":{"rendered":"\n<p style=\"text-align: justify;\"><strong>W Bibliotekach Publicznych Gminy Szemud na wszystkich przedszkolak\u00f3w i ich rodzic\u00f3w czekaj\u0105 bezp\u0142atne Wyprawki Czytelnicze.<\/strong> Jeste\u015bmy jedn\u0105 z blisko 7000 bibliotek publicznych w Polsce, kt\u00f3re uczestnicz\u0105 w og\u00f3lnopolskiej kampanii \u201eMa\u0142a ksi\u0105\u017cka \u2013 wielki cz\u0142owiek\u201d organizowanej przez Instytut Ksi\u0105\u017cki. Wsp\u00f3lnie przekonujemy o tym, \u017ce nigdy nie jest za wcze\u015bnie, by zacz\u0105\u0107 czyta\u0107. Zapraszamy wszystkich przedszkolak\u00f3w do zapisania si\u0119 do biblioteki i wzi\u0119cia udzia\u0142u w akcji, kt\u00f3ra b\u0119dzie pocz\u0105tkiem ich czytelniczej przygody na ca\u0142e \u017cycie!\u00a0\u00a0<\/p>\n<p><strong>Jak to dzia\u0142a?<\/strong>\u00a0<\/p>\n<p style=\"text-align: justify;\">Ka\u017cdemu przedszkolakowi, kt\u00f3ry odwiedzi nasz\u0105 bibliotek\u0119 w towarzystwie rodzica lub opiekuna i zechce wzi\u0105\u0107 udzia\u0142 w akcji, wr\u0119czymy specjaln\u0105 Wyprawk\u0119 Czytelnicz\u0105 oraz Kart\u0119 Ma\u0142ego Czytelnika.\u00a0\u00a0<\/p>\n<p><strong>Czym jest Wyprawka Czytelnicza?<\/strong>\u00a0<\/p>\n<p style=\"text-align: justify;\">To zaproszenie dla rodzica i dziecka do wsp\u00f3lnej lektury dotycz\u0105cej wyj\u0105tkowych opowie\u015bci o bohaterach, <br \/>w kt\u00f3rych\u00a0najm\u0142odsi czytelnicy oraz ich doro\u015bli towarzysze mog\u0105 rozpozna\u0107 siebie. W sk\u0142ad Wyprawki Czytelniczej wchodzi ksi\u0105\u017cka pt. \u201eKrasnal w Krzywej Czapce<em>\u201d<\/em>, kt\u00f3r\u0105 napisa\u0142 znakomity autor literatury dzieci\u0119cej Wojciech Wid\u0142ak, a kt\u00f3r\u0105 pi\u0119knymi ilustracjami wzbogaci\u0142a Aleksandra Krzanowska.\u00a0\u00a0Ponadto w Wyprawce znalaz\u0142a si\u0119 broszura informacyjna dla rodzic\u00f3w, przedstawiaj\u0105ca korzy\u015bci p\u0142yn\u0105ce z\u00a0czytania od najm\u0142odszych lat dla rozwoju dziecka.<\/p>\n<p><strong>Do czego s\u0142u\u017cy Karta Ma\u0142ego Czytelnika?<\/strong>\u00a0<\/p>\n<p style=\"text-align: justify;\">Odebranie Wyprawki wraz z Kart\u0105 Ma\u0142ego Czytelnika to prawdziwy pocz\u0105tek czytelniczej przygody i zabawy. Przedszkolak, kt\u00f3ry do\u0142\u0105czy do akcji, za ka\u017cd\u0105 kolejn\u0105 wizyt\u0119 w bibliotece zako\u0144czon\u0105 wypo\u017cyczeniem minimum jednej ksi\u0105\u017cki z ksi\u0119gozbioru dzieci\u0119cego otrzyma naklejk\u0119. Po zebraniu dziesi\u0119ciu naklejek zostanie uhonorowany imiennym dyplomem potwierdzaj\u0105cym jego czytelnicze zainteresowania. Je\u015bli dziecko zechce kontynuowa\u0107 przygod\u0119, mo\u017ce otrzyma\u0107 w bibliotece now\u0105 Kart\u0119 Ma\u0142ego Czytelnika i jako cz\u0119sty go\u015b\u0107 kontynuowa\u0107 zbieranie naklejek. \u00a0<\/p>\n<p><strong>Dlaczego warto odwiedza\u0107 bibliotek\u0119 z dzieckiem?<\/strong>\u00a0<\/p>\n<ul>\n<li style=\"text-align: justify;\">Dziecko mo\u017ce pozna\u0107 wa\u017cne miejsce na mapie dzieci\u0144stwa \u2013 bibliotek\u0119 \u2013 i dzi\u0119ki temu wpe\u0142ni sta\u0107 si\u0119 uczestnikiem \u017cycia kulturalnego.\u00a0<\/li>\n<li style=\"text-align: justify;\">Biblioteki oferuj\u0105 nie tylko bezp\u0142atny dost\u0119p do ksi\u0105\u017cek, ale r\u00f3wnie\u017c szerok\u0105 ofert\u0119 kulturaln\u0105.Dzi\u0119ki temu zar\u00f3wno dzieci, jak i rodzice mog\u0105 bra\u0107 udzia\u0142 w rozmaitych zaj\u0119ciach, warsztatach i\u00a0wydarzeniach organizowanych przez bibliotekarzy.\u00a0<\/li>\n<li style=\"text-align: justify;\">Wizyty w bibliotece ucz\u0105 dzieci samodzielno\u015bci, dokonywania w\u0142asnych wybor\u00f3w oraz odpowiedzialno\u015bci za wypo\u017cyczon\u0105 ksi\u0105\u017ck\u0119.\u00a0<\/li>\n<\/ul>\n<p>\u00a0<\/p>\n<p>Pami\u0119tajcie, \u017ce mi\u0142o\u015b\u0107 do czytania jest prezentem na ca\u0142e \u017cycie!\u00a0\u00a0\u00a0\u00a0\u00a0\u00a0\u00a0\u00a0\u00a0\u00a0\u00a0\u00a0\u00a0\u00a0\u00a0\u00a0\u00a0\u00a0\u00a0\u00a0\u00a0\u00a0\u00a0\u00a0\u00a0\u00a0\u00a0\u00a0\u00a0\u00a0\u00a0\u00a0\u00a0\u00a0\u00a0\u00a0\u00a0\u00a0\u00a0\u00a0\u00a0\u00a0\u00a0\u00a0\u00a0\u00a0\u00a0\u00a0\u00a0\u00a0\u00a0\u00a0\u00a0\u00a0\u00a0\u00a0\u00a0 <\/p>\n<p style=\"text-align: right;\">\u00a0\u00a0\u00a0\u00a0\u00a0\u00a0\u00a0\u00a0\u00a0\u00a0\u00a0\u00a0\u00a0\u00a0\u00a0\u00a0\u00a0\u00a0\u00a0\u00a0\u00a0\u00a0\u00a0\u00a0\u00a0 \u00a0 \u00a0\u00a0\u00a0\u00a0\u00a0\u00a0\u00a0\u00a0\u00a0\u00a0\u00a0\u00a0\u00a0\u00a0\u00a0\u00a0\u00a0\u00a0\u00a0\u00a0\u00a0\u00a0\u00a0\u00a0\u00a0\u00a0\u00a0\u00a0\u00a0\u00a0\u00a0\u00a0\u00a0\u00a0\u00a0\u00a0\u00a0\u00a0\u00a0\u00a0\u00a0\u00a0\u00a0\u00a0\u00a0\u00a0\u00a0\u00a0\u00a0\u00a0\u00a0\u00a0\u00a0\u00a0\u00a0\u00a0\u00a0\u00a0\u00a0\u00a0\u00a0\u00a0\u00a0\u00a0\u00a0\u00a0\u00a0\u00a0\u00a0 <em>I.Piastowska<\/em>\u00a0\u00a0\u00a0\u00a0\u00a0\u00a0\u00a0\u00a0\u00a0\u00a0\u00a0\u00a0\u00a0\u00a0\u00a0\u00a0\u00a0\u00a0\u00a0\u00a0\u00a0\u00a0\u00a0\u00a0\u00a0\u00a0\u00a0\u00a0\u00a0\u00a0\u00a0\u00a0\u00a0\u00a0\u00a0\u00a0\u00a0\u00a0 \u00a0\u00a0\u00a0\u00a0\u00a0\u00a0\u00a0\u00a0\u00a0\u00a0\u00a0\u00a0 <\/p>\n<p>\u00a0<\/p>\n<p>***\u00a0<\/p>\n<p style=\"text-align: justify;\"><em>Kampania \u201eMa\u0142a ksi\u0105\u017cka \u2013 wielki cz\u0142owiek\u201d jest realizowana przez Instytut Ksi\u0105\u017cki ze<\/em><em>\u00a0<\/em><em>\u015brodk\u00f3w Ministerstwa Kultury i Dziedzictwa Narodowego.<\/em><em>\u00a0Kampania zosta\u0142a przygotowana w zwi\u0105zku z\u00a0og\u00f3lnopolsk\u0105 akcj\u0105, w ramach kt\u00f3rej specjalne Wyprawki Czytelnicze s\u0105 przekazywane: rodzicom nowo narodzonych dzieci w szpitalach po\u0142o\u017cniczych, \u00a0dzieciom w wieku przedszkolnym w bibliotekach publicznych, pierwszoklasistom w szko\u0142ach podstawowych w ca\u0142ej Polsce.<\/em><\/p>\n\n\n\n\n\n[ngg src=&#8221;albums&#8221; ids=&#8221;136,140&#8243; display=&#8221;compact_album&#8221;]\n","protected":false},"excerpt":{"rendered":"<div class=\"mh-excerpt\"><p>W Bibliotekach Publicznych Gminy Szemud na wszystkich przedszkolak\u00f3w i ich rodzic\u00f3w czekaj\u0105 bezp\u0142atne Wyprawki Czytelnicze. Jeste\u015bmy jedn\u0105 z blisko 7000 bibliotek publicznych w Polsce, kt\u00f3re <a class=\"mh-excerpt-more\" href=\"https:\/\/biblioteka.szemud.pl\/index.php\/2024\/12\/17\/mala-ksiazka-wielki-czlowiek-w-bibliotekach\/\" title=\"\u201eMa\u0142a ksi\u0105\u017cka \u2013 wielki cz\u0142owiek\u201d w bibliotekach\">[&#8230;]<\/a><\/p>\n<\/div>","protected":false},"author":10,"featured_media":56264,"comment_status":"closed","ping_status":"closed","sticky":false,"template":"","format":"standard","meta":{"_price":"","_stock":"","_tribe_ticket_header":"","_tribe_default_ticket_provider":"","_tribe_ticket_capacity":"0","_ticket_start_date":"","_ticket_end_date":"","_tribe_ticket_show_description":"","_tribe_ticket_show_not_going":false,"_tribe_ticket_use_global_stock":"","_tribe_ticket_global_stock_level":"","_global_stock_mode":"","_global_stock_cap":"","_tribe_rsvp_for_event":"","_tribe_ticket_going_count":"","_tribe_ticket_not_going_count":"","_tribe_tickets_list":"[]","_tribe_ticket_has_attendee_info_fields":false,"footnotes":""},"categories":[11],"tags":[],"class_list":["post-58655","post","type-post","status-publish","format-standard","has-post-thumbnail","hentry","category-inne"],"_links":{"self":[{"href":"https:\/\/biblioteka.szemud.pl\/index.php\/wp-json\/wp\/v2\/posts\/58655","targetHints":{"allow":["GET"]}}],"collection":[{"href":"https:\/\/biblioteka.szemud.pl\/index.php\/wp-json\/wp\/v2\/posts"}],"about":[{"href":"https:\/\/biblioteka.szemud.pl\/index.php\/wp-json\/wp\/v2\/types\/post"}],"author":[{"embeddable":true,"href":"https:\/\/biblioteka.szemud.pl\/index.php\/wp-json\/wp\/v2\/users\/10"}],"replies":[{"embeddable":true,"href":"https:\/\/biblioteka.szemud.pl\/index.php\/wp-json\/wp\/v2\/comments?post=58655"}],"version-history":[{"count":3,"href":"https:\/\/biblioteka.szemud.pl\/index.php\/wp-json\/wp\/v2\/posts\/58655\/revisions"}],"predecessor-version":[{"id":58658,"href":"https:\/\/biblioteka.szemud.pl\/index.php\/wp-json\/wp\/v2\/posts\/58655\/revisions\/58658"}],"wp:featuredmedia":[{"embeddable":true,"href":"https:\/\/biblioteka.szemud.pl\/index.php\/wp-json\/wp\/v2\/media\/56264"}],"wp:attachment":[{"href":"https:\/\/biblioteka.szemud.pl\/index.php\/wp-json\/wp\/v2\/media?parent=58655"}],"wp:term":[{"taxonomy":"category","embeddable":true,"href":"https:\/\/biblioteka.szemud.pl\/index.php\/wp-json\/wp\/v2\/categories?post=58655"},{"taxonomy":"post_tag","embeddable":true,"href":"https:\/\/biblioteka.szemud.pl\/index.php\/wp-json\/wp\/v2\/tags?post=58655"}],"curies":[{"name":"wp","href":"https:\/\/api.w.org\/{rel}","templated":true}]}}