{"id":57482,"date":"2024-11-25T14:27:22","date_gmt":"2024-11-25T13:27:22","guid":{"rendered":"https:\/\/biblioteka.szemud.pl\/?p=57482"},"modified":"2024-12-04T10:37:49","modified_gmt":"2024-12-04T09:37:49","slug":"konkursy-plastyczne","status":"publish","type":"post","link":"https:\/\/biblioteka.szemud.pl\/index.php\/2024\/11\/25\/konkursy-plastyczne\/","title":{"rendered":"KONKURSY PLASTYCZNE"},"content":{"rendered":"\n<p><strong>LEONA HEYKE OCZAMI DZIECI I M\u0141ODZIE\u017bY<\/strong><\/p>\n\n\n\n<p><strong>M\u00d3J \u015aWI\u0118TY JAN PAWE\u0141 II<\/strong><\/p>\n\n\n\n<p style=\"text-align: justify;\">Biblioteka Publiczna Gminy Szemud w m-cu pa\u017adzierniku wzorem lat ubieg\u0142ych og\u0142osi\u0142a dwa konkursy. Na oba konkursy plastyczne mieli\u015bmy ponad 130 prac, co nas oczywi\u015bcie bardzo ucieszy\u0142o. Daje nam to jasn\u0105 informacj\u0119, \u017ce warto organizowa\u0107 takie konkursy. S\u0105 one&nbsp; przecie\u017c form\u0105 przekazu czego\u015b istotnego, warto\u015bciowego, czego\u015b co niesie za sob\u0105 jak\u0105\u015b konkretn\u0105 tre\u015b\u0107.<\/p>\n<p style=\"text-align: justify;\">13.11.2024 r. w Bibliotece Publicznej w Szemudzie, komisja konkursowa w sk\u0142adzie:<\/p>\n<p style=\"text-align: justify;\">Karina Treder \u2013 przewodnicz\u0105ca, Joanna Formela, Gra\u017cyna Lis, Renata Czoska rozstrzygn\u0119\u0142a i&nbsp;wytypowa\u0142a najlepsze prace.<\/p>\n<p>&nbsp;<\/p>\n<p style=\"text-align: justify;\">Konkurs plastyczny <strong>\u201eLeon Heyke oczami dzieci i m\u0142odzie\u017cy\u201d<\/strong>, ks. dr. Leon Heyke jest g\u0142\u00f3wnym patronem naszej biblioteki. Poprzez ten konkurs chcieli\u015bmy dzieciom i m\u0142odzie\u017cy zwr\u00f3ci\u0107 uwag\u0119 na jego posta\u0107 i tw\u00f3rczo\u015b\u0107. Miesi\u0105c pa\u017adziernik jest zar\u00f3wno miesi\u0105cem jego urodzenia-&nbsp; 10 pa\u017adziernika 1885, jak i \u015bmierci -16 pa\u017adziernika 1939 r. Warto przy takich okazjach pochyli\u0107 si\u0119 nad jego postaci\u0105.<\/p>\n<p>Laureaci konkursu:<\/p>\n<p><strong>Kat. kl. I \u2013 III <\/strong><\/p>\n<p>I miejsce&nbsp;&nbsp;&nbsp;&nbsp;&nbsp;&nbsp;&nbsp;&nbsp; &#8211; &nbsp;&nbsp;&nbsp;&nbsp;&nbsp;&nbsp;&nbsp;&nbsp;&nbsp; Milena Pranszke ex aequo Laura Malinowska<\/p>\n<p>II miejsce&nbsp;&nbsp;&nbsp;&nbsp;&nbsp;&nbsp;&nbsp; &#8211; &nbsp;&nbsp;&nbsp;&nbsp;&nbsp;&nbsp;&nbsp;&nbsp;&nbsp; Oliwier Krampa<\/p>\n<p>III miejsce&nbsp;&nbsp;&nbsp;&nbsp;&nbsp;&nbsp; &#8211; &nbsp;&nbsp;&nbsp;&nbsp;&nbsp;&nbsp;&nbsp;&nbsp;&nbsp; Antoni Dawidowski<\/p>\n<p>&nbsp;<\/p>\n<p><strong>Kategoria klas IV \u2013 VI <\/strong><\/p>\n<p>I miejsce&nbsp;&nbsp;&nbsp;&nbsp;&nbsp;&nbsp;&nbsp;&nbsp; &#8211; &nbsp;&nbsp;&nbsp;&nbsp;&nbsp;&nbsp;&nbsp;&nbsp;&nbsp; Eliza Bia\u0142k<\/p>\n<p>II miejsce&nbsp;&nbsp;&nbsp;&nbsp;&nbsp;&nbsp;&nbsp; &#8211; &nbsp;&nbsp;&nbsp;&nbsp;&nbsp;&nbsp;&nbsp;&nbsp;&nbsp; Hanna Kreft ex aequo Weronika Czerwionka<\/p>\n<p>III miejsce&nbsp;&nbsp;&nbsp;&nbsp;&nbsp;&nbsp; &#8211; &nbsp;&nbsp;&nbsp;&nbsp;&nbsp;&nbsp;&nbsp;&nbsp;&nbsp; Eliza Waldowska ex aequo Alan Ostrowski<\/p>\n<p>Wyr\u00f3\u017cnienie:&nbsp;&nbsp;&nbsp;&nbsp;&nbsp;&nbsp;&nbsp;&nbsp;&nbsp;&nbsp;&nbsp;&nbsp;&nbsp; Maciej Trojanowski, Amelia G\u0142ombiowska<\/p>\n<p>&nbsp;<\/p>\n<p><strong>Kategoria klas VII \u2013 VIII <\/strong><\/p>\n<p>I miejsce&nbsp;&nbsp;&nbsp;&nbsp;&nbsp;&nbsp;&nbsp;&nbsp; &#8211; &nbsp;&nbsp;&nbsp;&nbsp;&nbsp;&nbsp;&nbsp;&nbsp;&nbsp; Kasjana Roda<\/p>\n<p>&nbsp;<\/p>\n<p style=\"text-align: justify;\">Kolejny konkurs plastyczny <strong>\u201eM\u00f3j \u015bwi\u0119ty Jan Pawe\u0142 II\u201d<\/strong> oczywi\u015bcie zwi\u0105zany jest z dniem 22 pa\u017adziernika,&nbsp; kt\u00f3ry to po\u015bwi\u0119cony jest Wielkiemu Papie\u017cowi Polakowi. Chcieliby\u015bmy, aby m\u0142odzi ludzie, kt\u00f3rym nie by\u0142o dane \u017cy\u0107 w czasach Papie\u017ca Polaka pochylili si\u0119 nad nauk\u0105 \u015aw. Jana Paw\u0142a II, kt\u00f3ra ukazuje ponadczasowe warto\u015bci, takie jak: przyja\u017a\u0144, mi\u0142o\u015b\u0107, szacunek dla ka\u017cdego cz\u0142owieka.<\/p>\n<p>Oto laureaci:<\/p>\n<p><strong>Kategoria I: Grupy przedszkolne i kl. \u201e0\u201d <\/strong><\/p>\n<p>I miejsce&nbsp;&nbsp;&nbsp;&nbsp;&nbsp;&nbsp;&nbsp;&nbsp; &#8211;&nbsp;&nbsp;&nbsp;&nbsp;&nbsp;&nbsp;&nbsp;&nbsp;&nbsp;&nbsp; Julia Pranszke<\/p>\n<p>II miejsce&nbsp;&nbsp;&nbsp;&nbsp;&nbsp;&nbsp;&nbsp; &#8211;&nbsp;&nbsp;&nbsp;&nbsp;&nbsp;&nbsp;&nbsp;&nbsp;&nbsp;&nbsp; Marika Meyer ex aequo Zuzanna Sychowska<\/p>\n<p>III miejsce&nbsp;&nbsp;&nbsp;&nbsp;&nbsp;&nbsp; &#8211;&nbsp;&nbsp;&nbsp;&nbsp;&nbsp;&nbsp;&nbsp;&nbsp;&nbsp;&nbsp; Artur Ostrowski<\/p>\n<p>Wyr\u00f3\u017cnienie:&nbsp;&nbsp;&nbsp;&nbsp;&nbsp;&nbsp;&nbsp;&nbsp;&nbsp;&nbsp;&nbsp;&nbsp;&nbsp; Emanuela Bach, Agata Goch, Sara Waldowska<\/p>\n<p><strong>Kategoria II: Kl. I <\/strong><strong>\u2013 III <\/strong><\/p>\n<p>I miejsce&nbsp;&nbsp;&nbsp;&nbsp;&nbsp;&nbsp;&nbsp;&nbsp; &#8211; &nbsp;&nbsp;&nbsp;&nbsp;&nbsp;&nbsp;&nbsp;&nbsp;&nbsp; Gabriel Bach<\/p>\n<p>II miejsce&nbsp;&nbsp;&nbsp;&nbsp;&nbsp;&nbsp;&nbsp; &#8211; &nbsp;&nbsp;&nbsp;&nbsp;&nbsp;&nbsp;&nbsp;&nbsp;&nbsp; Klaudia Matyjasik<\/p>\n<p>III miejsce&nbsp;&nbsp;&nbsp;&nbsp;&nbsp;&nbsp; &#8211; &nbsp;&nbsp;&nbsp;&nbsp;&nbsp;&nbsp;&nbsp;&nbsp;&nbsp; Szymon Trojanowski<\/p>\n<p>Wyr\u00f3\u017cnienie:&nbsp;&nbsp;&nbsp;&nbsp;&nbsp;&nbsp;&nbsp;&nbsp;&nbsp;&nbsp;&nbsp;&nbsp;&nbsp; Milena Pranszke, Amelia Jankowska, Kornelia Rohde<\/p>\n<p><strong>Kategoria III: Kl. IV \u2013 VIII <\/strong><\/p>\n<p>I miejsce&nbsp;&nbsp;&nbsp;&nbsp;&nbsp;&nbsp;&nbsp;&nbsp; &#8211;&nbsp;&nbsp;&nbsp;&nbsp;&nbsp;&nbsp;&nbsp;&nbsp;&nbsp;&nbsp; Tymoteusz Ju\u0144ski ex aequo Filip Trojanowski<\/p>\n<p>II miejsce&nbsp;&nbsp;&nbsp;&nbsp;&nbsp;&nbsp;&nbsp; &#8211; &nbsp;&nbsp;&nbsp;&nbsp;&nbsp;&nbsp;&nbsp;&nbsp;&nbsp; Marta Becker ex aequo Jakub Miotke<\/p>\n<p>III miejsce&nbsp;&nbsp;&nbsp;&nbsp;&nbsp;&nbsp; &#8211;&nbsp;&nbsp;&nbsp;&nbsp;&nbsp;&nbsp;&nbsp;&nbsp;&nbsp;&nbsp; Magdalena Szweda ex aequo Maciej Bach<\/p>\n<p>Wyr\u00f3\u017cnienie&nbsp;&nbsp; &#8211;&nbsp;&nbsp;&nbsp;&nbsp;&nbsp;&nbsp;&nbsp;&nbsp;&nbsp;&nbsp; Kalina Malz, Maciej Trojanowski<\/p>\n<p>&nbsp;<\/p>\n<p style=\"text-align: justify;\">Wr\u0119czenie nagr\u00f3d w konkursach odby\u0142o si\u0119 w Centrum Samorz\u0105dowym w Szemudzie, wszyscy z wielk\u0105 rado\u015bci\u0105 odbierali dyplomy i nagrody. Bardzo wszystkim GRATULUJEMY i zapraszamy do kolejnych naszych konkurs\u00f3w. Wszelkie informacje, co dzieje si\u0119 w&nbsp;Bibliotekach Publicznych&nbsp; znajdziecie na naszej stronie internetowej <a href=\"http:\/\/www.biblioteka.szemud.pl\">www.biblioteka.szemud.pl<\/a> jak i&nbsp;w&nbsp;miesi\u0119czniku Les\u00f4k. ZAPRASZAMY.<\/p>\n<p><em>&nbsp; &nbsp;<\/em><\/p>\n<p><em>&nbsp; &nbsp; &nbsp; &nbsp; &nbsp; &nbsp; &nbsp; &nbsp; &nbsp; &nbsp; &nbsp; &nbsp; &nbsp; &nbsp; &nbsp; &nbsp; &nbsp; &nbsp; &nbsp; &nbsp; &nbsp; &nbsp; &nbsp; &nbsp; &nbsp; &nbsp; &nbsp; &nbsp; &nbsp; &nbsp; &nbsp; &nbsp; &nbsp; &nbsp; &nbsp; &nbsp; &nbsp; &nbsp; &nbsp; &nbsp; &nbsp; &nbsp; &nbsp; &nbsp; &nbsp; &nbsp; &nbsp; &nbsp; &nbsp; &nbsp; &nbsp; &nbsp; &nbsp; &nbsp; &nbsp; &nbsp; &nbsp; &nbsp; &nbsp; I. Piastowska<\/em><\/p>\n\n\n\n[ngg src=&#8221;galleries&#8221; ids=&#8221;1845&#8243; display=&#8221;basic_thumbnail&#8221;]\n","protected":false},"excerpt":{"rendered":"<div class=\"mh-excerpt\"><p>LEONA HEYKE OCZAMI DZIECI I M\u0141ODZIE\u017bY M\u00d3J \u015aWI\u0118TY JAN PAWE\u0141 II Biblioteka Publiczna Gminy Szemud w m-cu pa\u017adzierniku wzorem lat ubieg\u0142ych og\u0142osi\u0142a dwa konkursy. Na <a class=\"mh-excerpt-more\" href=\"https:\/\/biblioteka.szemud.pl\/index.php\/2024\/11\/25\/konkursy-plastyczne\/\" title=\"KONKURSY PLASTYCZNE\">[&#8230;]<\/a><\/p>\n<\/div>","protected":false},"author":8,"featured_media":57519,"comment_status":"closed","ping_status":"closed","sticky":false,"template":"","format":"standard","meta":{"_price":"","_stock":"","_tribe_ticket_header":"","_tribe_default_ticket_provider":"","_tribe_ticket_capacity":"0","_ticket_start_date":"","_ticket_end_date":"","_tribe_ticket_show_description":"","_tribe_ticket_show_not_going":false,"_tribe_ticket_use_global_stock":"","_tribe_ticket_global_stock_level":"","_global_stock_mode":"","_global_stock_cap":"","_tribe_rsvp_for_event":"","_tribe_ticket_going_count":"","_tribe_ticket_not_going_count":"","_tribe_tickets_list":"[]","_tribe_ticket_has_attendee_info_fields":false,"footnotes":""},"categories":[31],"tags":[],"class_list":["post-57482","post","type-post","status-publish","format-standard","has-post-thumbnail","hentry","category-konkurs"],"_links":{"self":[{"href":"https:\/\/biblioteka.szemud.pl\/index.php\/wp-json\/wp\/v2\/posts\/57482","targetHints":{"allow":["GET"]}}],"collection":[{"href":"https:\/\/biblioteka.szemud.pl\/index.php\/wp-json\/wp\/v2\/posts"}],"about":[{"href":"https:\/\/biblioteka.szemud.pl\/index.php\/wp-json\/wp\/v2\/types\/post"}],"author":[{"embeddable":true,"href":"https:\/\/biblioteka.szemud.pl\/index.php\/wp-json\/wp\/v2\/users\/8"}],"replies":[{"embeddable":true,"href":"https:\/\/biblioteka.szemud.pl\/index.php\/wp-json\/wp\/v2\/comments?post=57482"}],"version-history":[{"count":2,"href":"https:\/\/biblioteka.szemud.pl\/index.php\/wp-json\/wp\/v2\/posts\/57482\/revisions"}],"predecessor-version":[{"id":57840,"href":"https:\/\/biblioteka.szemud.pl\/index.php\/wp-json\/wp\/v2\/posts\/57482\/revisions\/57840"}],"wp:featuredmedia":[{"embeddable":true,"href":"https:\/\/biblioteka.szemud.pl\/index.php\/wp-json\/wp\/v2\/media\/57519"}],"wp:attachment":[{"href":"https:\/\/biblioteka.szemud.pl\/index.php\/wp-json\/wp\/v2\/media?parent=57482"}],"wp:term":[{"taxonomy":"category","embeddable":true,"href":"https:\/\/biblioteka.szemud.pl\/index.php\/wp-json\/wp\/v2\/categories?post=57482"},{"taxonomy":"post_tag","embeddable":true,"href":"https:\/\/biblioteka.szemud.pl\/index.php\/wp-json\/wp\/v2\/tags?post=57482"}],"curies":[{"name":"wp","href":"https:\/\/api.w.org\/{rel}","templated":true}]}}