{"id":40416,"date":"2023-11-06T12:05:44","date_gmt":"2023-11-06T11:05:44","guid":{"rendered":"https:\/\/biblioteka.szemud.pl\/?p=40416"},"modified":"2023-11-06T12:05:46","modified_gmt":"2023-11-06T11:05:46","slug":"wieczor-kaszubski","status":"publish","type":"post","link":"https:\/\/biblioteka.szemud.pl\/index.php\/2023\/11\/06\/wieczor-kaszubski\/","title":{"rendered":"WIECZ\u00d3R KASZUBSKI"},"content":{"rendered":"\n\n\n<p style=\"text-align: justify;\">&nbsp;Z kronik Biblioteki Publicznej w Szemudzie wiemy, \u017ce I Wiecz\u00f3r Kaszubski odby\u0142 si\u0119 25 kwietnia 2014 roku. Pomys\u0142odawczyni\u0105 takich spotka\u0144 by\u0142a Pani Irena Piastowska, a z wielkim zaanga\u017cowaniem przy\u0142\u0105czyli si\u0119 w\u00f3wczas do organizacji ZKP ko\u0142o Szemud oraz dzia\u0142aj\u0105ce w\u00f3wczas Stowarzyszenie M\u0142odzi dla Regionu. Tematyka tych spotka\u0144 przez te kilka lat bywa\u0142a r\u00f3\u017cna, m.in. Lasy Kaszubskie; Jeziora Kaszubskie; Kuchnia kaszubska; Koleczkowianie; KGW Szemud i wiele innych. W 2019 r. w listopadzie mia\u0142 miejsce X Wiecz\u00f3r Kaszubski, a potem pandemia zatrzyma\u0142a nam czas na organizacj\u0119 tych wspania\u0142ych spotka\u0144. Ale mamy to ju\u017c za sob\u0105 i w\u0142a\u015bnie 19 pa\u017adziernika reaktywowali\u015bmy Wieczorki Kaszubskie wsp\u00f3lnie ZKP, Stowarzyszenie Lesok oraz Biblioteka Publiczna Gminy Szemud.<\/p>\n<p style=\"text-align: justify;\">Na zaproszenie prezesa ZKP Kazimierza Hermann tym razem go\u015bcili\u015bmy w Centrum Samorz\u0105dowym Tomasza Fopke, kt\u00f3ry nie wiadomo czy pami\u0119ta, ale by\u0142 uczestnikiem naszego I Wieczorku Kaszubskiego. Pan Tomasz jest znan\u0105 osobowo\u015bci\u0105 w naszym regionie, kompozytor i literat tworz\u0105cy g\u0142\u00f3wnie w j\u0119zyku kaszubskim. Animator kultury kaszubskiej, dzia\u0142acz spo\u0142eczny i samorz\u0105dowy; autor kilkunastu zbior\u00f3w literackich i \u015bpiewnik\u00f3w. <br>Pisze m.in. dla \u201ePomeranii\u201d: recenzje regionalnych \u015bpiewnik\u00f3w i p\u0142yt. T\u0142umaczy poezj\u0119 polsk\u0105 na j\u0119zyk kaszubski, m.in. Juliana Tuwima (N\u00f4sn\u00f4\u017cni\u00e9sz\u00e9 wi\u00e9rzt\u00eb dl\u00f4 dzecy) i Jana Brzechwy (Brzechwa dzecoma). Jego utwory i t\u0142umaczenia zosta\u0142y wpisane na list\u0119 lektur podstawy programowej kszta\u0142cenia w j\u0119zyku kaszubskim. Udziela swojego g\u0142osu jako lektor<br>(m.in. audiobooki: Hieronim Derdowski \u00d2 panu Cz\u00f4rli\u0144sczim, co do P\u00f9cka p\u00f2 sec\u00eb jach\u00f4\u0142 <br>i Aleksander Majkowski \u017b\u00ebc\u00e9 i przig\u00f2d\u00eb Rem\u00f9sa).<\/p>\n<p style=\"text-align: justify;\">Na spotkaniu to w\u0142a\u015bnie swoj\u0105 tw\u00f3rczo\u015b\u0107 nam przedstawia\u0142, w bardzo humorystyczny spos\u00f3b wi\u0119c nie raz na spotkaniu uczestnicy wybuchali gromkim \u015bmiechem. By\u0142a recytacja,<br>ale i&nbsp;wsp\u00f3lne \u015bpiewanie, rapowanie, hip-hop &#8211; oczywi\u015bcie wszystko po kaszubsku.<br>To by\u0142 bardzo mi\u0142o i weso\u0142o sp\u0119dzony czas. Bardzo dzi\u0119kujemy Panu Tomaszowi za przyj\u0119cie zaproszenia i&nbsp;przedstawienie swojej bogatej tw\u00f3rczo\u015bci literackiej, a tak\u017ce muzycznej.<\/p>\n<p style=\"text-align: justify;\">Warto te\u017c wspomnie\u0107, \u017ce na spotkanie przyby\u0142a do nas pani Daria Kaszubowska &#8211; pisarka ksi\u0105\u017cek, kt\u00f3re ciesz\u0105 si\u0119 ogromnym zainteresowaniem w\u015br\u00f3d czytelnik\u00f3w naszych bibliotek. Tematyka jest oczywi\u015bcie \u015bci\u015ble zwi\u0105zana z Kaszubami, m.in. <em>Serce na Kaszubach; Smak tabaki<\/em>; i r\u00f3wnie\u017c seria <em>Saga Kaszubska<\/em>. Bardzo ucieszy\u0142 nas taki go\u015b\u0107. Oczywi\u015bcie nawi\u0105zali\u015bmy wsp\u00f3\u0142prac\u0119 i kto wie, mo\u017ce nied\u0142ugo b\u0119dziemy go\u015bci\u0107 w\u0142a\u015bnie pani\u0105 Dari\u0119 na kolejnym naszym wieczorku.<\/p>\n<p>Dzi\u0119kujemy wszystkim za przybycie i do zobaczenia na kolejnych spotkaniach.<\/p>\n<p>&nbsp;&nbsp;&nbsp;&nbsp;&nbsp;&nbsp;&nbsp;&nbsp;&nbsp;&nbsp;&nbsp;&nbsp;&nbsp;&nbsp;&nbsp;&nbsp;&nbsp;&nbsp;&nbsp;&nbsp;&nbsp;&nbsp;&nbsp;&nbsp;&nbsp;&nbsp;&nbsp;&nbsp;&nbsp;&nbsp;&nbsp;&nbsp;&nbsp;&nbsp;&nbsp;&nbsp;&nbsp;&nbsp;&nbsp;&nbsp;&nbsp;&nbsp;&nbsp;&nbsp;&nbsp;&nbsp;&nbsp;&nbsp;&nbsp;&nbsp;&nbsp;&nbsp;&nbsp;&nbsp;&nbsp;&nbsp;&nbsp;&nbsp;&nbsp;&nbsp;&nbsp;&nbsp;&nbsp;&nbsp;&nbsp;&nbsp;&nbsp;&nbsp;&nbsp;&nbsp;&nbsp;&nbsp;&nbsp;&nbsp;&nbsp;&nbsp;&nbsp;&nbsp;&nbsp;&nbsp;&nbsp;&nbsp;&nbsp;&nbsp;&nbsp;&nbsp;&nbsp;&nbsp;&nbsp;&nbsp;&nbsp;&nbsp;&nbsp;&nbsp;&nbsp;&nbsp;&nbsp;&nbsp;&nbsp;&nbsp;&nbsp;&nbsp;&nbsp;&nbsp;&nbsp;&nbsp;&nbsp;&nbsp;&nbsp;&nbsp;&nbsp;&nbsp;&nbsp;&nbsp;&nbsp;&nbsp;&nbsp; &nbsp; &nbsp;&nbsp;&nbsp;&nbsp;&nbsp;<em>Iwona Piastowska<\/em><\/p>\n\n\n\n[ngg src=&#8221;galleries&#8221; ids=&#8221;1323&#8243; display=&#8221;basic_thumbnail&#8221;]\n","protected":false},"excerpt":{"rendered":"<div class=\"mh-excerpt\"><p>&nbsp;Z kronik Biblioteki Publicznej w Szemudzie wiemy, \u017ce I Wiecz\u00f3r Kaszubski odby\u0142 si\u0119 25 kwietnia 2014 roku. Pomys\u0142odawczyni\u0105 takich spotka\u0144 by\u0142a Pani Irena Piastowska, a <a class=\"mh-excerpt-more\" href=\"https:\/\/biblioteka.szemud.pl\/index.php\/2023\/11\/06\/wieczor-kaszubski\/\" title=\"WIECZ\u00d3R KASZUBSKI\">[&#8230;]<\/a><\/p>\n<\/div>","protected":false},"author":8,"featured_media":40438,"comment_status":"closed","ping_status":"closed","sticky":false,"template":"","format":"standard","meta":{"_price":"","_stock":"","_tribe_ticket_header":"","_tribe_default_ticket_provider":"","_tribe_ticket_capacity":"0","_ticket_start_date":"","_ticket_end_date":"","_tribe_ticket_show_description":"","_tribe_ticket_show_not_going":false,"_tribe_ticket_use_global_stock":"","_tribe_ticket_global_stock_level":"","_global_stock_mode":"","_global_stock_cap":"","_tribe_rsvp_for_event":"","_tribe_ticket_going_count":"","_tribe_ticket_not_going_count":"","_tribe_tickets_list":"[]","_tribe_ticket_has_attendee_info_fields":false,"footnotes":""},"categories":[10],"tags":[],"class_list":["post-40416","post","type-post","status-publish","format-standard","has-post-thumbnail","hentry","category-wieczor-kaszubski"],"_links":{"self":[{"href":"https:\/\/biblioteka.szemud.pl\/index.php\/wp-json\/wp\/v2\/posts\/40416","targetHints":{"allow":["GET"]}}],"collection":[{"href":"https:\/\/biblioteka.szemud.pl\/index.php\/wp-json\/wp\/v2\/posts"}],"about":[{"href":"https:\/\/biblioteka.szemud.pl\/index.php\/wp-json\/wp\/v2\/types\/post"}],"author":[{"embeddable":true,"href":"https:\/\/biblioteka.szemud.pl\/index.php\/wp-json\/wp\/v2\/users\/8"}],"replies":[{"embeddable":true,"href":"https:\/\/biblioteka.szemud.pl\/index.php\/wp-json\/wp\/v2\/comments?post=40416"}],"version-history":[{"count":1,"href":"https:\/\/biblioteka.szemud.pl\/index.php\/wp-json\/wp\/v2\/posts\/40416\/revisions"}],"predecessor-version":[{"id":40446,"href":"https:\/\/biblioteka.szemud.pl\/index.php\/wp-json\/wp\/v2\/posts\/40416\/revisions\/40446"}],"wp:featuredmedia":[{"embeddable":true,"href":"https:\/\/biblioteka.szemud.pl\/index.php\/wp-json\/wp\/v2\/media\/40438"}],"wp:attachment":[{"href":"https:\/\/biblioteka.szemud.pl\/index.php\/wp-json\/wp\/v2\/media?parent=40416"}],"wp:term":[{"taxonomy":"category","embeddable":true,"href":"https:\/\/biblioteka.szemud.pl\/index.php\/wp-json\/wp\/v2\/categories?post=40416"},{"taxonomy":"post_tag","embeddable":true,"href":"https:\/\/biblioteka.szemud.pl\/index.php\/wp-json\/wp\/v2\/tags?post=40416"}],"curies":[{"name":"wp","href":"https:\/\/api.w.org\/{rel}","templated":true}]}}