{"id":40404,"date":"2023-11-04T12:29:34","date_gmt":"2023-11-04T11:29:34","guid":{"rendered":"https:\/\/biblioteka.szemud.pl\/?p=40404"},"modified":"2023-11-06T16:22:50","modified_gmt":"2023-11-06T15:22:50","slug":"wyniki-vi-konkursu-fotografii-na-pocztowke-wspomnienie-z-wakacji","status":"publish","type":"post","link":"https:\/\/biblioteka.szemud.pl\/index.php\/2023\/11\/04\/wyniki-vi-konkursu-fotografii-na-pocztowke-wspomnienie-z-wakacji\/","title":{"rendered":"Wyniki VI Konkursu Fotografii Na Poczt\u00f3wk\u0119 \u201eWspomnienie Z Wakacji\u201d"},"content":{"rendered":"\n\n\n<p style=\"text-align: justify;\">Dnia 24.10.2023r. w Bibliotece Publicznej Gminy Szemud, komisja konkursowa w sk\u0142adzie:<\/p>\n<p style=\"text-align: justify;\">Anna Kowalewska &#8211; przewodnicz\u0105ca<\/p>\n<p>Iwona Piastowska<\/p>\n<p>Renata Czoska<\/p>\n<p style=\"text-align: justify;\">rozstrzygn\u0119\u0142a i wytypowa\u0142a laureat\u00f3w konkursu fotograficznego:<\/p>\n<p>&nbsp;<\/p>\n<p><strong>Kat. kl. I \u2013 IV <\/strong>( 5 uczestnik\u00f3w)<\/p>\n<p>I miejsce&nbsp;&nbsp;&nbsp;&nbsp;&nbsp;&nbsp;&nbsp;&nbsp;&nbsp; &#8211;&nbsp;&nbsp;&nbsp;&nbsp;&nbsp;&nbsp;&nbsp;&nbsp;&nbsp; Tomasz Kahs<\/p>\n<p>II miejsce&nbsp;&nbsp;&nbsp;&nbsp;&nbsp;&nbsp;&nbsp;&nbsp; &#8211;&nbsp;&nbsp;&nbsp;&nbsp;&nbsp;&nbsp;&nbsp;&nbsp;&nbsp; Weronika Ptach&nbsp; ex aequo Mateusz Ptach<\/p>\n<p>III miejsce &nbsp;&nbsp;&nbsp;&nbsp;&nbsp;&nbsp; &#8211; &nbsp;&nbsp;&nbsp;&nbsp;&nbsp;&nbsp;&nbsp;&nbsp; Cassidy Victoria Rompczyk<\/p>\n<p>Wyr\u00f3\u017cnienie:&nbsp;&nbsp;&nbsp; Ludwik Lewna<\/p>\n<p><strong>Kategoria klas V \u2013 VIII <\/strong>( 3 uczestnik\u00f3w)<\/p>\n<p>I miejsce&nbsp;&nbsp;&nbsp;&nbsp;&nbsp;&nbsp;&nbsp;&nbsp;&nbsp; &#8211; &nbsp;&nbsp;&nbsp;&nbsp;&nbsp;&nbsp;&nbsp;&nbsp; Jakub Piastowski<\/p>\n<p>II miejsce&nbsp;&nbsp;&nbsp;&nbsp;&nbsp;&nbsp;&nbsp;&nbsp; &#8211; &nbsp;&nbsp;&nbsp;&nbsp;&nbsp;&nbsp;&nbsp;&nbsp; Patrycja Kahs<\/p>\n<p>III miejsce&nbsp;&nbsp;&nbsp;&nbsp;&nbsp;&nbsp;&nbsp; &#8211; &nbsp;&nbsp;&nbsp;&nbsp;&nbsp;&nbsp;&nbsp;&nbsp; Tomasz Tokaj&nbsp;<\/p>\n<p><strong>Kategoria M\u0142odzie\u017c&nbsp;&nbsp; <\/strong>( 3 uczestnik\u00f3w)<\/p>\n<p>I miejsce&nbsp;&nbsp;&nbsp;&nbsp;&nbsp;&nbsp;&nbsp;&nbsp;&nbsp; &#8211;&nbsp;&nbsp;&nbsp;&nbsp;&nbsp;&nbsp;&nbsp;&nbsp;&nbsp; Sandra Ptach<\/p>\n<p>II miejsce&nbsp;&nbsp;&nbsp;&nbsp;&nbsp;&nbsp;&nbsp;&nbsp; &#8211;&nbsp;&nbsp;&nbsp;&nbsp;&nbsp;&nbsp;&nbsp;&nbsp;&nbsp; Michalina Czoska<\/p>\n<p>III miejsce&nbsp;&nbsp;&nbsp;&nbsp;&nbsp;&nbsp;&nbsp; &#8211; &nbsp;&nbsp;&nbsp;&nbsp;&nbsp;&nbsp;&nbsp;&nbsp; Wioleta Lis<strong>&nbsp;&nbsp;&nbsp;&nbsp;&nbsp; <\/strong><\/p>\n<p><strong>Kategoria Doro\u015bli <\/strong>&nbsp;&nbsp;&nbsp; ( 2 uczestnik\u00f3w)<\/p>\n<p>I miejsce&nbsp;&nbsp;&nbsp;&nbsp;&nbsp;&nbsp;&nbsp;&nbsp;&nbsp; &#8211; &nbsp;&nbsp;&nbsp;&nbsp;&nbsp;&nbsp;&nbsp;&nbsp; Anna Tokaj<\/p>\n<p>II miejsce&nbsp;&nbsp;&nbsp;&nbsp;&nbsp;&nbsp;&nbsp;&nbsp; &#8211; &nbsp;&nbsp;&nbsp;&nbsp;&nbsp;&nbsp;&nbsp;&nbsp; Wojciech Malinowski<\/p>\n<p><b>Rozdanie nagr\u00f3d odb\u0119dzie si\u0119 14.11 o godz. 16.00 w bibliotece w Szemudzie.<\/b><\/p>\n","protected":false},"excerpt":{"rendered":"<div class=\"mh-excerpt\"><p>Dnia 24.10.2023r. w Bibliotece Publicznej Gminy Szemud, komisja konkursowa w sk\u0142adzie: Anna Kowalewska &#8211; przewodnicz\u0105ca Iwona Piastowska Renata Czoska rozstrzygn\u0119\u0142a i wytypowa\u0142a laureat\u00f3w konkursu fotograficznego: <a class=\"mh-excerpt-more\" href=\"https:\/\/biblioteka.szemud.pl\/index.php\/2023\/11\/04\/wyniki-vi-konkursu-fotografii-na-pocztowke-wspomnienie-z-wakacji\/\" title=\"Wyniki VI Konkursu Fotografii Na Poczt\u00f3wk\u0119 \u201eWspomnienie Z Wakacji\u201d\">[&#8230;]<\/a><\/p>\n<\/div>","protected":false},"author":8,"featured_media":17503,"comment_status":"closed","ping_status":"closed","sticky":false,"template":"","format":"standard","meta":{"_price":"","_stock":"","_tribe_ticket_header":"","_tribe_default_ticket_provider":"","_tribe_ticket_capacity":"0","_ticket_start_date":"","_ticket_end_date":"","_tribe_ticket_show_description":"","_tribe_ticket_show_not_going":false,"_tribe_ticket_use_global_stock":"","_tribe_ticket_global_stock_level":"","_global_stock_mode":"","_global_stock_cap":"","_tribe_rsvp_for_event":"","_tribe_ticket_going_count":"","_tribe_ticket_not_going_count":"","_tribe_tickets_list":"[]","_tribe_ticket_has_attendee_info_fields":false,"footnotes":""},"categories":[31],"tags":[],"class_list":["post-40404","post","type-post","status-publish","format-standard","has-post-thumbnail","hentry","category-konkurs"],"_links":{"self":[{"href":"https:\/\/biblioteka.szemud.pl\/index.php\/wp-json\/wp\/v2\/posts\/40404","targetHints":{"allow":["GET"]}}],"collection":[{"href":"https:\/\/biblioteka.szemud.pl\/index.php\/wp-json\/wp\/v2\/posts"}],"about":[{"href":"https:\/\/biblioteka.szemud.pl\/index.php\/wp-json\/wp\/v2\/types\/post"}],"author":[{"embeddable":true,"href":"https:\/\/biblioteka.szemud.pl\/index.php\/wp-json\/wp\/v2\/users\/8"}],"replies":[{"embeddable":true,"href":"https:\/\/biblioteka.szemud.pl\/index.php\/wp-json\/wp\/v2\/comments?post=40404"}],"version-history":[{"count":3,"href":"https:\/\/biblioteka.szemud.pl\/index.php\/wp-json\/wp\/v2\/posts\/40404\/revisions"}],"predecessor-version":[{"id":40466,"href":"https:\/\/biblioteka.szemud.pl\/index.php\/wp-json\/wp\/v2\/posts\/40404\/revisions\/40466"}],"wp:featuredmedia":[{"embeddable":true,"href":"https:\/\/biblioteka.szemud.pl\/index.php\/wp-json\/wp\/v2\/media\/17503"}],"wp:attachment":[{"href":"https:\/\/biblioteka.szemud.pl\/index.php\/wp-json\/wp\/v2\/media?parent=40404"}],"wp:term":[{"taxonomy":"category","embeddable":true,"href":"https:\/\/biblioteka.szemud.pl\/index.php\/wp-json\/wp\/v2\/categories?post=40404"},{"taxonomy":"post_tag","embeddable":true,"href":"https:\/\/biblioteka.szemud.pl\/index.php\/wp-json\/wp\/v2\/tags?post=40404"}],"curies":[{"name":"wp","href":"https:\/\/api.w.org\/{rel}","templated":true}]}}