{"id":38453,"date":"2023-09-21T13:05:33","date_gmt":"2023-09-21T11:05:33","guid":{"rendered":"https:\/\/biblioteka.szemud.pl\/?p=38453"},"modified":"2023-09-21T13:05:35","modified_gmt":"2023-09-21T11:05:35","slug":"wrzesniowe-wycieczki-w-stowarzyszeniu-lesok","status":"publish","type":"post","link":"https:\/\/biblioteka.szemud.pl\/index.php\/2023\/09\/21\/wrzesniowe-wycieczki-w-stowarzyszeniu-lesok\/","title":{"rendered":"Wrze\u015bniowe wycieczki w Stowarzyszeniu Les\u00f4k"},"content":{"rendered":"<p style=\"text-align: justify;\">Ju\u017c 5 wrze\u015bnia cz\u0142onkowie Stowarzyszenia wybrali si\u0119 na odpust do Swarzewa, jest to ju\u017c tradycj\u0105 w naszym Stowarzyszeniu. W tym dniu modlimy si\u0119 za osoby chore, a po mszy \u015bwi\u0119tej biskup udziela sakramentu namaszczenia chorych. W drodze powrotnej jest czas na kaw\u0119, co\u015b s\u0142odkiego i rozmowy w plenerze. Dzi\u0119kujemy uczestnikom oraz Paniom za pyszno\u015bci. <br>Natomiast 15 wrze\u015bnia cz\u0142onkowie Stowarzyszenie Les\u00f4k oraz Zrzeszenia Kaszubsko-Pomorskiego o\/Szemud wyruszyli na dwudniow\u0105 wycieczk\u0119: Wilczy Szaniec \u2013 Suwa\u0142ki \u2013 Kowno. Inspiracj\u0105 tego\u017c wyjazdu by\u0142a lektura tegorocznej ods\u0142ony Narodowego Czytania \u2013 Nad Niemnem i&nbsp;tam te\u017c si\u0119 wybrali\u015bmy do Kowna, gdzie jest uj\u015bcie Wilii do Niemna.<br>Wcze\u015bnie rano 50-osobowa grupa z bardzo dobrym humorem wyruszy\u0142a na nasz\u0105 wypraw\u0119. Pierwszym przystankiem by\u0142 Wilczy Szaniec w miejscowo\u015bci Gier\u0142o\u017c, tam czeka\u0142 ju\u017c na nas Pan przewodnik, kt\u00f3ry w bardzo ciekawy spos\u00f3b opowiedzia\u0142 nam o tym miejscu. Dowiedzieli\u015bmy si\u0119, jak i kiedy powsta\u0142a ta kwatera g\u0142\u00f3wna Hitlera, a mianowicie: Wczesn\u0105 jesieni\u0105 1940 roku do gier\u0142oskiego lasu przybyli wysocy oficerowie Naczelnego Dow\u00f3dztwa Wehrmachtu wraz z&nbsp;dr.&nbsp;Fritzem Todtem, niemieckim in\u017cynierem i hitlerowskim dzia\u0142aczem pa\u0144stwowym, w&nbsp;poszukiwaniu lokalizacji pod budow\u0119 Kwatery G\u0142\u00f3wnej Wodza. By\u0142o to idealne miejsce, spe\u0142niaj\u0105ce wszystkie warunki, kt\u00f3re zapewnia\u0142y F\u00fcrerowi i jego najbli\u017cszym wsp\u00f3\u0142pracownikom bezpiecze\u0144stwo, ale te\u017c pozwala\u0142o na sprawne kierowanie dzia\u0142aniami na froncie wschodnim. Prace budowlane rozpocz\u0119to w listopadzie 1940 roku pod pretekstem budowy zak\u0142ad\u00f3w chemicznych \u201eAskania\u201d. Na powierzchni 250 ha powsta\u0142o oko\u0142o 200 obiekt\u00f3w. By\u0142y to schrony przeciwlotnicze, obiekty o&nbsp;l\u017cejszej konstrukcji z betonu i ceg\u0142y oraz baraki drewniane. Kwatera dysponowa\u0142a dwoma l\u0105dowiskami i dworcem kolejowym. Teren by\u0142 doskonale zamaskowany i&nbsp;strze\u017cony. Spokoju mieszka\u0144c\u00f3w i go\u015bci \u201eWilczego Sza\u0144ca\u201d strzeg\u0142y umieszczone na schronach ci\u0119\u017ckich stanowiska obrony przeciwlotniczej, pola minowe, zasieki z drutu kolczastego oraz posterunki sta\u0142e i ruchome.<br>Nowoczesne urz\u0105dzenia techniczne, instalacja wodoci\u0105gowa, kanalizacja, oczyszczalnia \u015bciek\u00f3w, doskona\u0142a jak na owe czasy \u0142\u0105czno\u015b\u0107, asfaltowe i betonowe drogi, o\u015bwietlone latarniami, fryzjer, sauna, kino, herbaciarnie, to wszystko sprawia\u0142o, \u017ce \u201eWilczy Szaniec\u201dby\u0142 samowystarczalnym le\u015bnym miasteczkiem. Wydawa\u0142oby si\u0119, \u017ce \u017cycie toczy\u0142o si\u0119 tu spokojnie i beztrosko, a wojna by\u0142a czym\u015b odleg\u0142ym. Jednak to z tego miejsca &#8222;p\u0142yn\u0119\u0142y&#8221; zbrodnicze rozkazy, kt\u00f3re odebra\u0142y \u017cycie milionom ludzi i zmieni\u0142y na zawsze bieg historii. To w tym miejscu 20 lipca 1944 roku mia\u0142 miejsce nieudany zamach na \u017cycie Adolfa Hitlera dokonany przez pu\u0142kownika Clausa von Stauffenberga.<br>W obliczu zagro\u017cenia atakiem zbli\u017caj\u0105cych si\u0119 wojsk radzieckich, 20 listopada 1944 roku Adolf Hitler bezpowrotnie opu\u015bci\u0142 \u201eWilczy Szaniec\u201d. Dwa dni p\u00f3\u017aniej feldmarsza\u0142ek Wilhelm Keitel wyda\u0142 rozkaz zniszczenia \u201eWilczego Sza\u0144ca\u201d, pod kryptonimem: \u201eWysadzenie Wyspy\u201d.<br>Ka\u017cdy by\u0142 pod ogromnym wra\u017ceniem zagospodarowania tego terenu, kt\u00f3rym zajmuj\u0105 si\u0119 Lasy Pa\u0144stwowe, w bardzo ciekawy spos\u00f3b s\u0105 przygotowane ekspozycje ukazuj\u0105ce, jak funkcjonowa\u0142a ta baza.<br>Nast\u0119pnie wyruszyli\u015bmy do Suwa\u0142k, gdzie czeka\u0142 nas nocleg. Kto mia\u0142 jeszcze ochot\u0119, wyruszy\u0142 na wieczorne zwiedzanie Suwa\u0142k. A rano wyruszyli\u015bmy do Kowna, kt\u00f3re r\u00f3wnie\u017c nas bardzo pozytywnie zaskoczy\u0142o. Kowno to drugie co do wielko\u015bci miasto Litwy. Le\u017cy nad Wili\u0105, kt\u00f3ra w\u0142a\u015bnie tutaj uchodzi do najwi\u0119kszej rzeki kraju, czyli Niemna. Do 1918 roku Kowno by\u0142o miastem granicznym, a jego lewobrze\u017cna cz\u0119\u015b\u0107 znajdowa\u0142a si\u0119 w Kr\u00f3lestwie Polskim. Wszyscy zgodnie stwierdzili\u015bmy, \u017ce jest to bardzo nowoczesne miasto. Jego uliczki przepe\u0142nione s\u0105 starymi kamienicami i klimatycznymi kawiarenkami. Tu przywita\u0142a nas Pani przewodnik, kt\u00f3ra w spos\u00f3b bardzo ciekawy, weso\u0142y przeprowadzi\u0142a nas przez to pi\u0119kne miasto, gdzie wszystko mie\u015bci si\u0119 blisko siebie i \u015bmia\u0142o mo\u017cna przej\u015b\u0107 je pieszo. Najpierw zobaczyli\u015bmy zamek, jest to nie tylko najstarszy murowany zamek na Litwie, ale i jedyny z a\u017c 2 rz\u0119dami mur\u00f3w obronnych. Stoi tam r\u00f3wnie\u017c pot\u0119\u017cny pomnik litewskiego wojownika na koniu. Z drugiej strony zamku jest pi\u0119kny gotycki ko\u015bci\u00f3\u0142 \u015bw. Jerzego. Teren wok\u00f3\u0142 zamku otacza uroczy park Santaka.<br>Na Rynku w Kownie stoi wysoki \u015bnie\u017cnobia\u0142y budynek \u2014 ratusz, kt\u00f3ry niczym bia\u0142y \u0142ab\u0119d\u017a dumnie przysiad\u0142 w centrum miasta. Z Rynku wyruszyli\u015bmy eleganck\u0105, bardzo reprezentacyjn\u0105 i co ciekawe najstarsz\u0105 ulic\u0105 miasta, czyli Vilniaus. Ju\u017c na jej pocz\u0105tku weszli\u015bmy do przepi\u0119knej katedry \u015bw. Aposto\u0142\u00f3w Piotra i Paw\u0142a. Jej wn\u0119trze i zdobienia wr\u0119cz onie\u015bmielaj\u0105, a w \u015bwi\u0105tyni jest a\u017c 9 o\u0142tarzy.<br>Chodzenie po tych pi\u0119knych klimatycznych uliczkach, gdzie s\u0105 kawiarenki, restauracje wszystkim bardzo si\u0119 podoba\u0142o. Jednak nie mog\u0142o zabrakn\u0105\u0107 wizyty na tradycyjnym rynku, aby zakupi\u0107 regionalne przysmaki, jak i wizyty w sklepie aby zaopatrzy\u0107 si\u0119 w litewskie trunki.<br>I tak po po\u0142udniu wyruszyli\u015bmy w drog\u0119 powrotn\u0105 do naszej kochanej gminy Szemud. Atmosfera by\u0142a tak przyjazna, wszyscy byli wobec siebie tak \u017cyczliwi, za co jako organizatorzy bardzo dzi\u0119kujemy.<br>Wyjazd ten r\u00f3wnie\u017c by\u0142 dofinansowany z pozyskanych przez Stowarzyszenie \u015brodk\u00f3w w ramach dotacji z Urz\u0119du Gminy na realizacj\u0119 zadania publicznego &#8211; dzi\u0119kujemy za zrozumienie naszych potrzeb. <br>&nbsp;&nbsp;&nbsp;&nbsp;&nbsp;&nbsp;&nbsp;&nbsp;&nbsp;&nbsp;&nbsp;&nbsp;&nbsp;&nbsp;&nbsp;&nbsp;&nbsp;&nbsp;&nbsp;&nbsp;&nbsp;&nbsp;&nbsp;&nbsp;&nbsp;&nbsp;&nbsp;&nbsp;&nbsp;&nbsp;&nbsp;&nbsp;&nbsp;&nbsp;&nbsp;&nbsp;&nbsp;&nbsp;&nbsp;&nbsp;&nbsp;&nbsp;&nbsp;&nbsp;&nbsp;&nbsp;&nbsp;&nbsp;&nbsp;&nbsp;&nbsp;&nbsp;&nbsp;&nbsp;&nbsp;&nbsp;&nbsp;&nbsp;&nbsp;&nbsp;&nbsp;&nbsp;&nbsp;&nbsp;&nbsp;&nbsp;&nbsp;&nbsp;&nbsp;&nbsp;&nbsp;&nbsp;&nbsp;&nbsp;&nbsp;&nbsp;&nbsp;&nbsp;&nbsp;&nbsp;&nbsp;&nbsp;&nbsp;&nbsp;&nbsp;&nbsp;&nbsp;&nbsp;&nbsp;&nbsp;&nbsp;&nbsp;&nbsp;&nbsp;&nbsp;&nbsp;&nbsp;&nbsp;&nbsp;&nbsp;&nbsp;&nbsp;&nbsp;&nbsp;&nbsp;&nbsp;&nbsp;&nbsp;&nbsp;&nbsp;&nbsp;&nbsp;&nbsp;&nbsp;&nbsp;&nbsp;&nbsp;&nbsp;&nbsp;&nbsp;&nbsp;&nbsp;&nbsp;&nbsp;&nbsp;&nbsp;&nbsp;&nbsp; &nbsp;<\/p>\n<p style=\"text-align: justify;\">&nbsp;&nbsp;&nbsp;&nbsp;&nbsp;&nbsp;&nbsp;&nbsp;&nbsp;&nbsp;&nbsp;&nbsp;&nbsp;&nbsp;&nbsp;&nbsp;&nbsp;&nbsp;&nbsp;&nbsp;&nbsp;&nbsp;&nbsp;&nbsp;&nbsp;&nbsp;&nbsp;&nbsp;&nbsp;&nbsp;&nbsp;&nbsp;&nbsp;&nbsp;&nbsp;&nbsp;&nbsp;&nbsp;&nbsp;&nbsp;&nbsp;&nbsp;&nbsp;&nbsp;&nbsp;&nbsp;&nbsp;&nbsp;&nbsp;&nbsp;&nbsp;&nbsp;&nbsp;&nbsp;&nbsp;&nbsp;&nbsp;&nbsp;&nbsp;&nbsp;&nbsp;&nbsp;&nbsp;&nbsp;&nbsp;&nbsp;&nbsp;&nbsp;&nbsp;&nbsp;&nbsp;&nbsp;&nbsp;&nbsp;&nbsp;&nbsp;&nbsp;&nbsp;&nbsp;&nbsp;&nbsp;&nbsp;&nbsp;&nbsp;&nbsp;&nbsp;&nbsp;&nbsp;&nbsp;&nbsp;&nbsp;&nbsp;&nbsp;&nbsp;&nbsp;&nbsp;&nbsp;&nbsp;&nbsp;&nbsp;&nbsp;&nbsp;&nbsp;&nbsp;&nbsp;&nbsp;&nbsp;&nbsp;&nbsp;&nbsp;&nbsp;&nbsp;&nbsp;&nbsp;&nbsp;&nbsp;&nbsp;&nbsp;&nbsp;&nbsp;&nbsp;&nbsp;&nbsp;&nbsp;&nbsp;&nbsp;&nbsp;&nbsp;&nbsp;&nbsp;&nbsp;&nbsp; Iwona Piastowska<\/p>\n\n\n[ngg src=&#8221;galleries&#8221; ids=&#8221;1283&#8243; display=&#8221;basic_thumbnail&#8221;]\n","protected":false},"excerpt":{"rendered":"<div class=\"mh-excerpt\"><p>Ju\u017c 5 wrze\u015bnia cz\u0142onkowie Stowarzyszenia wybrali si\u0119 na odpust do Swarzewa, jest to ju\u017c tradycj\u0105 w naszym Stowarzyszeniu. W tym dniu modlimy si\u0119 za osoby <a class=\"mh-excerpt-more\" href=\"https:\/\/biblioteka.szemud.pl\/index.php\/2023\/09\/21\/wrzesniowe-wycieczki-w-stowarzyszeniu-lesok\/\" title=\"Wrze\u015bniowe wycieczki w Stowarzyszeniu Les\u00f4k\">[&#8230;]<\/a><\/p>\n<\/div>","protected":false},"author":8,"featured_media":38454,"comment_status":"closed","ping_status":"closed","sticky":false,"template":"","format":"standard","meta":{"_price":"","_stock":"","_tribe_ticket_header":"","_tribe_default_ticket_provider":"","_tribe_ticket_capacity":"0","_ticket_start_date":"","_ticket_end_date":"","_tribe_ticket_show_description":"","_tribe_ticket_show_not_going":false,"_tribe_ticket_use_global_stock":"","_tribe_ticket_global_stock_level":"","_global_stock_mode":"","_global_stock_cap":"","_tribe_rsvp_for_event":"","_tribe_ticket_going_count":"","_tribe_ticket_not_going_count":"","_tribe_tickets_list":"[]","_tribe_ticket_has_attendee_info_fields":false,"footnotes":""},"categories":[11],"tags":[],"class_list":["post-38453","post","type-post","status-publish","format-standard","has-post-thumbnail","hentry","category-inne"],"_links":{"self":[{"href":"https:\/\/biblioteka.szemud.pl\/index.php\/wp-json\/wp\/v2\/posts\/38453","targetHints":{"allow":["GET"]}}],"collection":[{"href":"https:\/\/biblioteka.szemud.pl\/index.php\/wp-json\/wp\/v2\/posts"}],"about":[{"href":"https:\/\/biblioteka.szemud.pl\/index.php\/wp-json\/wp\/v2\/types\/post"}],"author":[{"embeddable":true,"href":"https:\/\/biblioteka.szemud.pl\/index.php\/wp-json\/wp\/v2\/users\/8"}],"replies":[{"embeddable":true,"href":"https:\/\/biblioteka.szemud.pl\/index.php\/wp-json\/wp\/v2\/comments?post=38453"}],"version-history":[{"count":2,"href":"https:\/\/biblioteka.szemud.pl\/index.php\/wp-json\/wp\/v2\/posts\/38453\/revisions"}],"predecessor-version":[{"id":38456,"href":"https:\/\/biblioteka.szemud.pl\/index.php\/wp-json\/wp\/v2\/posts\/38453\/revisions\/38456"}],"wp:featuredmedia":[{"embeddable":true,"href":"https:\/\/biblioteka.szemud.pl\/index.php\/wp-json\/wp\/v2\/media\/38454"}],"wp:attachment":[{"href":"https:\/\/biblioteka.szemud.pl\/index.php\/wp-json\/wp\/v2\/media?parent=38453"}],"wp:term":[{"taxonomy":"category","embeddable":true,"href":"https:\/\/biblioteka.szemud.pl\/index.php\/wp-json\/wp\/v2\/categories?post=38453"},{"taxonomy":"post_tag","embeddable":true,"href":"https:\/\/biblioteka.szemud.pl\/index.php\/wp-json\/wp\/v2\/tags?post=38453"}],"curies":[{"name":"wp","href":"https:\/\/api.w.org\/{rel}","templated":true}]}}