{"id":38444,"date":"2023-09-21T12:00:58","date_gmt":"2023-09-21T10:00:58","guid":{"rendered":"https:\/\/biblioteka.szemud.pl\/?p=38444"},"modified":"2023-09-21T12:15:26","modified_gmt":"2023-09-21T10:15:26","slug":"narodowe-czytanie-2023","status":"publish","type":"post","link":"https:\/\/biblioteka.szemud.pl\/index.php\/2023\/09\/21\/narodowe-czytanie-2023\/","title":{"rendered":"NARODOWE CZYTANIE 2023"},"content":{"rendered":"\n\n<p style=\"text-align: justify;\">Biblioteka Publiczna Gminy Szemud ju\u017c od 2017 roku uczestniczy w akcji Narodowego Czytania zainicjowanej przez Par\u0119 Prezydenck\u0105. Co roku wybierana jest inna lektura, kt\u00f3ra jest bardzo wa\u017cna dla naszej historii, naszej literatury. Akcja zawsze odbywa si\u0119 na pocz\u0105tku wrze\u015bnia, co pi\u0119knie komponuje si\u0119 w naszej gminie z Do\u017cynkami i te\u017c zawsze promujemy t\u0119 akcj\u0119 podczas naszego \u015bwi\u0119ta plon\u00f3w. Nie mog\u0142o by\u0107 inaczej i w tym roku, kiedy dowiedzieli\u015bmy si\u0119, \u017ce u nas b\u0119d\u0105 Do\u017cynki Wojew\u00f3dzkie, kt\u00f3re b\u0119d\u0105 trwa\u0142y 2 dni. Od razu zdecydowali\u015bmy, \u017ce b\u0119dziemy czyta\u0107 i w sobot\u0119 i w niedziel\u0119.<\/p>\n<p style=\"text-align: justify;\">Lektur\u0105 tegorocznego Narodowego czytania by\u0142a &nbsp;najbardziej znana powie\u015b\u0107 Elizy Orzeszkowej Nad Niemnem. Powstawa\u0142a w latach 1886\u20131887, a w formie ksi\u0105\u017cki ukaza\u0142a si\u0119 w 1888 roku. Ze wzgl\u0119du na barwne opisy, wyrazistych bohater\u00f3w i odwo\u0142ania historyczne dzie\u0142o por\u00f3wnywano do Mickiewiczowskiego Pana Tadeusza. \u017badna inna ksi\u0105\u017cka pisarki nie zosta\u0142a tak entuzjastycznie przyj\u0119ta przez recenzent\u00f3w. Chwalono m.in. sprawne po\u0142\u0105czenie dydaktyzmu z walorami artystycznymi i przemy\u015blan\u0105 kompozycj\u0119 ca\u0142o\u015bci. Nad Niemnem cieszy\u0142o si\u0119 popularno\u015bci\u0105 i uznaniem kolejnych pokole\u0144 czytelnik\u00f3w. W Drugiej Rzeczypospolitej powie\u015bci\u0105 zainteresowa\u0142o si\u0119 kino. Ekranizacj\u0119 ksi\u0105\u017cki uko\u0144czono w 1939 roku, ale obraz zagin\u0105\u0142 w czasie II wojny \u015bwiatowej. Kolejny film nakr\u0119cono w po\u0142owie lat 80. XX wieku. Nad Niemnem to jeden z najwa\u017cniejszych utwor\u00f3w literatury polskiej podejmuj\u0105cy tematyk\u0119 Powstania Styczniowego, kt\u00f3rego 160\u2013lecie obchodzone jest w 2023 roku.<\/p>\n<p style=\"text-align: justify;\">Biblioteka Publiczna Gminy Szemud w swoim namiocie przygotowa\u0142a klimatyczn\u0105 przestrze\u0144, aby ka\u017cdy m\u00f3g\u0142 zag\u0142\u0119bi\u0107 si\u0119 w lekturze. W akcji ch\u0119tnie brali udzia\u0142 wszyscy zgromadzeni mieszka\u0144cy, go\u015bcie, jak r\u00f3wnie\u017c zaproszone delegacje. Ka\u017cdy uczestnik otrzyma\u0142 w&nbsp;prezencie pami\u0105tkowy egzemplarz z piecz\u0105tk\u0105 upami\u0119tniaj\u0105c\u0105 t\u0119 akcj\u0119.<\/p>\n<p>Dzi\u0119kujemy r\u00f3wnie\u017c Pani Dyrektor ZSP w Szemudzie za zorganizowanie wolontariuszy w pi\u0119knych strojach kaszubskich, kt\u00f3rzy pomagali nam w Pomorskim \u015awi\u0119cie Plon\u00f3w w&nbsp;rozdawaniu kotylion\u00f3w i bu\u0142eczek. &nbsp;<\/p>\n<p style=\"text-align: right;\">&nbsp;&nbsp;&nbsp;&nbsp;&nbsp;&nbsp;&nbsp;&nbsp;&nbsp;&nbsp;&nbsp;&nbsp;&nbsp;&nbsp;&nbsp;&nbsp;&nbsp;&nbsp;&nbsp;&nbsp;&nbsp;&nbsp;&nbsp;&nbsp;&nbsp;&nbsp;&nbsp;&nbsp;&nbsp;&nbsp;&nbsp;&nbsp;&nbsp;&nbsp;&nbsp;&nbsp;&nbsp;&nbsp;&nbsp;&nbsp;&nbsp;&nbsp;&nbsp;&nbsp;&nbsp;&nbsp;&nbsp;&nbsp;&nbsp;&nbsp;&nbsp;&nbsp;&nbsp;&nbsp;&nbsp;&nbsp;&nbsp;&nbsp;&nbsp;&nbsp;&nbsp;&nbsp;&nbsp;&nbsp;&nbsp;&nbsp;&nbsp;&nbsp;&nbsp;&nbsp;&nbsp;&nbsp;&nbsp;&nbsp;&nbsp;&nbsp;&nbsp;&nbsp;&nbsp;&nbsp;&nbsp;&nbsp;&nbsp;&nbsp;&nbsp;&nbsp;&nbsp;&nbsp;&nbsp;&nbsp;&nbsp;&nbsp;&nbsp;&nbsp;&nbsp;&nbsp;&nbsp;&nbsp;&nbsp;&nbsp;&nbsp;&nbsp;&nbsp;&nbsp;&nbsp;&nbsp;&nbsp;&nbsp;&nbsp;&nbsp;&nbsp;&nbsp;&nbsp;&nbsp;&nbsp;&nbsp;&nbsp;&nbsp;&nbsp;&nbsp;&nbsp;&nbsp;&nbsp;&nbsp;&nbsp;&nbsp;&nbsp;&nbsp;&nbsp;&nbsp;&nbsp;&nbsp;&nbsp;&nbsp;&nbsp;&nbsp;&nbsp;&nbsp;&nbsp;&nbsp;&nbsp;&nbsp;&nbsp;&nbsp;&nbsp;&nbsp;&nbsp;&nbsp;&nbsp;&nbsp;&nbsp;&nbsp;&nbsp;&nbsp;&nbsp;&nbsp;&nbsp;&nbsp;&nbsp;&nbsp;&nbsp;&nbsp;&nbsp;&nbsp;&nbsp;&nbsp;&nbsp;&nbsp;&nbsp;&nbsp;&nbsp; <em>&nbsp; Bibliotekarze<\/em><\/p>\n\n[ngg src=&#8221;galleries&#8221; ids=&#8221;1282&#8243; display=&#8221;basic_thumbnail&#8221;]","protected":false},"excerpt":{"rendered":"<div class=\"mh-excerpt\"><p>Biblioteka Publiczna Gminy Szemud ju\u017c od 2017 roku uczestniczy w akcji Narodowego Czytania zainicjowanej przez Par\u0119 Prezydenck\u0105. Co roku wybierana jest inna lektura, kt\u00f3ra jest <a class=\"mh-excerpt-more\" href=\"https:\/\/biblioteka.szemud.pl\/index.php\/2023\/09\/21\/narodowe-czytanie-2023\/\" title=\"NARODOWE CZYTANIE 2023\">[&#8230;]<\/a><\/p>\n<\/div>","protected":false},"author":8,"featured_media":38445,"comment_status":"closed","ping_status":"closed","sticky":false,"template":"","format":"standard","meta":{"_price":"","_stock":"","_tribe_ticket_header":"","_tribe_default_ticket_provider":"","_tribe_ticket_capacity":"0","_ticket_start_date":"","_ticket_end_date":"","_tribe_ticket_show_description":"","_tribe_ticket_show_not_going":false,"_tribe_ticket_use_global_stock":"","_tribe_ticket_global_stock_level":"","_global_stock_mode":"","_global_stock_cap":"","_tribe_rsvp_for_event":"","_tribe_ticket_going_count":"","_tribe_ticket_not_going_count":"","_tribe_tickets_list":"[]","_tribe_ticket_has_attendee_info_fields":false,"footnotes":""},"categories":[11],"tags":[],"class_list":["post-38444","post","type-post","status-publish","format-standard","has-post-thumbnail","hentry","category-inne"],"_links":{"self":[{"href":"https:\/\/biblioteka.szemud.pl\/index.php\/wp-json\/wp\/v2\/posts\/38444","targetHints":{"allow":["GET"]}}],"collection":[{"href":"https:\/\/biblioteka.szemud.pl\/index.php\/wp-json\/wp\/v2\/posts"}],"about":[{"href":"https:\/\/biblioteka.szemud.pl\/index.php\/wp-json\/wp\/v2\/types\/post"}],"author":[{"embeddable":true,"href":"https:\/\/biblioteka.szemud.pl\/index.php\/wp-json\/wp\/v2\/users\/8"}],"replies":[{"embeddable":true,"href":"https:\/\/biblioteka.szemud.pl\/index.php\/wp-json\/wp\/v2\/comments?post=38444"}],"version-history":[{"count":2,"href":"https:\/\/biblioteka.szemud.pl\/index.php\/wp-json\/wp\/v2\/posts\/38444\/revisions"}],"predecessor-version":[{"id":38449,"href":"https:\/\/biblioteka.szemud.pl\/index.php\/wp-json\/wp\/v2\/posts\/38444\/revisions\/38449"}],"wp:featuredmedia":[{"embeddable":true,"href":"https:\/\/biblioteka.szemud.pl\/index.php\/wp-json\/wp\/v2\/media\/38445"}],"wp:attachment":[{"href":"https:\/\/biblioteka.szemud.pl\/index.php\/wp-json\/wp\/v2\/media?parent=38444"}],"wp:term":[{"taxonomy":"category","embeddable":true,"href":"https:\/\/biblioteka.szemud.pl\/index.php\/wp-json\/wp\/v2\/categories?post=38444"},{"taxonomy":"post_tag","embeddable":true,"href":"https:\/\/biblioteka.szemud.pl\/index.php\/wp-json\/wp\/v2\/tags?post=38444"}],"curies":[{"name":"wp","href":"https:\/\/api.w.org\/{rel}","templated":true}]}}