{"id":36323,"date":"2023-07-24T13:52:43","date_gmt":"2023-07-24T11:52:43","guid":{"rendered":"https:\/\/biblioteka.szemud.pl\/?p=36323"},"modified":"2023-07-24T13:52:46","modified_gmt":"2023-07-24T11:52:46","slug":"magiczna-moc-bajek-2023","status":"publish","type":"post","link":"https:\/\/biblioteka.szemud.pl\/index.php\/2023\/07\/24\/magiczna-moc-bajek-2023\/","title":{"rendered":"Magiczna Moc Bajek 2023"},"content":{"rendered":"<p style=\"text-align: justify;\">\u201eDawno, dawno temu, za siedmioma g\u00f3rami, za siedmioma lasami\u2026\u201d \u2013 zapewne wszyscy pami\u0119taj\u0105 te s\u0142owa, napawaj\u0105ce rado\u015bci\u0105 i ciekawo\u015bci\u0105, za nimi, bowiem zawsze kryje si\u0119 fascynuj\u0105ca opowie\u015b\u0107\u2026<\/p>\n<p style=\"text-align: justify;\">Wsp\u00f3lne czytanie bajek ma ogromne znaczenie oraz wspaniale wp\u0142ywa na rozw\u00f3j ma\u0142ego cz\u0142owieka. Bajki pomagaj\u0105 dziecku poznawa\u0107 i nazywa\u0107 w\u0142asne emocje oraz podpowiada\u0107 sposoby radzenia sobie z nimi. Dzi\u0119ki czytaniu odpowiedniej literatury, dzieci wzbogacaj\u0105 si\u0119 wewn\u0119trznie. Rozwijaj\u0105 sw\u0105 wyobra\u017ani\u0119, ale te\u017c w dialogu cz\u0119sto wypowiadaj\u0105 si\u0119 na temat danych postaci i ich dobrych, czy z\u0142ych uczynk\u00f3w, a przecie\u017c ka\u017cde dziecko pragnie, aby zawsze triumfowa\u0142o dobro i sprawiedliwo\u015b\u0107. Bajki i ba\u015bnie to brama do wspania\u0142ego prze\u017cycia przyg\u00f3d wraz z ich bohaterami, ale to te\u017c forma zaspokajania potrzeb takich jak akceptacja, bezpiecze\u0144stwo, czy poczucie bycia kochanym.<\/p>\n<p style=\"text-align: justify;\">W minionym roku 2022 zainspirowana projektem \u201eMagiczna Moc Bajek\u201d we wsp\u00f3\u0142pracy ze szko\u0142\u0105 Podstawow\u0105 im. Jana Paw\u0142a II w \u0141ebnie, jako bibliotekarz, wychodz\u0105c naprzeciw oczekiwaniom, postanowi\u0142am kontynuowa\u0107 przygod\u0119 z bajk\u0105. Spotkania te skierowane by\u0142y w&nbsp;szczeg\u00f3lno\u015bci do najm\u0142odszych odbiorc\u00f3w klas 0.<\/p>\n<p style=\"text-align: justify;\">Osobi\u015bcie bajki z dawnych lat s\u0105 bliskie memu sercu, dlatego i w tym roku nie zabrak\u0142o Misia Uszatka, czy Rumcajsa. W ka\u017cdym miesi\u0105cu pocz\u0105wszy od stycznia, ko\u0144cz\u0105c na czerwcu, spotykali\u015bmy si\u0119 z Grup\u0105 Przedszkoln\u0105 \u201eMuchomorki\u201d i \u201eKangurki\u201d SP z \u0141ebna oraz go\u015bcinnie w kwietniu z klas\u0105 0 i 1 SP z \u0141ebie\u0144skiej Huty w bibliotece, aby pozna\u0107 bajki dawne, ale te\u017c wsp\u00f3\u0142czesne. W czerwcu go\u015bcinnie w bibliotece w Szemudzie przedstawi\u0142am wszystkim klasom 0 bajk\u0119 Ja\u015b i Ma\u0142gosia.<\/p>\n<p style=\"text-align: justify;\">Aby uatrakcyjni\u0107 odwiedziny dzieci, postawi\u0142am na charakteryzacj\u0119 w\u0142asn\u0105 i otoczenia. Upodabnianie si\u0119 do postaci bajkowych sta\u0142o si\u0119 moim priorytetem, co sprawia\u0142o wiele rado\u015bci odwiedzaj\u0105cym mnie przedszkolakom.<\/p>\n<p style=\"text-align: justify;\">Na zako\u0144czenie naszych spotka\u0144, otrzyma\u0142am od dzieci podzi\u0119kowania w postaci pi\u0119knych w\u0142asnor\u0119cznie zrobionych laurek. Serce ro\u015bnie i najwi\u0119ksze trudy id\u0105 w niepami\u0119\u0107, gdy wdzi\u0119czno\u015b\u0107 dzieci wyra\u017cana jest czu\u0142ym u\u015bciskiem i pi\u0119knym \u201eDzi\u0119kujemy\u201d.<\/p>\n<p style=\"text-align: justify;\">W imieniu w\u0142asnym oraz Biblioteki Publicznej Gminy Szemud pe\u0142na wdzi\u0119czno\u015bci r\u00f3wnie\u017c dzi\u0119kuj\u0119 wychowawcom oddzia\u0142\u00f3w przedszkolnych za owocn\u0105 wsp\u00f3\u0142prac\u0119 i zaanga\u017cowanie.<\/p>\n<p>&nbsp;&nbsp;&nbsp;&nbsp;&nbsp;&nbsp;&nbsp;&nbsp;&nbsp;&nbsp;&nbsp;&nbsp;&nbsp;&nbsp;&nbsp;&nbsp;&nbsp;&nbsp;&nbsp;&nbsp;&nbsp;&nbsp;&nbsp;&nbsp;&nbsp;&nbsp;&nbsp;&nbsp;&nbsp;&nbsp;&nbsp;&nbsp;&nbsp;&nbsp;&nbsp;&nbsp;&nbsp;&nbsp;&nbsp;&nbsp;&nbsp;&nbsp;&nbsp;&nbsp;&nbsp;&nbsp;&nbsp;&nbsp;&nbsp;&nbsp;&nbsp;&nbsp;&nbsp;&nbsp;&nbsp;&nbsp;&nbsp;&nbsp;&nbsp;&nbsp;&nbsp;&nbsp;&nbsp;&nbsp;&nbsp;&nbsp;&nbsp;&nbsp;&nbsp;&nbsp;&nbsp;&nbsp;&nbsp;&nbsp;&nbsp;&nbsp;&nbsp;&nbsp;&nbsp;&nbsp;&nbsp;&nbsp;&nbsp;&nbsp;&nbsp;&nbsp;&nbsp;&nbsp;&nbsp;&nbsp;&nbsp;&nbsp;&nbsp;&nbsp;&nbsp;&nbsp;&nbsp;&nbsp;&nbsp;&nbsp;&nbsp;&nbsp;&nbsp;&nbsp;&nbsp;&nbsp;&nbsp;&nbsp;&nbsp;&nbsp;&nbsp;&nbsp;&nbsp;&nbsp;&nbsp;&nbsp;&nbsp;&nbsp;&nbsp;&nbsp;&nbsp;&nbsp;&nbsp;&nbsp;&nbsp;&nbsp;&nbsp;&nbsp;&nbsp;&nbsp;&nbsp;&nbsp;&nbsp;&nbsp;&nbsp;&nbsp;&nbsp;&nbsp;&nbsp;&nbsp;&nbsp;&nbsp;&nbsp;&nbsp;&nbsp;&nbsp;&nbsp;&nbsp;&nbsp;&nbsp;&nbsp;&nbsp;&nbsp;&nbsp;&nbsp;&nbsp;&nbsp;&nbsp;&nbsp;&nbsp;&nbsp;&nbsp;&nbsp;&nbsp;&nbsp;&nbsp;&nbsp;&nbsp;&nbsp;&nbsp;&nbsp;<\/p>\n<p style=\"text-align: right;\">&nbsp;&nbsp; <em>Lis Gra\u017cyna<\/em><\/p>\n\n\n<h2 class=\"wp-block-heading\">\u0141ebno<\/h2>\n\n\n\n[ngg src=&#8221;galleries&#8221; ids=&#8221;996,1000,1045,1055,1072,1099,1121,1134,1136,1176,1229&#8243; display=&#8221;basic_thumbnail&#8221;]\n\n\n\n<h2 class=\"wp-block-heading\">Szemud<\/h2>\n\n\n\n[ngg src=&#8221;albums&#8221; ids=&#8221;112&#8243; display=&#8221;basic_compact_album&#8221;]\n","protected":false},"excerpt":{"rendered":"<div class=\"mh-excerpt\"><p>\u201eDawno, dawno temu, za siedmioma g\u00f3rami, za siedmioma lasami\u2026\u201d \u2013 zapewne wszyscy pami\u0119taj\u0105 te s\u0142owa, napawaj\u0105ce rado\u015bci\u0105 i ciekawo\u015bci\u0105, za nimi, bowiem zawsze kryje si\u0119 <a class=\"mh-excerpt-more\" href=\"https:\/\/biblioteka.szemud.pl\/index.php\/2023\/07\/24\/magiczna-moc-bajek-2023\/\" title=\"Magiczna Moc Bajek 2023\">[&#8230;]<\/a><\/p>\n<\/div>","protected":false},"author":8,"featured_media":36324,"comment_status":"closed","ping_status":"closed","sticky":false,"template":"","format":"standard","meta":{"_price":"","_stock":"","_tribe_ticket_header":"","_tribe_default_ticket_provider":"","_tribe_ticket_capacity":"0","_ticket_start_date":"","_ticket_end_date":"","_tribe_ticket_show_description":"","_tribe_ticket_show_not_going":false,"_tribe_ticket_use_global_stock":"","_tribe_ticket_global_stock_level":"","_global_stock_mode":"","_global_stock_cap":"","_tribe_rsvp_for_event":"","_tribe_ticket_going_count":"","_tribe_ticket_not_going_count":"","_tribe_tickets_list":"[]","_tribe_ticket_has_attendee_info_fields":false,"footnotes":""},"categories":[11],"tags":[],"class_list":["post-36323","post","type-post","status-publish","format-standard","has-post-thumbnail","hentry","category-inne"],"_links":{"self":[{"href":"https:\/\/biblioteka.szemud.pl\/index.php\/wp-json\/wp\/v2\/posts\/36323","targetHints":{"allow":["GET"]}}],"collection":[{"href":"https:\/\/biblioteka.szemud.pl\/index.php\/wp-json\/wp\/v2\/posts"}],"about":[{"href":"https:\/\/biblioteka.szemud.pl\/index.php\/wp-json\/wp\/v2\/types\/post"}],"author":[{"embeddable":true,"href":"https:\/\/biblioteka.szemud.pl\/index.php\/wp-json\/wp\/v2\/users\/8"}],"replies":[{"embeddable":true,"href":"https:\/\/biblioteka.szemud.pl\/index.php\/wp-json\/wp\/v2\/comments?post=36323"}],"version-history":[{"count":1,"href":"https:\/\/biblioteka.szemud.pl\/index.php\/wp-json\/wp\/v2\/posts\/36323\/revisions"}],"predecessor-version":[{"id":36325,"href":"https:\/\/biblioteka.szemud.pl\/index.php\/wp-json\/wp\/v2\/posts\/36323\/revisions\/36325"}],"wp:featuredmedia":[{"embeddable":true,"href":"https:\/\/biblioteka.szemud.pl\/index.php\/wp-json\/wp\/v2\/media\/36324"}],"wp:attachment":[{"href":"https:\/\/biblioteka.szemud.pl\/index.php\/wp-json\/wp\/v2\/media?parent=36323"}],"wp:term":[{"taxonomy":"category","embeddable":true,"href":"https:\/\/biblioteka.szemud.pl\/index.php\/wp-json\/wp\/v2\/categories?post=36323"},{"taxonomy":"post_tag","embeddable":true,"href":"https:\/\/biblioteka.szemud.pl\/index.php\/wp-json\/wp\/v2\/tags?post=36323"}],"curies":[{"name":"wp","href":"https:\/\/api.w.org\/{rel}","templated":true}]}}