{"id":23552,"date":"2022-06-03T14:36:31","date_gmt":"2022-06-03T12:36:31","guid":{"rendered":"https:\/\/biblioteka.szemud.pl\/?p=23552"},"modified":"2022-06-03T14:38:32","modified_gmt":"2022-06-03T12:38:32","slug":"wyniki-konkursu-tworczosc-wlasna","status":"publish","type":"post","link":"https:\/\/biblioteka.szemud.pl\/index.php\/2022\/06\/03\/wyniki-konkursu-tworczosc-wlasna\/","title":{"rendered":"Wyniki konkursu &#8222;Tw\u00f3rczo\u015b\u0107 w\u0142asna&#8221;"},"content":{"rendered":"<p>Dnia 03.06.2022r. w Bibliotece Publicznej Gminy Szemud, komisja konkursowa w sk\u0142adzie:<\/p>\n<p>Iwona Piastowska &#8211; przewodnicz\u0105ca<\/p>\n<p>Karina Treder<\/p>\n<p>Krystyna Malotka<\/p>\n<p>Gra\u017cyna Lis<\/p>\n<p>zapozna\u0142a si\u0119 z pracami, kt\u00f3re wp\u0142yn\u0119\u0142y i wytypowa\u0142a laureat\u00f3w konkursu tw\u00f3rczo\u015bci w\u0142asnej.<\/p>\n<p>Konkurs skierowany jest do mieszka\u0144c\u00f3w Gminy Szemud od 11 roku \u017cycia i&nbsp; ma na celu przede wszystkim rozwijanie zdolno\u015bci pisarskich oraz promocj\u0119 utworzonych tekst\u00f3w&nbsp; literackich. Nades\u0142ano \u0142\u0105cznie 5 prac \u2013 3 poetyckie, 2 prozy, kt\u00f3re zas\u0142uguj\u0105 na gratulacje i&nbsp;podzi\u0119kowanie za tak wspania\u0142y dar wniesiony do lokalnej kultury.<\/p>\n<p><strong>Kat. m\u0142odzie\u017c szk\u00f3\u0142 podstawowych (od 11 lat)<\/strong><\/p>\n<p>I miejsce&nbsp;&nbsp;&nbsp;&nbsp;&nbsp;&nbsp;&nbsp;&nbsp; Maja Krause<\/p>\n<p>II miejsce&nbsp;&nbsp;&nbsp;&nbsp;&nbsp;&nbsp;&nbsp; Maja Hartyn \u2013 Leszczy\u0144ska<\/p>\n<p>III miejsce<strong>&nbsp;&nbsp;&nbsp;&nbsp;&nbsp;&nbsp;<\/strong>Mateusz Fopke<\/p>\n<p><strong>Kat. Doro\u015bli<\/strong><\/p>\n<p>I miejsce ex aequo Pani Ewa Lewandowska i Pani Justyna Pranszke<\/p>\n<p><strong>Zapraszamy laureat\u00f3w na wr\u0119czenie nagr\u00f3d w dniu 14.06. (wtorek) godzina 17:00 do Centrum Muzycznego w Kielnie ul. Oliwska 85 (budynek Remizy Stra\u017cackiej).<\/strong><\/p>\n\n","protected":false},"excerpt":{"rendered":"<div class=\"mh-excerpt\"><p>Dnia 03.06.2022r. w Bibliotece Publicznej Gminy Szemud, komisja konkursowa w sk\u0142adzie: Iwona Piastowska &#8211; przewodnicz\u0105ca Karina Treder Krystyna Malotka Gra\u017cyna Lis zapozna\u0142a si\u0119 z pracami, <a class=\"mh-excerpt-more\" href=\"https:\/\/biblioteka.szemud.pl\/index.php\/2022\/06\/03\/wyniki-konkursu-tworczosc-wlasna\/\" title=\"Wyniki konkursu &#8222;Tw\u00f3rczo\u015b\u0107 w\u0142asna&#8221;\">[&#8230;]<\/a><\/p>\n<\/div>","protected":false},"author":2,"featured_media":17503,"comment_status":"closed","ping_status":"closed","sticky":false,"template":"","format":"standard","meta":{"_price":"","_stock":"","_tribe_ticket_header":"","_tribe_default_ticket_provider":"","_tribe_ticket_capacity":"0","_ticket_start_date":"","_ticket_end_date":"","_tribe_ticket_show_description":"","_tribe_ticket_show_not_going":false,"_tribe_ticket_use_global_stock":"","_tribe_ticket_global_stock_level":"","_global_stock_mode":"","_global_stock_cap":"","_tribe_rsvp_for_event":"","_tribe_ticket_going_count":"","_tribe_ticket_not_going_count":"","_tribe_tickets_list":"[]","_tribe_ticket_has_attendee_info_fields":false,"footnotes":""},"categories":[31],"tags":[],"class_list":["post-23552","post","type-post","status-publish","format-standard","has-post-thumbnail","hentry","category-konkurs"],"_links":{"self":[{"href":"https:\/\/biblioteka.szemud.pl\/index.php\/wp-json\/wp\/v2\/posts\/23552","targetHints":{"allow":["GET"]}}],"collection":[{"href":"https:\/\/biblioteka.szemud.pl\/index.php\/wp-json\/wp\/v2\/posts"}],"about":[{"href":"https:\/\/biblioteka.szemud.pl\/index.php\/wp-json\/wp\/v2\/types\/post"}],"author":[{"embeddable":true,"href":"https:\/\/biblioteka.szemud.pl\/index.php\/wp-json\/wp\/v2\/users\/2"}],"replies":[{"embeddable":true,"href":"https:\/\/biblioteka.szemud.pl\/index.php\/wp-json\/wp\/v2\/comments?post=23552"}],"version-history":[{"count":2,"href":"https:\/\/biblioteka.szemud.pl\/index.php\/wp-json\/wp\/v2\/posts\/23552\/revisions"}],"predecessor-version":[{"id":23555,"href":"https:\/\/biblioteka.szemud.pl\/index.php\/wp-json\/wp\/v2\/posts\/23552\/revisions\/23555"}],"wp:featuredmedia":[{"embeddable":true,"href":"https:\/\/biblioteka.szemud.pl\/index.php\/wp-json\/wp\/v2\/media\/17503"}],"wp:attachment":[{"href":"https:\/\/biblioteka.szemud.pl\/index.php\/wp-json\/wp\/v2\/media?parent=23552"}],"wp:term":[{"taxonomy":"category","embeddable":true,"href":"https:\/\/biblioteka.szemud.pl\/index.php\/wp-json\/wp\/v2\/categories?post=23552"},{"taxonomy":"post_tag","embeddable":true,"href":"https:\/\/biblioteka.szemud.pl\/index.php\/wp-json\/wp\/v2\/tags?post=23552"}],"curies":[{"name":"wp","href":"https:\/\/api.w.org\/{rel}","templated":true}]}}