{"id":23547,"date":"2022-06-03T14:25:38","date_gmt":"2022-06-03T12:25:38","guid":{"rendered":"https:\/\/biblioteka.szemud.pl\/?p=23547"},"modified":"2022-06-03T14:25:41","modified_gmt":"2022-06-03T12:25:41","slug":"wyniki-konkursu-plastycznego-ksiazki-mowia-na-okladke-ulubionej-ksiazki","status":"publish","type":"post","link":"https:\/\/biblioteka.szemud.pl\/index.php\/2022\/06\/03\/wyniki-konkursu-plastycznego-ksiazki-mowia-na-okladke-ulubionej-ksiazki\/","title":{"rendered":"Wyniki Konkursu Plastycznego &#8222;Ksi\u0105\u017cki M\u00f3wi\u0105&#8221; na ok\u0142adk\u0119 ulubionej ksi\u0105\u017cki"},"content":{"rendered":"<p>Dnia 02.06.2022r. w Bibliotece Publicznej Gminy Szemud Filia \u0141ebno, komisja konkursowa w sk\u0142adzie:<\/p>\n<p>Karina Treder- przewodnicz\u0105ca<\/p>\n<p>Iwona Piastowska<\/p>\n<p>Gra\u017cyna Lis&nbsp;&nbsp;&nbsp;&nbsp;<\/p>\n<p>Joanna Formela<\/p>\n<p>rozstrzygn\u0119\u0142a i wytypowa\u0142a laureat\u00f3w konkursu \u201eKsi\u0105\u017cki M\u00f3wi\u0105\u201d. Komisja mia\u0142a bardzo trudne zadanie, poniewa\u017c wszystkie prace by\u0142y pomys\u0142owe, pi\u0119kne i&nbsp;barwne. Warto zaznaczy\u0107 fakt, \u017ce konkurs ten cieszy si\u0119 du\u017c\u0105 popularno\u015bci\u0105 w\u015br\u00f3d dzieci i m\u0142odzie\u017cy w tym roku wp\u0142yn\u0119\u0142o zn\u00f3w prawie 70 prac \u2013 za co wielkie podzi\u0119kowania i uk\u0142ony do nauczycieli i rodzic\u00f3w.<\/p>\n<p><strong>Kategoria klas I-III (29 prac)<\/strong><\/p>\n<p>I miejsce&nbsp;&nbsp;&nbsp;&nbsp;&nbsp;&nbsp;&nbsp;&nbsp; Anna Pawelczyk&nbsp; &nbsp;&nbsp;&nbsp;&nbsp;&nbsp;&nbsp;&nbsp;&nbsp;&nbsp;&nbsp;&nbsp;<\/p>\n<p>II miejsce&nbsp;&nbsp;&nbsp;&nbsp;&nbsp;&nbsp;&nbsp; Jan Czajkowski<\/p>\n<p>III miejsce&nbsp;&nbsp;&nbsp;&nbsp;&nbsp;&nbsp; Alan Hallmann<\/p>\n<p><strong>Wyr\u00f3\u017cnienia:<\/strong><\/p>\n<p>Luiza Kowalewska; Magda Kupc; Monika Kanka; Hana Galant<\/p>\n<p><strong>Kategoria klas IV-VI (32 prace)<\/strong><\/p>\n<p>I miejsce&nbsp;&nbsp;&nbsp;&nbsp;&nbsp;&nbsp;&nbsp;&nbsp; Maja Krause<\/p>\n<p>II miejsce&nbsp;&nbsp;&nbsp;&nbsp;&nbsp;&nbsp;&nbsp; Zuzanna Stolc<\/p>\n<p>III miejsce&nbsp;&nbsp;&nbsp;&nbsp;&nbsp;&nbsp; Oliwia Matysiak<\/p>\n<p>III miejsce&nbsp;&nbsp;&nbsp;&nbsp;&nbsp;&nbsp; Lena Waldowska<\/p>\n<p><strong>Wyr\u00f3\u017cnienia:<\/strong><\/p>\n<p>Katarzyna Langa; Pawe\u0142 Bladowski; Kacper Szwaba; Paulina Haza; Maja Hartyn-Leszczy\u0144ska<\/p>\n<p><strong>Kategoria klas VII-VIII (10 prac)<\/strong><\/p>\n<p>I miejsce&nbsp;&nbsp;&nbsp;&nbsp;&nbsp;&nbsp;&nbsp;&nbsp; Agata Mocarska<\/p>\n<p>II miejsce&nbsp;&nbsp;&nbsp;&nbsp;&nbsp;&nbsp;&nbsp; Amelia Pau\u015b<\/p>\n<p>II miejsce&nbsp;&nbsp;&nbsp;&nbsp;&nbsp;&nbsp;&nbsp; Wojciech Kowalewski<\/p>\n<p>III miejsce&nbsp;&nbsp;&nbsp;&nbsp;&nbsp;&nbsp; Agata Labuda<\/p>\n<p><strong>Wyr\u00f3\u017cnienia:<\/strong><\/p>\n<p>Zuzanna Konkel; Julia Matyjasik<\/p>\n<p><strong>Zapraszamy wszystkich laureat\u00f3w na wr\u0119czenie nagr\u00f3d w dniu 14.06. (wtorek) godzina 17:00 do Centrum Muzycznego w Kielnie ul. Oliwska 85 (budynek Remizy Stra\u017cackiej).<\/strong><\/p>\n<p>&nbsp;<\/p>\n\n","protected":false},"excerpt":{"rendered":"<div class=\"mh-excerpt\"><p>Dnia 02.06.2022r. w Bibliotece Publicznej Gminy Szemud Filia \u0141ebno, komisja konkursowa w sk\u0142adzie: Karina Treder- przewodnicz\u0105ca Iwona Piastowska Gra\u017cyna Lis&nbsp;&nbsp;&nbsp;&nbsp; Joanna Formela rozstrzygn\u0119\u0142a i wytypowa\u0142a <a class=\"mh-excerpt-more\" href=\"https:\/\/biblioteka.szemud.pl\/index.php\/2022\/06\/03\/wyniki-konkursu-plastycznego-ksiazki-mowia-na-okladke-ulubionej-ksiazki\/\" title=\"Wyniki Konkursu Plastycznego &#8222;Ksi\u0105\u017cki M\u00f3wi\u0105&#8221; na ok\u0142adk\u0119 ulubionej ksi\u0105\u017cki\">[&#8230;]<\/a><\/p>\n<\/div>","protected":false},"author":2,"featured_media":17503,"comment_status":"closed","ping_status":"closed","sticky":false,"template":"","format":"standard","meta":{"_price":"","_stock":"","_tribe_ticket_header":"","_tribe_default_ticket_provider":"","_tribe_ticket_capacity":"0","_ticket_start_date":"","_ticket_end_date":"","_tribe_ticket_show_description":"","_tribe_ticket_show_not_going":false,"_tribe_ticket_use_global_stock":"","_tribe_ticket_global_stock_level":"","_global_stock_mode":"","_global_stock_cap":"","_tribe_rsvp_for_event":"","_tribe_ticket_going_count":"","_tribe_ticket_not_going_count":"","_tribe_tickets_list":"[]","_tribe_ticket_has_attendee_info_fields":false,"footnotes":""},"categories":[31],"tags":[],"class_list":["post-23547","post","type-post","status-publish","format-standard","has-post-thumbnail","hentry","category-konkurs"],"_links":{"self":[{"href":"https:\/\/biblioteka.szemud.pl\/index.php\/wp-json\/wp\/v2\/posts\/23547","targetHints":{"allow":["GET"]}}],"collection":[{"href":"https:\/\/biblioteka.szemud.pl\/index.php\/wp-json\/wp\/v2\/posts"}],"about":[{"href":"https:\/\/biblioteka.szemud.pl\/index.php\/wp-json\/wp\/v2\/types\/post"}],"author":[{"embeddable":true,"href":"https:\/\/biblioteka.szemud.pl\/index.php\/wp-json\/wp\/v2\/users\/2"}],"replies":[{"embeddable":true,"href":"https:\/\/biblioteka.szemud.pl\/index.php\/wp-json\/wp\/v2\/comments?post=23547"}],"version-history":[{"count":4,"href":"https:\/\/biblioteka.szemud.pl\/index.php\/wp-json\/wp\/v2\/posts\/23547\/revisions"}],"predecessor-version":[{"id":23551,"href":"https:\/\/biblioteka.szemud.pl\/index.php\/wp-json\/wp\/v2\/posts\/23547\/revisions\/23551"}],"wp:featuredmedia":[{"embeddable":true,"href":"https:\/\/biblioteka.szemud.pl\/index.php\/wp-json\/wp\/v2\/media\/17503"}],"wp:attachment":[{"href":"https:\/\/biblioteka.szemud.pl\/index.php\/wp-json\/wp\/v2\/media?parent=23547"}],"wp:term":[{"taxonomy":"category","embeddable":true,"href":"https:\/\/biblioteka.szemud.pl\/index.php\/wp-json\/wp\/v2\/categories?post=23547"},{"taxonomy":"post_tag","embeddable":true,"href":"https:\/\/biblioteka.szemud.pl\/index.php\/wp-json\/wp\/v2\/tags?post=23547"}],"curies":[{"name":"wp","href":"https:\/\/api.w.org\/{rel}","templated":true}]}}