{"id":23122,"date":"2022-05-20T10:29:17","date_gmt":"2022-05-20T08:29:17","guid":{"rendered":"https:\/\/biblioteka.szemud.pl\/?p=23122"},"modified":"2022-06-27T11:01:31","modified_gmt":"2022-06-27T09:01:31","slug":"biblioteka-swiat-w-jednym-miejscu-xix-ogolnopolski-tydzien-bibliotek","status":"publish","type":"post","link":"https:\/\/biblioteka.szemud.pl\/index.php\/2022\/05\/20\/biblioteka-swiat-w-jednym-miejscu-xix-ogolnopolski-tydzien-bibliotek\/","title":{"rendered":"BIBLIOTEKA. \u015aWIAT W JEDNYM MIEJSCU.             XIX Og\u00f3lnopolski Tydzie\u0144 Bibliotek"},"content":{"rendered":"\n<p style=\"text-align: justify;\">\u201e<strong><em>Biblioteka jest instytucj\u0105, kt\u00f3ra ca\u0142ym swoim istnieniem \u015bwiadczy o rozwoju kultury. Jest ona, bowiem skarbnic\u0105 pi\u015bmiennictwa, przez kt\u00f3re cz\u0142owiek wyra\u017ca sw\u00f3j zmys\u0142 tw\u00f3rczy.<\/em><\/strong>\u201d&nbsp;&nbsp;&nbsp;&nbsp;&nbsp;&nbsp;&nbsp;&nbsp;&nbsp;&nbsp;<\/p>\n<p style=\"text-align: right;\"><em>&nbsp;&nbsp;&nbsp;&nbsp;&nbsp;&nbsp; (Jan Pawe\u0142 II)<\/em><\/p>\n<p style=\"text-align: justify;\">Tydzie\u0144 Bibliotek obchodzony co roku w dniach 8&nbsp;-15 maja. Wydarzenie to ma og\u00f3lnopolski charakter. Celem akcji jest promowanie czytelnictwa, bibliotek i bibliotekarzy. Organizowana jest od 2004 r. przez Stowarzyszenie Bibliotekarzy Polskich i rozpoczyna si\u0119 zawsze 8 maja \u2013 w Dniu Bibliotekarza.<\/p>\n<p style=\"text-align: justify;\">Biblioteki Publiczne Gminy Szemud przygotowa\u0142y wiele r\u00f3\u017cnorodnych wydarze\u0144 w tym wyj\u0105tkowym tygodniu.<\/p>\n<p style=\"text-align: justify;\">We wszystkich bibliotekach odby\u0142y si\u0119 eliminacje w konkursie na <strong>Mistrza Pi\u0119knego Czytania<\/strong> dla uczni\u00f3w klas I-III SP. W minionym roku ze wzgl\u0119du na pandemi\u0119, konkurs odby\u0142 si\u0119 online. Po dw\u00f3ch latach przerwy uda\u0142o si\u0119 przeprowadzi\u0107 Mistrza stacjonarnie. Wyniki w&nbsp;poszczeg\u00f3lnych plac\u00f3wkach wygl\u0105da\u0142y nast\u0119puj\u0105co:<\/p>\n<p style=\"text-align: justify;\">&nbsp;<\/p>\n<table width=\"0\">\n<tbody>\n<tr>\n<td width=\"160\">\n<p>Biblioteka<\/p>\n<\/td>\n<td width=\"161\">\n<p>klasa I<\/p>\n<\/td>\n<td width=\"161\">\n<p>klasa II<\/p>\n<\/td>\n<td width=\"142\">\n<p>klasa III<\/p>\n<\/td>\n<\/tr>\n<tr>\n<td width=\"160\">\n<p>Biblioteka Szemud<\/p>\n<\/td>\n<td width=\"161\">\n<p><strong>Weronika Czerwionka<\/strong><\/p>\n<\/td>\n<td width=\"161\">\n<p><strong>Lena Groen<\/strong><\/p>\n<\/td>\n<td width=\"142\">\n<p><strong>Adela Geffroy<\/strong><\/p>\n<\/td>\n<\/tr>\n<tr>\n<td width=\"160\">\n<p>Biblioteka Kielno<\/p>\n<\/td>\n<td width=\"161\">\n<p><strong>Gabriela Czoska<\/strong><\/p>\n<\/td>\n<td width=\"161\">\n<p><strong>Franciszek Reszka<\/strong><\/p>\n<\/td>\n<td width=\"142\">\n<p><strong>Maria \u0141yszkiewicz<\/strong><\/p>\n<\/td>\n<\/tr>\n<tr>\n<td width=\"160\">\n<p>Biblioteka Bojano<\/p>\n<\/td>\n<td width=\"161\">\n<p><strong>Maria Hebel<\/strong><\/p>\n<\/td>\n<td width=\"161\">\n<p><strong>Przemys\u0142aw Mo\u015bcicki<\/strong><\/p>\n<\/td>\n<td width=\"142\">\n<p><strong>Wiktoria Rosi\u0144ska<\/strong><\/p>\n<\/td>\n<\/tr>\n<tr>\n<td width=\"160\">\n<p>Biblioteka \u0141ebno<\/p>\n<\/td>\n<td width=\"161\">\n<p><strong>Alan Kamer<\/strong><\/p>\n<\/td>\n<td width=\"161\">\n<p><strong>Luiza Kowalewska<\/strong><\/p>\n<\/td>\n<td width=\"142\">\n<p><strong>Klaudia G\u00f3recka<\/strong><\/p>\n<\/td>\n<\/tr>\n<\/tbody>\n<\/table>\n<p style=\"text-align: justify;\">&nbsp;<\/p>\n<p style=\"text-align: justify;\">Zwyci\u0119zcy w swoich kategoriach klasowych zostali zaproszeni 13.05.2022 na godzin\u0119 9:00 do Biblioteki w \u0141ebnie by zawalczy\u0107 o tytu\u0142 \u201e<strong>Gminnego Mistrza Pi\u0119knego Czytania<\/strong>\u201d.<\/p>\n<p style=\"text-align: justify;\">Po ods\u0142uchaniu wszystkich uczestnik\u00f3w, komisja w sk\u0142adzie: Irena Piastowska, Iwona Piastowska i Maria Chustak, mia\u0142y nie lada wyzwanie by wybra\u0107 \u201enajlepszego z najlepszych\u201d.&nbsp;<\/p>\n<p style=\"text-align: justify;\">Jury szczeg\u00f3lna uwag\u0119 zwraca\u0142o na bezb\u0142\u0119dno\u015b\u0107 i p\u0142ynno\u015b\u0107 czytania, dob\u00f3r repertuaru oraz og\u00f3lny wyraz artystyczny.<\/p>\n<p style=\"text-align: justify;\">Wszystkie dzieci czyta\u0142y pi\u0119knie, wspaniale interpretowa\u0142y&nbsp; wybrane przez siebie teksty ale mistrz mo\u017ce by\u0107 tylko jeden:<\/p>\n<p style=\"text-align: justify;\">W kategorii klas I mistrzem zosta\u0142a&nbsp;&nbsp;&nbsp;&nbsp;&nbsp;&nbsp;&nbsp;&nbsp;&nbsp;&nbsp;&nbsp;&nbsp;&nbsp; <strong>Gabriela Czoska z Kielna<\/strong><\/p>\n<p style=\"text-align: justify;\">W kategorii klas II mistrzem zosta\u0142a&nbsp;&nbsp;&nbsp;&nbsp;&nbsp;&nbsp;&nbsp;&nbsp;&nbsp;&nbsp;&nbsp;&nbsp; <strong> Lena Groen z Szemuda<\/strong><\/p>\n<p style=\"text-align: justify;\">W kategorii klas III mistrzem zosta\u0142a&nbsp;&nbsp;&nbsp;&nbsp;&nbsp;&nbsp;&nbsp;&nbsp;&nbsp;&nbsp;&nbsp; <strong>Klaudia G\u00f3recka z \u0141ebie\u0144skiej Huty<\/strong><\/p>\n<p style=\"text-align: justify;\"><strong>&nbsp;<\/strong><\/p>\n<p style=\"text-align: justify;\">W naszych instytucjach odby\u0142y si\u0119 r\u00f3wnie\u017c <strong>pasowania na czytelnik\u00f3w uczni\u00f3w klas pierwszych<\/strong>. Celem tej uroczysto\u015bci jest rozbudzenie w&nbsp;dzieciach ch\u0119ci czytania i&nbsp;wyrobienia prawid\u0142owych nawyk\u00f3w czytelniczych, poszanowania ksi\u0105\u017cek oraz traktowania czytania jako \u015bwietnej rozrywki. Uczniowie w nagrod\u0119 otrzymali dyplomy, zak\u0142adki, kolorowanki oraz zobowi\u0105zania do bibliotek, aby od tej chwili sta\u0107 si\u0119 pe\u0142noprawnymi czytelnikami.<\/p>\n<p style=\"text-align: justify;\">W czasie Tygodnia Bibliotek we wszystkich bibliotekach publicznych odby\u0142y si\u0119 r\u00f3wnie\u017c warsztaty z Teatrem Kamishibai (jap. \u7d19\u829d\u5c45 kami-shibai, kami \u2013 papier, shibai \u2013 teatr, przedstawienie, dramat, sztuka \u2013 teatr ilustracji, teatr obrazkowy, dos\u0142ownie: papierowy teatr). Kamishibai&nbsp; jest tradycyjn\u0105 japo\u0144sk\u0105 sztuk\u0105 opowiadania historii za pomoc\u0105 ilustracji wykonanych na kartonowych planszach, wsuwanych do drewnianej skrzynki, pe\u0142ni\u0105cej rol\u0119 sceny. Dzieci mia\u0142y okazj\u0119 wys\u0142ucha\u0107 jednej opowie\u015bci, a nast\u0119pnie podczas cz\u0119\u015bci warsztatowej wykona\u0107 na kartach swoje opowiadania i przedstawi\u0107 w formie teatrzyku. By\u0142o to dla wi\u0119kszo\u015bci nowe do\u015bwiadczenie, kt\u00f3re spotka\u0142o si\u0119 z du\u017cym zainteresowaniem. Uczestnicy stworzyli m.in. swoje wersje bajki Minecraft, Czerwonego Kapturka oraz wspania\u0142e autorskie bajki np. o&nbsp;koniach, psach oraz misiach.<\/p>\n<p style=\"text-align: justify;\">W bibliotekach w Szemudzie, Kielnie i Bojanie mia\u0142y miejsce Warsztaty Czytelnicze, kt\u00f3re to prowadzi\u0142a p. Marta Mital, tym razem bra\u0142y w nich udzia\u0142 klasy VI i&nbsp; VII. Klasy VI mia\u0142y okazj\u0119 popracowa\u0107 z literatur\u0105 fantastyczn\u0105 skierowan\u0105 do ich grupy wiekowej. W tym gronie znalaz\u0142y si\u0119 m.in. ksi\u0105\u017cki z serii Harry Potter, \u201eOpowie\u015bci z Narni\u201d, tw\u00f3rczo\u015b\u0107 Brandona Mulla, Stanis\u0142awa Lema czy Erin Hunter. Natomiast klasy VII zaj\u0119\u0142y si\u0119 tematem lektury \u201eMa\u0142y Ksi\u0105\u017c\u0119.\u201d Podczas pracy w grupach z wykorzystaniem cytat\u00f3w z ksi\u0105\u017cki, powsta\u0142y filozoficzne manifesty nawi\u0105zuj\u0105ce do ludzkiego \u017cycia i panuj\u0105cych w nim relacji.<\/p>\n<p style=\"text-align: justify;\">W ramach Tygodnia Bibliotek, rozpocz\u0119li\u015bmy przy Bibliotece w Bojanie cykl warsztat\u00f3w dotycz\u0105cych Porozumienia bez Przemocy, prowadzonych przez Barbar\u0119 Piaseck\u0105. Podczas pierwszego spotkania mieli\u015bmy okazj\u0119 zapozna\u0107 si\u0119 z podstawowymi za\u0142o\u017ceniami komunikacji empatycznej.&nbsp; Jak m\u00f3wi\u0107 aby by\u0107 s\u0142yszanym i jak s\u0142ucha\u0107 by by\u0107 w kontakcie z drugim cz\u0142owiekiem? Jak patrze\u0107 bez ocen i w jaki spos\u00f3b szuka\u0107 sposob\u00f3w na zaspokojenie potrzeb, kt\u00f3re s\u0105 wsp\u00f3lne dla nas wszystkich? Dzi\u0119ki szkoleniu uczestnicy warsztat\u00f3w b\u0119d\u0105 mogli, dzi\u0119ki konkretnym \u0107wiczeniom, nauczy\u0107 si\u0119 technik radzenia sobie w sytuacjach konfliktu jak i metod rozpoznawania i dbania o&nbsp;w\u0142asne potrzeby.<\/p>\n<p style=\"text-align: justify;\">Serdecznie dzi\u0119kujemy za udzia\u0142 we wszystkich spotkaniach i konkursach. Ju\u017c wyczekujemy kolejnego Tygodnia Bibliotek w przysz\u0142ym roku. Zapraszamy tak\u017ce do korzystania z oferty naszych bibliotek, zar\u00f3wno ksi\u0105\u017ckowej, jak i kulturalnej.<\/p>\n<p style=\"text-align: justify;\">&nbsp;<\/p>\n<p style=\"text-align: right;\">&nbsp;&nbsp;&nbsp;&nbsp;&nbsp;&nbsp;&nbsp;&nbsp;&nbsp;&nbsp;&nbsp;&nbsp;&nbsp;&nbsp;&nbsp;&nbsp;&nbsp;&nbsp;&nbsp;&nbsp;&nbsp;&nbsp;&nbsp;&nbsp;&nbsp;&nbsp;&nbsp;&nbsp;&nbsp;&nbsp;&nbsp;&nbsp;&nbsp;&nbsp;&nbsp;&nbsp;&nbsp;&nbsp;&nbsp;&nbsp;&nbsp;&nbsp;&nbsp;&nbsp;&nbsp;&nbsp;&nbsp;&nbsp;&nbsp;&nbsp;&nbsp;&nbsp;&nbsp;&nbsp;&nbsp;&nbsp;&nbsp;&nbsp;&nbsp;&nbsp;&nbsp;&nbsp;&nbsp;&nbsp;&nbsp;&nbsp;&nbsp;&nbsp;&nbsp;&nbsp;&nbsp;&nbsp;&nbsp;&nbsp;&nbsp;&nbsp;&nbsp;&nbsp;&nbsp;&nbsp;&nbsp;&nbsp;&nbsp;&nbsp;&nbsp;&nbsp;&nbsp;&nbsp;&nbsp;&nbsp;&nbsp;&nbsp;&nbsp;&nbsp;&nbsp;&nbsp;&nbsp;&nbsp;&nbsp;&nbsp;&nbsp;&nbsp;&nbsp;&nbsp;&nbsp;&nbsp;&nbsp;&nbsp;&nbsp;&nbsp;&nbsp;&nbsp;&nbsp;&nbsp;&nbsp;&nbsp;&nbsp; <em>&nbsp;&nbsp;&nbsp;&nbsp;&nbsp;&nbsp;&nbsp;&nbsp;&nbsp;&nbsp; Bibliotekarze<\/em><\/p>\n<p>&nbsp;<\/p>\n\n\n\n<h2 class=\"wp-block-heading\">Kielno<\/h2>\n\n\n\n[ngg src=&#8221;albums&#8221; ids=&#8221;91&#8243; display=&#8221;basic_compact_album&#8221;]\n\n\n\n<h2 class=\"wp-block-heading\">Szemud<\/h2>\n\n\n\n[ngg src=&#8221;albums&#8221; ids=&#8221;90&#8243; display=&#8221;basic_compact_album&#8221;]\n\n\n\n<h2 class=\"wp-block-heading\">\u0141ebno<\/h2>\n\n\n\n[ngg src=&#8221;albums&#8221; ids=&#8221;89&#8243; display=&#8221;basic_compact_album&#8221;]\n\n\n\n<h2 class=\"wp-block-heading\">Bojano<\/h2>\n\n\n\n[ngg src=&#8221;albums&#8221; ids=&#8221;88&#8243; display=&#8221;basic_compact_album&#8221;]\n","protected":false},"excerpt":{"rendered":"<div class=\"mh-excerpt\"><p>\u201eBiblioteka jest instytucj\u0105, kt\u00f3ra ca\u0142ym swoim istnieniem \u015bwiadczy o rozwoju kultury. Jest ona, bowiem skarbnic\u0105 pi\u015bmiennictwa, przez kt\u00f3re cz\u0142owiek wyra\u017ca sw\u00f3j zmys\u0142 tw\u00f3rczy.\u201d&nbsp;&nbsp;&nbsp;&nbsp;&nbsp;&nbsp;&nbsp;&nbsp;&nbsp;&nbsp; &nbsp;&nbsp;&nbsp;&nbsp;&nbsp;&nbsp; (Jan <a class=\"mh-excerpt-more\" href=\"https:\/\/biblioteka.szemud.pl\/index.php\/2022\/05\/20\/biblioteka-swiat-w-jednym-miejscu-xix-ogolnopolski-tydzien-bibliotek\/\" title=\"BIBLIOTEKA. \u015aWIAT W JEDNYM MIEJSCU.             XIX Og\u00f3lnopolski Tydzie\u0144 Bibliotek\">[&#8230;]<\/a><\/p>\n<\/div>","protected":false},"author":2,"featured_media":23124,"comment_status":"closed","ping_status":"closed","sticky":false,"template":"","format":"standard","meta":{"_price":"","_stock":"","_tribe_ticket_header":"","_tribe_default_ticket_provider":"","_tribe_ticket_capacity":"0","_ticket_start_date":"","_ticket_end_date":"","_tribe_ticket_show_description":"","_tribe_ticket_show_not_going":false,"_tribe_ticket_use_global_stock":"","_tribe_ticket_global_stock_level":"","_global_stock_mode":"","_global_stock_cap":"","_tribe_rsvp_for_event":"","_tribe_ticket_going_count":"","_tribe_ticket_not_going_count":"","_tribe_tickets_list":"[]","_tribe_ticket_has_attendee_info_fields":false,"footnotes":""},"categories":[11],"tags":[],"class_list":["post-23122","post","type-post","status-publish","format-standard","has-post-thumbnail","hentry","category-inne"],"_links":{"self":[{"href":"https:\/\/biblioteka.szemud.pl\/index.php\/wp-json\/wp\/v2\/posts\/23122","targetHints":{"allow":["GET"]}}],"collection":[{"href":"https:\/\/biblioteka.szemud.pl\/index.php\/wp-json\/wp\/v2\/posts"}],"about":[{"href":"https:\/\/biblioteka.szemud.pl\/index.php\/wp-json\/wp\/v2\/types\/post"}],"author":[{"embeddable":true,"href":"https:\/\/biblioteka.szemud.pl\/index.php\/wp-json\/wp\/v2\/users\/2"}],"replies":[{"embeddable":true,"href":"https:\/\/biblioteka.szemud.pl\/index.php\/wp-json\/wp\/v2\/comments?post=23122"}],"version-history":[{"count":4,"href":"https:\/\/biblioteka.szemud.pl\/index.php\/wp-json\/wp\/v2\/posts\/23122\/revisions"}],"predecessor-version":[{"id":24516,"href":"https:\/\/biblioteka.szemud.pl\/index.php\/wp-json\/wp\/v2\/posts\/23122\/revisions\/24516"}],"wp:featuredmedia":[{"embeddable":true,"href":"https:\/\/biblioteka.szemud.pl\/index.php\/wp-json\/wp\/v2\/media\/23124"}],"wp:attachment":[{"href":"https:\/\/biblioteka.szemud.pl\/index.php\/wp-json\/wp\/v2\/media?parent=23122"}],"wp:term":[{"taxonomy":"category","embeddable":true,"href":"https:\/\/biblioteka.szemud.pl\/index.php\/wp-json\/wp\/v2\/categories?post=23122"},{"taxonomy":"post_tag","embeddable":true,"href":"https:\/\/biblioteka.szemud.pl\/index.php\/wp-json\/wp\/v2\/tags?post=23122"}],"curies":[{"name":"wp","href":"https:\/\/api.w.org\/{rel}","templated":true}]}}