{"id":17067,"date":"2021-10-25T09:20:33","date_gmt":"2021-10-25T07:20:33","guid":{"rendered":"https:\/\/biblioteka.szemud.pl\/?p=17067"},"modified":"2021-11-09T09:51:02","modified_gmt":"2021-11-09T08:51:02","slug":"w-kafejce-aktywnego-seniora","status":"publish","type":"post","link":"https:\/\/biblioteka.szemud.pl\/index.php\/2021\/10\/25\/w-kafejce-aktywnego-seniora\/","title":{"rendered":"W Kafejce Aktywnego Seniora"},"content":{"rendered":"\n<p style=\"text-align: justify;\"><strong>1 pa\u017adziernika obchodzimy Mi\u0119dzynarodowy Dzie\u0144 Os\u00f3b Starszych, 20 pa\u017adziernika obchodzimy Europejski Dzie\u0144 Seniora, a 14 listopada przypada \u015awiatowy Dzie\u0144 Seniora. <\/strong><\/p>\n<p style=\"text-align: justify;\">Dzie\u0144 Seniora, to wyj\u0105tkowy symbol pami\u0119ci i wdzi\u0119czno\u015bci kierowany do ludzi, kt\u00f3rzy urodzili si\u0119, pami\u0119taj\u0105 urok lat oraz dekad ubieg\u0142ego wieku, kt\u00f3rego celem jest integracja \u015brodowiska senioralnego oraz umocnienie wi\u0119zi mi\u0119dzypokoleniowych.<\/p>\n<p style=\"text-align: justify;\">Obchody \u015awiatowego Dnia Seniora to cykl r\u00f3\u017cnorodnych dzia\u0142a\u0144 maj\u0105cych na celu zwr\u00f3cenie uwagi na szeroko poj\u0119te zdrowie ludzi starszych, podniesienie jako\u015bci \u017cycia senior\u00f3w i&nbsp;zwr\u00f3cenie uwagi na problemy ich dotycz\u0105ce oraz podejmowania przy tej okazji pr\u00f3by wzmocnienia wi\u0119zi pokoleniowych, jak i integrowania \u015brodowiska senior\u00f3w. Dzie\u0144 Seniora to doskona\u0142y pow\u00f3d, aby pami\u0119ta\u0107 na co dzie\u0144 o ludziach starszych i ich rodzinach.<\/p>\n<p style=\"text-align: justify;\">Wychodz\u0105c naprzeciw tym dzia\u0142aniom, z inicjatywy W\u00f3jta Gminy Szemud przy wsp\u00f3\u0142pracy jednostek organizacyjnych gminy powsta\u0142a akcja GMINA SZEMUD DLA SENIORA- pod pi\u0119kn\u0105 nazw\u0105 <em>W Kafejce Aktywnego Seniora.<\/em> Zastanawiali\u015bmy si\u0119 jak aktywizowa\u0107 senior\u00f3w w naszej gminie, przed pandemi\u0105 przy bibliotekach publicznych odbywa\u0142y si\u0119 r\u00f3\u017cnego rodzaju akcje, projekty kierowane do os\u00f3b starszych. By\u0142y kursy komputerowe, kursy finansowe, kursy j\u0119zykowe oraz r\u00f3\u017cnorodne spotkania, warsztaty, koncerty itp. Wszyscy pami\u0119tamy du\u017ce obchody Dnia Seniora Gminy Szemud, kt\u00f3re mia\u0142y miejsce na hali sportowej w Bojanie. Ale te\u017c dbaj\u0105c o zdrowie naszych senior\u00f3w, wiemy, \u017ce bynajmniej na razie nie mo\u017cemy sobie pozwoli\u0107 na tak du\u017ce zgromadzenie.<\/p>\n<p style=\"text-align: justify;\">Dlatego te\u017c postanowili\u015bmy zorganizowa\u0107 takie Kafejki w mniejszym gronie w&nbsp;4&nbsp;miejscowo\u015bciach naszej gminy przy bibliotekach publicznych w \u0141ebnie, Szemudzie, Kielnie oraz Bojanie. Od 11 do 15 pa\u017adziernika seniorzy przybywali na spotkania z rado\u015bci\u0105 i&nbsp;entuzjazmem. Bardzo nas cieszy\u0142 fakt, \u017ce chc\u0105 by\u0107 aktywni. Zawsze mi\u0142o si\u0119 spotka\u0107 przy kawie i ciastku, porozmawia\u0107 o tym co mamy do zaoferowania, ale te\u017c pos\u0142ucha\u0107, czego od nas si\u0119 oczekuje. Na ka\u017cdym spotkaniu by\u0142 obecny Pan W\u00f3jt Ryszard Kalkowski, kt\u00f3ry zach\u0119ca\u0142 do aktywnego sp\u0119dzania czasu, do korzystania z naszych obiekt\u00f3w i z naszych propozycji. Oczywi\u015bcie seniorzy te\u017c mieli swoje pytania, na kt\u00f3re Pan W\u00f3jt ch\u0119tnie odpowiada\u0142, a i te\u017c pomimo swoich licznych obowi\u0105zk\u00f3w, wypi\u0142 z seniorami herbat\u0119 i&nbsp;porozmawia\u0142.<\/p>\n<p style=\"text-align: justify;\">Swoj\u0105 ofert\u0119 zaprezentowali przedstawiciele Gminnego Centrum Kultury, Sportu i Rekreacji w osobach Dyrektora Tomasza Steina oraz Pani Aleksandry Perz. By\u0142a r\u00f3wnie\u017c Pani Ma\u0142gorzata Kaszubowska reprezentuj\u0105ca Akademi\u0119 Sztuk Tradycyjnych i Wsp\u00f3\u0142czesnych w Donimierzu. Zapraszali na swoje spotkania. W Akademii w Donimierzu, gdzie mie\u015bci si\u0119 profesjonalna pracownia ceramiczna chc\u0105 stworzy\u0107 tylko dla senior\u00f3w grup\u0119 warsztatow\u0105 \u201eDojrza\u0142a ceramika\u201d, a w nowo powsta\u0142ym Centrum Muzycznym w Kielnie tematyczne wieczorki muzyczne z humorem.<\/p>\n<p style=\"text-align: justify;\">Na spotkaniach nie mog\u0142o zabrakn\u0105\u0107 Pani Justyny Bieszk kierownika Gminnego O\u015brodka Pomocy Spo\u0142ecznej, kt\u00f3ra przedstawi\u0142a swoj\u0105 propozycj\u0119, ale r\u00f3wnie\u017c seniorzy ju\u017c konkretnie si\u0119 okre\u015blili, \u017ce bardzo by chcieli spotkania z psychologiem np. wspomagaj\u0105ce pami\u0119\u0107. Pani Justyna obieca\u0142a, \u017ce zajmie si\u0119 tym tematem.<\/p>\n<p style=\"text-align: justify;\">Spotkania te u\u015bwietni\u0142a nam pi\u0119knym \u015bpiewem p. Karina Treder, kt\u00f3ra promowa\u0142a swoj\u0105 niedawno wydan\u0105 p\u0142yt\u0119, ale r\u00f3wnie\u017c zaprasza\u0142a na warsztaty malarskie prowadzone na hali sportowej w Szemudzie. By\u0142a te\u017c z nami p. Ewa Lewandowska, kt\u00f3ra jako aktywny senior, opowiedzia\u0142a, jak to w\u0142a\u015bnie na emeryturze odkry\u0142a swoje talenty. Maluje obrazy, pisze wiersze. Ju\u017c wyda\u0142a jeden tomik poezji i ma przygotowany materia\u0142 na kolejny. Czyta\u0142a nam swoja poezj\u0119, kt\u00f3ra pi\u0119knie przedstawia\u0142a nasze codzienny \u017cycie, nasze troski, ale te\u017c wa\u017cne sprawy, na kt\u00f3re nale\u017cy zwr\u00f3ci\u0107 uwag\u0119. Zach\u0119ca\u0142a wszystkich senior\u00f3w do odkrycia tego co w&nbsp;ka\u017cdym z nas drzemie, \u017ce ka\u017cdy ma ukryte talenty tylko trzeba spr\u00f3bowa\u0107 je odkry\u0107.<\/p>\n<p style=\"text-align: justify;\">Jako Dyrektor Biblioteki tak\u017ce przedstawi\u0142am swoja ofert\u0119 r\u00f3\u017cnych inicjatyw. Wiadomo, \u017ce przy bibliotece od lat dzia\u0142a Stowarzyszenie Lesok zrzeszaj\u0105ce w\u0142a\u015bnie osoby starsze. Du\u017co ju\u017c by\u0142o, ale wierz\u0119, \u017ce jeszcze du\u017co przed nami i ciesz\u0119 si\u0119 na dzia\u0142ania na skal\u0119 ca\u0142ej gminy.<\/p>\n<p style=\"text-align: justify;\">Spotkania te pokaza\u0142y nam, \u017ce nasi seniorzy s\u0105 bardzo aktywni, np. w Bibliotece w Kielnie p. J\u00f3zef przedstawi\u0142 nam przygotowan\u0105 przez siebie prezentacj\u0119, gdzie pokazuje swoje zaanga\u017cowanie w \u017cycie spo\u0142eczne na rzecz swojego ma\u0142ego \u015brodowiska, w kt\u00f3rym mieszka. Jak nie wiele potrzeba aby zadba\u0107 o to co nas otacza i aby by\u0142o wszystkim mi\u0142o i czysto. Pan J\u00f3zef zaprojektowa\u0142 graficznie herb Kielna oraz flag\u0119, a tak\u017ce witacz przy rondzie w Kielnie. Wszystkim bardzo spodoba\u0142y si\u0119 te projekty, gromkimi brawami nagrodzili\u015bmy wypowied\u017a jak\u017ce aktywnego seniora.<\/p>\n<p style=\"text-align: justify;\">Nale\u017cy te\u017c wspomnie\u0107 o wspania\u0142ym darze dla biblioteki od Pa\u0144stwa Cylkowskich, kt\u00f3rzy postanowili w\u0142a\u015bnie bibliotece przekaza\u0107 \u015bpiewniki z XIXw. ok 1880r. Bardzo dzi\u0119kujemy, zadbamy o to, aby je wyeksponowa\u0107 w naszej bibliotece.<\/p>\n<p style=\"text-align: justify;\">Dzi\u0119kuj\u0119 wszystkim osobom za pomoc, za zaanga\u017cowanie w ten projekt, szczeg\u00f3lnie Panu W\u00f3jtowi za zainicjowanie tej akcji, Pani Aleksandrze Perz, Pani Justynie Bieszk, Panu Tomaszowi Stein, Pani Ma\u0142gorzacie Kaszubowskiej. Naszym wspania\u0142ym artystkom Pani Karinie Treder oraz Pani Ewie Lewandowskiej za u\u015bwietnienie tych spotka\u0144. Dzi\u0119kuj\u0119 r\u00f3wnie\u017c naszej TV Szemud Panu Jaros\u0142awowi Gawry\u015b \u201eTimurowi\u201d, czekamy na relacj\u0119 z naszych spotka\u0144.<\/p>\n<p style=\"text-align: justify;\">Przede wszystkim dzi\u0119kuj\u0119 naszym kochanym seniorom, \u017ce przyj\u0119li nasze zaproszenie i do zobaczenia na kolejnych spotkaniach, o kt\u00f3rych was b\u0119dziemy informowa\u0107.&nbsp; &nbsp; &nbsp; &nbsp; &nbsp; &nbsp; &nbsp; &nbsp; &nbsp; &nbsp; &nbsp; &nbsp; &nbsp; &nbsp; &nbsp; &nbsp; &nbsp; &nbsp; &nbsp; &nbsp; &nbsp; &nbsp; &nbsp; &nbsp; &nbsp; &nbsp; &nbsp; &nbsp; &nbsp; &nbsp; &nbsp; &nbsp; &nbsp; &nbsp; &nbsp; &nbsp; &nbsp; &nbsp; &nbsp; &nbsp; &nbsp; &nbsp; &nbsp; &nbsp; &nbsp; &nbsp; &nbsp; &nbsp; &nbsp; &nbsp; &nbsp; &nbsp; &nbsp; &nbsp; &nbsp; &nbsp; &nbsp; &nbsp; &nbsp; &nbsp; &nbsp; &nbsp; &nbsp; &nbsp;<\/p>\n<p style=\"text-align: right;\"><em>I.Piastowska <\/em><\/p>\n[ngg src=&#8221;galleries&#8221; ids=&#8221;585&#8243; display=&#8221;basic_thumbnail&#8221; thumbnail_crop=&#8221;0&#8243;]\n[ngg src=&#8221;albums&#8221; ids=&#8221;68&#8243; display=&#8221;basic_compact_album&#8221;]\n[ngg src=&#8221;galleries&#8221; ids=&#8221;594&#8243; display=&#8221;basic_thumbnail&#8221; thumbnail_crop=&#8221;0&#8243;]\n","protected":false},"excerpt":{"rendered":"<div class=\"mh-excerpt\"><p>1 pa\u017adziernika obchodzimy Mi\u0119dzynarodowy Dzie\u0144 Os\u00f3b Starszych, 20 pa\u017adziernika obchodzimy Europejski Dzie\u0144 Seniora, a 14 listopada przypada \u015awiatowy Dzie\u0144 Seniora. Dzie\u0144 Seniora, to wyj\u0105tkowy symbol <a class=\"mh-excerpt-more\" href=\"https:\/\/biblioteka.szemud.pl\/index.php\/2021\/10\/25\/w-kafejce-aktywnego-seniora\/\" title=\"W Kafejce Aktywnego Seniora\">[&#8230;]<\/a><\/p>\n<\/div>","protected":false},"author":2,"featured_media":17068,"comment_status":"closed","ping_status":"closed","sticky":false,"template":"","format":"standard","meta":{"_price":"","_stock":"","_tribe_ticket_header":"","_tribe_default_ticket_provider":"","_tribe_ticket_capacity":"0","_ticket_start_date":"","_ticket_end_date":"","_tribe_ticket_show_description":"","_tribe_ticket_show_not_going":false,"_tribe_ticket_use_global_stock":"","_tribe_ticket_global_stock_level":"","_global_stock_mode":"","_global_stock_cap":"","_tribe_rsvp_for_event":"","_tribe_ticket_going_count":"","_tribe_ticket_not_going_count":"","_tribe_tickets_list":"[]","_tribe_ticket_has_attendee_info_fields":false,"footnotes":""},"categories":[11],"tags":[],"class_list":["post-17067","post","type-post","status-publish","format-standard","has-post-thumbnail","hentry","category-inne"],"_links":{"self":[{"href":"https:\/\/biblioteka.szemud.pl\/index.php\/wp-json\/wp\/v2\/posts\/17067","targetHints":{"allow":["GET"]}}],"collection":[{"href":"https:\/\/biblioteka.szemud.pl\/index.php\/wp-json\/wp\/v2\/posts"}],"about":[{"href":"https:\/\/biblioteka.szemud.pl\/index.php\/wp-json\/wp\/v2\/types\/post"}],"author":[{"embeddable":true,"href":"https:\/\/biblioteka.szemud.pl\/index.php\/wp-json\/wp\/v2\/users\/2"}],"replies":[{"embeddable":true,"href":"https:\/\/biblioteka.szemud.pl\/index.php\/wp-json\/wp\/v2\/comments?post=17067"}],"version-history":[{"count":1,"href":"https:\/\/biblioteka.szemud.pl\/index.php\/wp-json\/wp\/v2\/posts\/17067\/revisions"}],"predecessor-version":[{"id":17069,"href":"https:\/\/biblioteka.szemud.pl\/index.php\/wp-json\/wp\/v2\/posts\/17067\/revisions\/17069"}],"wp:featuredmedia":[{"embeddable":true,"href":"https:\/\/biblioteka.szemud.pl\/index.php\/wp-json\/wp\/v2\/media\/17068"}],"wp:attachment":[{"href":"https:\/\/biblioteka.szemud.pl\/index.php\/wp-json\/wp\/v2\/media?parent=17067"}],"wp:term":[{"taxonomy":"category","embeddable":true,"href":"https:\/\/biblioteka.szemud.pl\/index.php\/wp-json\/wp\/v2\/categories?post=17067"},{"taxonomy":"post_tag","embeddable":true,"href":"https:\/\/biblioteka.szemud.pl\/index.php\/wp-json\/wp\/v2\/tags?post=17067"}],"curies":[{"name":"wp","href":"https:\/\/api.w.org\/{rel}","templated":true}]}}