{"id":1301,"date":"2017-03-15T12:13:55","date_gmt":"2017-03-15T11:13:55","guid":{"rendered":"http:\/\/biblioteka.szemud.pl\/?p=1301"},"modified":"2017-04-13T12:41:02","modified_gmt":"2017-04-13T10:41:02","slug":"xxxiv-gminny-konkurs-recytatorski-poezji-polskiej","status":"publish","type":"post","link":"https:\/\/biblioteka.szemud.pl\/index.php\/2017\/03\/15\/xxxiv-gminny-konkurs-recytatorski-poezji-polskiej\/","title":{"rendered":"XXXIV Gminny Konkurs Recytatorski Poezji Polskiej"},"content":{"rendered":"<p style=\"text-align: justify;\"><strong>\u201ePoezja jest \u015bwiatem prze\u017cy\u0107 i refleksji. <\/strong><\/p>\n<p style=\"text-align: justify;\"><strong>Jest po trochu jak m\u00f3wienie ludzkim j\u0119zykiem <\/strong><\/p>\n<p style=\"text-align: justify;\"><strong>w dobie maszyn i komputer\u00f3w. <\/strong><\/p>\n<p style=\"text-align: justify;\"><strong>Nie mo\u017ce jednak by\u0107 zbyt m\u0105dra, <\/strong><\/p>\n<p style=\"text-align: justify;\"><strong>bo nikt jej nie zrozumie.\u201d<\/strong><\/p>\n<p style=\"text-align: justify;\">&nbsp;&nbsp;&nbsp;&nbsp;&nbsp;&nbsp;&nbsp;&nbsp;&nbsp;&nbsp;&nbsp; (\u0179r\u00f3d\u0142o: <em>U\u015bmiech Boga<\/em>, <strong><em>wywiad z ksi\u0119dzem Janem Twardowskim<\/em><\/strong> przeprowadzony przez Katarzyn\u0119 Niciej\u0119 w \u201eDzienniku Zachodnim\u201d nr 127, 2001, s. 9 )<\/p>\n<p style=\"text-align: justify;\">&nbsp;<\/p>\n<p style=\"text-align: justify;\">&nbsp;&nbsp;&nbsp;&nbsp;&nbsp;&nbsp; Dnia 14.03.2017r do Biblioteki Publicznej Gminy Szemud zostali zaproszeni uczniowie ze szk\u00f3\u0142 podstawowych jak i gimnazjalnych naszej gminy by zaprezentowa\u0107 swoje umiej\u0119tno\u015bci w recytowaniu poezji polskiej.<\/p>\n<p style=\"text-align: justify;\">Organizatorami tego&nbsp; konkursu&nbsp; od trzydziestu ju\u017c lat jest&nbsp; Biblioteka Publiczna Gminy Szemud wraz z Urz\u0119dem Gminy w Szemudzie.<\/p>\n<p style=\"text-align: justify;\"><strong>Celem tego &nbsp;konkursu jest&nbsp; przede wszystkim:<\/strong><\/p>\n<ul style=\"text-align: justify;\">\n<li>Popularyzacja polskiej literatury pi\u0119knej.<\/li>\n<li>Kszta\u0142towanie wra\u017cliwo\u015bci na pi\u0119kno j\u0119zyka ojczystego.<\/li>\n<li>Stwarzanie okazji do pracy nad kultur\u0105 mowy oraz sztuk\u0105 interpretacji.<\/li>\n<li>Promocja osi\u0105gni\u0119\u0107 uczni\u00f3w oraz ich opiekun\u00f3w.<\/li>\n<li>Stwarzanie okazji do czynnego uczestnictwa w kulturze.<\/li>\n<\/ul>\n<p style=\"text-align: justify;\">&nbsp;<\/p>\n<p style=\"text-align: justify;\">Uczestnicy zg\u0142osili &nbsp;sw\u00f3j udzia\u0142 do jednego z dw\u00f3ch samodzielnych turniej\u00f3w: Recytatorskiego i&nbsp; Poezji \u015apiewanej.<\/p>\n<p style=\"text-align: justify;\"><strong>Komisja w&nbsp; sk\u0142adzie:&nbsp; <\/strong><\/p>\n<ol style=\"text-align: justify;\">\n<li>Barbara Siemek \u2013Paw\u0142owska &#8211; kierownik Referatu O\u015bwiaty, Kultury i Zdrowia (przewodnicz\u0105ca komisji)<\/li>\n<li>Iwona Zaj\u0105c<\/li>\n<li>El\u017cbieta Nichnerowicz<\/li>\n<\/ol>\n<p style=\"text-align: justify;\">ocenia\u0142a dob\u00f3r&nbsp; repertuaru, kultury s\u0142owa, interpretacji i og\u00f3lnego wyrazu artystycznego.<\/p>\n<p style=\"text-align: justify;\"><strong>&nbsp;<\/strong><\/p>\n<p style=\"text-align: justify;\">&nbsp;<strong>A oto wyniki :<\/strong><\/p>\n<p style=\"text-align: justify;\"><strong>&nbsp;<\/strong><\/p>\n<p style=\"text-align: justify;\"><strong>W kategorii klas I \u2013 III<\/strong> zg\u0142oszono 16 uczestnik\u00f3w<\/p>\n<p style=\"text-align: justify;\"><strong>1&nbsp; miejsce<\/strong>&nbsp;&nbsp;&nbsp;&nbsp;&nbsp;&nbsp;&nbsp;&nbsp;&nbsp;&nbsp;&nbsp;&nbsp;&nbsp;&nbsp;&nbsp;&nbsp;&nbsp;&nbsp; &#8211; Maja Drzymalska&nbsp;&nbsp;&nbsp;&nbsp;&nbsp;&nbsp;&nbsp;&nbsp;&nbsp;&nbsp;&nbsp;&nbsp;&nbsp;&nbsp;&nbsp;&nbsp; SP Kielno<\/p>\n<p style=\"text-align: justify;\"><strong>2 miejsce<\/strong>&nbsp;&nbsp;&nbsp;&nbsp;&nbsp;&nbsp;&nbsp;&nbsp;&nbsp;&nbsp;&nbsp;&nbsp;&nbsp;&nbsp;&nbsp;&nbsp;&nbsp;&nbsp;&nbsp; &#8211; Zofia Blaszkowska&nbsp; &nbsp;&nbsp;&nbsp;&nbsp;&nbsp;&nbsp;&nbsp;&nbsp;&nbsp;&nbsp;&nbsp; SP Bojano<\/p>\n<p style=\"text-align: justify;\"><strong>3 miejsce<\/strong>&nbsp;&nbsp;&nbsp;&nbsp;&nbsp;&nbsp;&nbsp;&nbsp;&nbsp;&nbsp;&nbsp;&nbsp;&nbsp;&nbsp;&nbsp;&nbsp;&nbsp;&nbsp;&nbsp; &#8211; Bartosz Starnawski &nbsp;&nbsp;&nbsp;&nbsp;&nbsp;&nbsp;&nbsp;&nbsp;&nbsp;&nbsp;&nbsp;&nbsp; SP Bojano<\/p>\n<p style=\"text-align: justify;\">Wyr\u00f3\u017cnienia otrzymali :<\/p>\n<p style=\"text-align: justify;\">Zuzanna Jaszczak SP Szemud, Dorota Dunst SP Szemud i Nikodem Bladowski SP \u0141ebno<\/p>\n<p style=\"text-align: justify;\">&nbsp;<\/p>\n<p style=\"text-align: justify;\"><strong>W kategorii klas IV \u2013 VI <\/strong>&#8211; 14 uczni\u00f3w<\/p>\n<p style=\"text-align: justify;\"><strong>1 miejsce&nbsp;&nbsp;&nbsp;&nbsp;&nbsp;&nbsp;&nbsp;&nbsp;&nbsp;&nbsp;&nbsp;&nbsp;&nbsp;&nbsp;&nbsp;&nbsp;&nbsp;&nbsp;&nbsp; &#8211; <\/strong>Julia Dunst&nbsp;&nbsp;&nbsp;&nbsp;&nbsp;&nbsp;&nbsp;&nbsp;&nbsp;&nbsp;&nbsp;&nbsp;&nbsp;&nbsp;&nbsp;&nbsp;&nbsp;&nbsp;&nbsp;&nbsp;&nbsp;&nbsp;&nbsp;&nbsp;&nbsp;&nbsp; SP Szemud<\/p>\n<p style=\"text-align: justify;\"><strong>2 miejsce<\/strong>&nbsp;&nbsp;&nbsp;&nbsp;&nbsp;&nbsp;&nbsp;&nbsp;&nbsp;&nbsp;&nbsp;&nbsp;&nbsp;&nbsp;&nbsp;&nbsp;&nbsp;&nbsp;&nbsp; &#8211; Nikodem Rospondek&nbsp;&nbsp;&nbsp;&nbsp;&nbsp;&nbsp;&nbsp;&nbsp;&nbsp;&nbsp; SP Bojano<\/p>\n<p style=\"text-align: justify;\"><strong>3 miejsce<\/strong>&nbsp;&nbsp;&nbsp;&nbsp;&nbsp;&nbsp;&nbsp;&nbsp;&nbsp;&nbsp;&nbsp;&nbsp;&nbsp;&nbsp;&nbsp;&nbsp;&nbsp;&nbsp;&nbsp; &#8211; Oliwia Kwidzi\u0144ska&nbsp;&nbsp;&nbsp;&nbsp;&nbsp;&nbsp;&nbsp;&nbsp;&nbsp;&nbsp;&nbsp;&nbsp;&nbsp; SP Szemud<\/p>\n<p style=\"text-align: justify;\">Wyr\u00f3\u017cnienia otrzymali :<\/p>\n<p style=\"text-align: justify;\">Ola Ma\u0144ka SP Bojano, Agata Chmiel SP Koleczkowo i Pawe\u0142 Rychert SP \u0141ebie\u0144ska Huta<\/p>\n<p style=\"text-align: justify;\">&nbsp;<\/p>\n<p style=\"text-align: justify;\"><strong>W kategorii klas I \u2013 III Gimnazjum <\/strong>&#8211; 8&nbsp; uczestnik\u00f3w<\/p>\n<p style=\"text-align: justify;\"><strong>1 miejsce&nbsp;&nbsp;&nbsp;&nbsp;&nbsp;&nbsp;&nbsp;&nbsp;&nbsp;&nbsp;&nbsp;&nbsp;&nbsp;&nbsp;&nbsp;&nbsp;&nbsp;&nbsp;&nbsp; &#8211; <\/strong>Katarzyna Socha&nbsp;&nbsp;&nbsp;&nbsp;&nbsp;&nbsp;&nbsp;&nbsp;&nbsp;&nbsp;&nbsp;&nbsp;&nbsp;&nbsp;&nbsp;&nbsp;&nbsp; Gim. Dobrzewino-Karczemki<\/p>\n<p style=\"text-align: justify;\"><strong>2 miejsce<\/strong>&nbsp;&nbsp;&nbsp;&nbsp;&nbsp;&nbsp;&nbsp;&nbsp;&nbsp;&nbsp;&nbsp;&nbsp;&nbsp;&nbsp;&nbsp;&nbsp;&nbsp;&nbsp;&nbsp; &#8211; Kacper Damaszke&nbsp;&nbsp;&nbsp;&nbsp;&nbsp;&nbsp;&nbsp;&nbsp;&nbsp;&nbsp;&nbsp;&nbsp;&nbsp;&nbsp;&nbsp; Gim. Kielno<\/p>\n<p style=\"text-align: justify;\"><strong>3 miejsce<\/strong>&nbsp;&nbsp;&nbsp;&nbsp;&nbsp;&nbsp;&nbsp;&nbsp;&nbsp;&nbsp;&nbsp;&nbsp;&nbsp;&nbsp;&nbsp;&nbsp;&nbsp;&nbsp;&nbsp; &#8211; Karolina Formella&nbsp;&nbsp;&nbsp;&nbsp;&nbsp;&nbsp;&nbsp;&nbsp;&nbsp;&nbsp;&nbsp;&nbsp;&nbsp;&nbsp;&nbsp; Gim. Kielno<\/p>\n<p style=\"text-align: justify;\">Wyr\u00f3\u017cnienia otrzymali :<\/p>\n<p style=\"text-align: justify;\">Karolina Okr\u00f3j Gim. Szemud i Anna Pietrzykowska Gim. Szemud<\/p>\n<p style=\"text-align: justify;\">&nbsp;<\/p>\n<p style=\"text-align: justify;\"><strong>W kategorii \u2013 Poezja \u015apiewana<\/strong><\/p>\n<p style=\"text-align: justify;\"><strong>1 miejsce<\/strong>&nbsp;&nbsp;&nbsp;&nbsp;&nbsp;&nbsp;&nbsp;&nbsp;&nbsp;&nbsp;&nbsp;&nbsp;&nbsp;&nbsp;&nbsp;&nbsp;&nbsp;&nbsp;&nbsp; &#8211; Malwina P\u0142ocka&nbsp;&nbsp;&nbsp;&nbsp;&nbsp;&nbsp;&nbsp;&nbsp;&nbsp;&nbsp;&nbsp;&nbsp;&nbsp;&nbsp;&nbsp;&nbsp;&nbsp;&nbsp; SP Koleczkowo<\/p>\n<p style=\"text-align: justify;\">&nbsp;<\/p>\n<p style=\"text-align: justify;\">Uczestnicy, kt\u00f3rzy zostali ocenieni na pierwszym i drugim miejscu b\u0119d\u0105 reprezentowa\u0107 nasz\u0105 Gmin\u0119 w powiecie dnia 31 marca 2017r.Wierzymy w wasze mo\u017cliwo\u015bci i trzymamy kciuki za powodzenie.<\/p>\n<p style=\"text-align: justify;\">Wszystkim uczestnikom zmaga\u0144 gminnych dzi\u0119kujemy za udzia\u0142 i wspania\u0142\u0105 prezentacj\u0119 utwor\u00f3w. Wymaga\u0142o to zar\u00f3wno od uczni\u00f3w jak i opiekun\u00f3w du\u017cego wk\u0142adu pracy i&nbsp;zaanga\u017cowania.&nbsp; &nbsp;&nbsp;<\/p>\n<p style=\"text-align: justify;\">Dzi\u0119kujemy r\u00f3wnie\u017c Piekarni Malinowski z Szemuda za przekazanie jak co roku dla naszych uczestnik\u00f3w pysznych dro\u017cd\u017c\u00f3wek.<\/p>\n<p style=\"text-align: right;\"><em>E. Nichnerowicz<\/em><\/p>\n<p style=\"text-align: right;\">&nbsp;<\/p>\n<p>[ngg_images source=&#8221;galleries&#8221; container_ids=&#8221;29&#8243; display_type=&#8221;photocrati-nextgen_basic_thumbnails&#8221; override_thumbnail_settings=&#8221;0&#8243; thumbnail_width=&#8221;240&#8243; thumbnail_height=&#8221;160&#8243; thumbnail_crop=&#8221;1&#8243; images_per_page=&#8221;20&#8243; number_of_columns=&#8221;0&#8243; ajax_pagination=&#8221;0&#8243; show_all_in_lightbox=&#8221;0&#8243; use_imagebrowser_effect=&#8221;0&#8243; show_slideshow_link=&#8221;1&#8243; slideshow_link_text=&#8221;[Pokaz zdj\u0119\u0107]&#8221; order_by=&#8221;sortorder&#8221; order_direction=&#8221;ASC&#8221; returns=&#8221;included&#8221; maximum_entity_count=&#8221;500&#8243;]&nbsp;<\/p>\n<p>&nbsp;<\/p>\n<p><a href=\"https:\/\/drive.google.com\/drive\/folders\/0Bwwr4ouiW3bNUFlaTndHUzEwb1U\" target=\"_blank\">Zapraszamy do pe\u0142nej galerii<\/a><\/p>\n<p><a href=\"https:\/\/www.youtube.com\/watch?v=jMkm3h6YQT4\" target=\"_blank\">Relacja filmowa z konkursu<\/a><\/p>\n<p>&nbsp;<\/p>\n","protected":false},"excerpt":{"rendered":"<div class=\"mh-excerpt\"><p>\u201ePoezja jest \u015bwiatem prze\u017cy\u0107 i refleksji. Jest po trochu jak m\u00f3wienie ludzkim j\u0119zykiem w dobie maszyn i komputer\u00f3w. Nie mo\u017ce jednak by\u0107 zbyt m\u0105dra, bo <a class=\"mh-excerpt-more\" href=\"https:\/\/biblioteka.szemud.pl\/index.php\/2017\/03\/15\/xxxiv-gminny-konkurs-recytatorski-poezji-polskiej\/\" title=\"XXXIV Gminny Konkurs Recytatorski Poezji Polskiej\">[&#8230;]<\/a><\/p>\n<\/div>","protected":false},"author":2,"featured_media":1302,"comment_status":"closed","ping_status":"closed","sticky":false,"template":"","format":"standard","meta":{"_price":"","_stock":"","_tribe_ticket_header":"","_tribe_default_ticket_provider":"","_tribe_ticket_capacity":"0","_ticket_start_date":"","_ticket_end_date":"","_tribe_ticket_show_description":"","_tribe_ticket_show_not_going":false,"_tribe_ticket_use_global_stock":"","_tribe_ticket_global_stock_level":"","_global_stock_mode":"","_global_stock_cap":"","_tribe_rsvp_for_event":"","_tribe_ticket_going_count":"","_tribe_ticket_not_going_count":"","_tribe_tickets_list":"[]","_tribe_ticket_has_attendee_info_fields":false,"footnotes":""},"categories":[31],"tags":[],"class_list":["post-1301","post","type-post","status-publish","format-standard","has-post-thumbnail","hentry","category-konkurs"],"_links":{"self":[{"href":"https:\/\/biblioteka.szemud.pl\/index.php\/wp-json\/wp\/v2\/posts\/1301","targetHints":{"allow":["GET"]}}],"collection":[{"href":"https:\/\/biblioteka.szemud.pl\/index.php\/wp-json\/wp\/v2\/posts"}],"about":[{"href":"https:\/\/biblioteka.szemud.pl\/index.php\/wp-json\/wp\/v2\/types\/post"}],"author":[{"embeddable":true,"href":"https:\/\/biblioteka.szemud.pl\/index.php\/wp-json\/wp\/v2\/users\/2"}],"replies":[{"embeddable":true,"href":"https:\/\/biblioteka.szemud.pl\/index.php\/wp-json\/wp\/v2\/comments?post=1301"}],"version-history":[{"count":4,"href":"https:\/\/biblioteka.szemud.pl\/index.php\/wp-json\/wp\/v2\/posts\/1301\/revisions"}],"predecessor-version":[{"id":1375,"href":"https:\/\/biblioteka.szemud.pl\/index.php\/wp-json\/wp\/v2\/posts\/1301\/revisions\/1375"}],"wp:featuredmedia":[{"embeddable":true,"href":"https:\/\/biblioteka.szemud.pl\/index.php\/wp-json\/wp\/v2\/media\/1302"}],"wp:attachment":[{"href":"https:\/\/biblioteka.szemud.pl\/index.php\/wp-json\/wp\/v2\/media?parent=1301"}],"wp:term":[{"taxonomy":"category","embeddable":true,"href":"https:\/\/biblioteka.szemud.pl\/index.php\/wp-json\/wp\/v2\/categories?post=1301"},{"taxonomy":"post_tag","embeddable":true,"href":"https:\/\/biblioteka.szemud.pl\/index.php\/wp-json\/wp\/v2\/tags?post=1301"}],"curies":[{"name":"wp","href":"https:\/\/api.w.org\/{rel}","templated":true}]}}